{"id":3333,"date":"2025-08-26T11:52:19","date_gmt":"2025-08-26T11:52:19","guid":{"rendered":"https:\/\/friburgonoticias.com.br\/temp\/2025\/08\/26\/adultizacao-e-sexualizacao-precoce-de-criancas-e-adolescentes-e-tema-de-debate-na-camara-noticias\/"},"modified":"2025-08-26T11:52:19","modified_gmt":"2025-08-26T11:52:19","slug":"adultizacao-e-sexualizacao-precoce-de-criancas-e-adolescentes-e-tema-de-debate-na-camara-noticias","status":"publish","type":"post","link":"https:\/\/friburgonoticias.com.br\/temp\/2025\/08\/26\/adultizacao-e-sexualizacao-precoce-de-criancas-e-adolescentes-e-tema-de-debate-na-camara-noticias\/","title":{"rendered":"Adultiza\u00e7\u00e3o e sexualiza\u00e7\u00e3o precoce de crian\u00e7as e adolescentes \u00e9 tema de debate na C\u00e2mara &#8211; Not\u00edcias"},"content":{"rendered":"<p><\/p>\n<div>\n<div>\n<p class=\"g-artigo__data-hora\">\n                      26\/08\/2025 &#8211; 08:27 \u00a0\n                    <\/p>\n<p>        As comiss\u00f5es de Educa\u00e7\u00e3o, e de Previd\u00eancia, Assist\u00eancia Social, Inf\u00e2ncia, Adolesc\u00eancia e Fam\u00edlia da C\u00e2mara dos Deputados promovem, neta ter\u00e7a-feira (26), uma audi\u00eancia sobre adultiza\u00e7\u00e3o e sexualiza\u00e7\u00e3o precoce de crian\u00e7as e adolescentes nas redes sociais.<br \/>\n        O debate foi proposto pelos deputados Maur\u00edcio Carvalho (Uni\u00e3o-RO), Ruy Carneiro (Podemos-PB) e L\u00eddice da Mata (PSB-BA).<br \/>\n        A reuni\u00e3o ser\u00e1 realizada a partir das 15h30, no plen\u00e1rio 9.<\/p>\n<p>        <strong>Contexto<\/strong><br \/>O tema ganhou repercuss\u00e3o nacional ap\u00f3s a divulga\u00e7\u00e3o de um v\u00eddeo do youtuber Felca neste m\u00eas. Ele apontou casos de produtores de conte\u00fado que lucrariam com a sexualiza\u00e7\u00e3o de crian\u00e7as e adolescentes.<br \/>\n        Na esteira das den\u00fancias, a C\u00e2mara dos Deputados realizou um amplo <a href=\"https:\/\/www.camara.leg.br\/noticias\/1191005-especialistas-pedem-aprovacao-de-projeto-sobre-protecao-de-criancas-em-ambiente-digital\/\">debate com parlamentares e especialistas<\/a> e\u00a0<a href=\"https:\/\/www.camara.leg.br\/noticias\/1191188-camara-aprova-projeto-sobre-protecao-de-criancas-em-ambientes-digitais\/\">aprovou novas regras<\/a> para proteger crian\u00e7as e adolescentes durante o uso de aplicativos, jogos eletr\u00f4nicos, redes sociais e programas de computador.<br \/>\n        O presidente da C\u00e2mara dos Deputados, Hugo Motta (Republicanos-PB), tamb\u00e9m <a href=\"https:\/\/www.camara.leg.br\/noticias\/1191436-motta-cria-grupo-de-trabalho-para-debater-propostas-de-protecao-a-menores-na-internet\/\">criou um grupo de trabalho<\/a> para estudar e propor solu\u00e7\u00f5es legislativas visando \u00e0 prote\u00e7\u00e3o da inf\u00e2ncia em ambiente digital.<br \/>\n        \u00a0<br \/>\n        <iframe class=\"infografico-container\" style=\"width: 100%; height: 100%;\" src=\"https:\/\/www.camara.leg.br\/internet\/agencia\/infograficos-html5\/criancas-e-adolescentes-no-ambiente-digital-no-brasil\/index.html\" frameborder=\"0\" data-mce-fragment=\"1\"><\/iframe><br \/>\n        \u00a0<\/p>\n<p style=\"font-size: 0.8rem; font-weight: 700;\">Da Reda\u00e7\u00e3o &#8211; ND<\/p>\n<\/p><\/div>\n<\/p><\/div>\n<p><\/a><\/p>\n<p>Fonte: www.camara.leg.br<\/p>\n","protected":false},"excerpt":{"rendered":"<p>26\/08\/2025 &#8211; 08:27 \u00a0 As comiss\u00f5es de Educa\u00e7\u00e3o, e de Previd\u00eancia, Assist\u00eancia Social, Inf\u00e2ncia, Adolesc\u00eancia e Fam\u00edlia da C\u00e2mara dos Deputados promovem, neta ter\u00e7a-feira (26), uma audi\u00eancia sobre adultiza\u00e7\u00e3o e sexualiza\u00e7\u00e3o precoce de crian\u00e7as e adolescentes nas redes sociais. O debate foi proposto pelos deputados Maur\u00edcio Carvalho (Uni\u00e3o-RO), Ruy Carneiro (Podemos-PB) e L\u00eddice da Mata [&hellip;]<\/p>\n","protected":false},"author":3,"featured_media":3334,"comment_status":"open","ping_status":"open","sticky":false,"template":"","format":"standard","meta":{"advanced_seo_description":"","jetpack_seo_html_title":"","jetpack_seo_noindex":false,"fifu_image_url":"https:\/\/www.camara.leg.br\/midias\/image\/2025\/08\/gettyimages-1867516623-768x512.jpg","fifu_image_alt":"","_jetpack_memberships_contains_paid_content":false,"footnotes":"","jetpack_publicize_message":"","jetpack_publicize_feature_enabled":true,"jetpack_social_post_already_shared":true,"jetpack_social_options":{"image_generator_settings":{"template":"highway","default_image_id":0,"font":"","enabled":false},"version":2}},"categories":[106,1],"tags":[],"class_list":{"0":"post-3333","1":"post","2":"type-post","3":"status-publish","4":"format-standard","5":"has-post-thumbnail","7":"category-politica","8":"category-uncategorized"},"jetpack_publicize_connections":[],"jetpack_featured_media_url":"https:\/\/i0.wp.com\/www.camara.leg.br\/midias\/image\/2025\/08\/gettyimages-1867516623-768x512.jpg?fit=%2C&ssl=1","jetpack_sharing_enabled":true,"jetpack-related-posts":[],"_links":{"self":[{"href":"https:\/\/friburgonoticias.com.br\/temp\/wp-json\/wp\/v2\/posts\/3333","targetHints":{"allow":["GET"]}}],"collection":[{"href":"https:\/\/friburgonoticias.com.br\/temp\/wp-json\/wp\/v2\/posts"}],"about":[{"href":"https:\/\/friburgonoticias.com.br\/temp\/wp-json\/wp\/v2\/types\/post"}],"author":[{"embeddable":true,"href":"https:\/\/friburgonoticias.com.br\/temp\/wp-json\/wp\/v2\/users\/3"}],"replies":[{"embeddable":true,"href":"https:\/\/friburgonoticias.com.br\/temp\/wp-json\/wp\/v2\/comments?post=3333"}],"version-history":[{"count":0,"href":"https:\/\/friburgonoticias.com.br\/temp\/wp-json\/wp\/v2\/posts\/3333\/revisions"}],"wp:featuredmedia":[{"embeddable":true,"href":"https:\/\/friburgonoticias.com.br\/temp\/wp-json\/wp\/v2\/media\/3334"}],"wp:attachment":[{"href":"https:\/\/friburgonoticias.com.br\/temp\/wp-json\/wp\/v2\/media?parent=3333"}],"wp:term":[{"taxonomy":"category","embeddable":true,"href":"https:\/\/friburgonoticias.com.br\/temp\/wp-json\/wp\/v2\/categories?post=3333"},{"taxonomy":"post_tag","embeddable":true,"href":"https:\/\/friburgonoticias.com.br\/temp\/wp-json\/wp\/v2\/tags?post=3333"}],"curies":[{"name":"wp","href":"https:\/\/api.w.org\/{rel}","templated":true}]}}