{"id":3339,"date":"2025-08-26T14:42:16","date_gmt":"2025-08-26T14:42:16","guid":{"rendered":"https:\/\/friburgonoticias.com.br\/temp\/2025\/08\/26\/comissao-de-saude-aprova-servico-de-apoio-para-gestantes-em-situacao-de-vulnerabilidade-social-noticias\/"},"modified":"2025-08-26T14:42:16","modified_gmt":"2025-08-26T14:42:16","slug":"comissao-de-saude-aprova-servico-de-apoio-para-gestantes-em-situacao-de-vulnerabilidade-social-noticias","status":"publish","type":"post","link":"https:\/\/friburgonoticias.com.br\/temp\/2025\/08\/26\/comissao-de-saude-aprova-servico-de-apoio-para-gestantes-em-situacao-de-vulnerabilidade-social-noticias\/","title":{"rendered":"Comiss\u00e3o de Sa\u00fade aprova servi\u00e7o de apoio para gestantes em situa\u00e7\u00e3o de vulnerabilidade social &#8211; Not\u00edcias"},"content":{"rendered":"<p><\/p>\n<div>\n<div>\n<p class=\"g-artigo__data-hora\">\n                      26\/08\/2025 &#8211; 11:33 \u00a0\n                    <\/p>\n<div id=\"image-container-1192911\" class=\"image-container\" style=\"float: none; margin: 45px 0px; width: 100%;\" data-midia=\"1192911\">\n        <em>Marina Ramos \/ C\u00e2mara dos Deputados<\/em><\/p>\n<p>        Fl\u00e1via Morais: iniciativa \u00e9 fundamental para a promo\u00e7\u00e3o da cidadania\n        <\/p><\/div>\n<p>        A Comiss\u00e3o de Sa\u00fade da C\u00e2mara dos Deputados aprovou projeto de lei que cria\u00a0 servi\u00e7o para oferecer apoio, orienta\u00e7\u00e3o e acompanhamento multidisciplinar para gestantes em situa\u00e7\u00e3o de vulnerabilidade social.<br \/>\n        O Servi\u00e7o de Prote\u00e7\u00e3o e Atendimento \u00e0 Maternidade e \u00e0 Primeira Inf\u00e2ncia (Pampi) vai beneficiar, por exemplo, gr\u00e1vidas em situa\u00e7\u00e3o de rua.<br \/>\n        O atendimento ser\u00e1 feito em locais p\u00fablicos de sa\u00fade e assist\u00eancia social j\u00e1 existentes. Ser\u00e3o oferecidos \u00e0s mulheres encaminhamentos para:<br \/>&#8211; servi\u00e7os de pr\u00e9-natal;<br \/>&#8211; atendimento psicossocial;<br \/>&#8211; alojamento tempor\u00e1rio; e<br \/>&#8211; programas de promo\u00e7\u00e3o de autonomia financeira e garantia de direitos.<br \/>\n        Os parlamentares acolheram o <a href=\"https:\/\/www.camara.leg.br\/proposicoesWeb\/prop_mostrarintegra?codteor=2115439&amp;filename=Parecer-CMULHER-2019-12-03\">parecer da relatora<\/a>, deputada Fl\u00e1via Morais (PDT-GO), pela aprova\u00e7\u00e3o do <a href=\"https:\/\/www.camara.leg.br\/noticias\/552016-PROPOSTA-INSTITUI-SERVICO-PARA-GESTANTE-EM-SITUACAO-DE-VULNERABILIDADE-SOCIAL\">Projeto de Lei 147\/19<\/a>, do deputado Diego Garcia (Republicanos-PR), com a <a href=\"https:\/\/www.camara.leg.br\/proposicoesWeb\/prop_mostrarintegra?codteor=2115439&amp;filename=CVO+1+CMULHER+%3D%3E+PL+147\/2019\">mudan\u00e7a feita pela Comiss\u00e3o de Defesa dos Direitos da Mulher<\/a>.<br \/>\n        A <span id=\"4028\" class=\"termoGlossario\" title=\"Proposta para alterar, no todo ou em parte, o texto de um projeto de lei submetido \u00e0 discuss\u00e3o ou vota\u00e7\u00e3o.\" contenteditable=\"false\" data-toggle=\"tooltip\" data-placement=\"top\">emenda<\/span> aprovada garante a participa\u00e7\u00e3o da Comiss\u00e3o de Defesa dos Direitos da Mulher no grupo de trabalho que vai regulamentar o Pampi.<br \/>\n        <strong>Cidadania<\/strong><br \/>Fl\u00e1via Morais destacou a import\u00e2ncia do projeto de lei para a promo\u00e7\u00e3o da cidadania. &#8220;A iniciativa ser\u00e1 de valor inestim\u00e1vel para pessoas em insufici\u00eancia econ\u00f4mica, moradia prec\u00e1ria ou situa\u00e7\u00e3o de rua, uso de drogas ou falta de apoio familiar&#8221;, afirmou.<br \/>\n        <strong>Pr\u00f3ximos passos<\/strong><br \/>A proposta ainda ser\u00e1 analisada, em <span id=\"4322\" class=\"termoGlossario\" title=\"Rito de tramita\u00e7\u00e3o pelo qual o projeto \u00e9 votado apenas pelas comiss\u00f5es designadas para analis\u00e1-lo, dispensada a delibera\u00e7\u00e3o do Plen\u00e1rio. O projeto perde o car\u00e1ter conclusivo se houver decis\u00e3o divergente entre as comiss\u00f5es ou se, independentemente de ser aprovado ou rejeitado, houver recurso assinado por 52 deputados para a aprecia\u00e7\u00e3o da mat\u00e9ria no Plen\u00e1rio.\" contenteditable=\"false\" data-toggle=\"tooltip\" data-placement=\"top\">car\u00e1ter conclusivo<\/span>, pelas comiss\u00f5es de Previd\u00eancia, Assist\u00eancia Social, Inf\u00e2ncia, Adolesc\u00eancia e Fam\u00edlia; de Finan\u00e7as e Tributa\u00e7\u00e3o; e de Constitui\u00e7\u00e3o e Justi\u00e7a e de Cidadania.<br \/>\n        Para virar lei, precisa ser aprovada pela C\u00e2mara e pelo Senado.<\/p>\n<p style=\"font-size: 0.8rem; font-weight: 700;\">Reportagem \u2013 Tiago Miranda<br \/>Edi\u00e7\u00e3o \u2013 Marcelo Oliveira<\/p>\n<\/p><\/div>\n<\/p><\/div>\n<p><\/a><\/p>\n<p>Fonte: www.camara.leg.br<\/p>\n","protected":false},"excerpt":{"rendered":"<p>26\/08\/2025 &#8211; 11:33 \u00a0 Marina Ramos \/ C\u00e2mara dos Deputados Fl\u00e1via Morais: iniciativa \u00e9 fundamental para a promo\u00e7\u00e3o da cidadania A Comiss\u00e3o de Sa\u00fade da C\u00e2mara dos Deputados aprovou projeto de lei que cria\u00a0 servi\u00e7o para oferecer apoio, orienta\u00e7\u00e3o e acompanhamento multidisciplinar para gestantes em situa\u00e7\u00e3o de vulnerabilidade social. O Servi\u00e7o de Prote\u00e7\u00e3o e Atendimento [&hellip;]<\/p>\n","protected":false},"author":3,"featured_media":3340,"comment_status":"open","ping_status":"open","sticky":false,"template":"","format":"standard","meta":{"advanced_seo_description":"","jetpack_seo_html_title":"","jetpack_seo_noindex":false,"fifu_image_url":"https:\/\/www.camara.leg.br\/midias\/image\/2025\/08\/img20250819131723093-1-768x473.jpg","fifu_image_alt":"","_jetpack_memberships_contains_paid_content":false,"footnotes":"","jetpack_publicize_message":"","jetpack_publicize_feature_enabled":true,"jetpack_social_post_already_shared":true,"jetpack_social_options":{"image_generator_settings":{"template":"highway","default_image_id":0,"font":"","enabled":false},"version":2}},"categories":[106,1],"tags":[],"class_list":{"0":"post-3339","1":"post","2":"type-post","3":"status-publish","4":"format-standard","5":"has-post-thumbnail","7":"category-politica","8":"category-uncategorized"},"jetpack_publicize_connections":[],"jetpack_featured_media_url":"https:\/\/i0.wp.com\/www.camara.leg.br\/midias\/image\/2025\/08\/img20250819131723093-1-768x473.jpg?fit=%2C&ssl=1","jetpack_sharing_enabled":true,"jetpack-related-posts":[],"_links":{"self":[{"href":"https:\/\/friburgonoticias.com.br\/temp\/wp-json\/wp\/v2\/posts\/3339","targetHints":{"allow":["GET"]}}],"collection":[{"href":"https:\/\/friburgonoticias.com.br\/temp\/wp-json\/wp\/v2\/posts"}],"about":[{"href":"https:\/\/friburgonoticias.com.br\/temp\/wp-json\/wp\/v2\/types\/post"}],"author":[{"embeddable":true,"href":"https:\/\/friburgonoticias.com.br\/temp\/wp-json\/wp\/v2\/users\/3"}],"replies":[{"embeddable":true,"href":"https:\/\/friburgonoticias.com.br\/temp\/wp-json\/wp\/v2\/comments?post=3339"}],"version-history":[{"count":0,"href":"https:\/\/friburgonoticias.com.br\/temp\/wp-json\/wp\/v2\/posts\/3339\/revisions"}],"wp:featuredmedia":[{"embeddable":true,"href":"https:\/\/friburgonoticias.com.br\/temp\/wp-json\/wp\/v2\/media\/3340"}],"wp:attachment":[{"href":"https:\/\/friburgonoticias.com.br\/temp\/wp-json\/wp\/v2\/media?parent=3339"}],"wp:term":[{"taxonomy":"category","embeddable":true,"href":"https:\/\/friburgonoticias.com.br\/temp\/wp-json\/wp\/v2\/categories?post=3339"},{"taxonomy":"post_tag","embeddable":true,"href":"https:\/\/friburgonoticias.com.br\/temp\/wp-json\/wp\/v2\/tags?post=3339"}],"curies":[{"name":"wp","href":"https:\/\/api.w.org\/{rel}","templated":true}]}}