{"id":3348,"date":"2025-08-26T18:43:29","date_gmt":"2025-08-26T18:43:29","guid":{"rendered":"https:\/\/friburgonoticias.com.br\/temp\/2025\/08\/26\/comissao-aprova-proposta-com-diretrizes-para-ressocializar-trabalhadora-domestica-resgatada-noticias\/"},"modified":"2025-08-26T18:43:29","modified_gmt":"2025-08-26T18:43:29","slug":"comissao-aprova-proposta-com-diretrizes-para-ressocializar-trabalhadora-domestica-resgatada-noticias","status":"publish","type":"post","link":"https:\/\/friburgonoticias.com.br\/temp\/2025\/08\/26\/comissao-aprova-proposta-com-diretrizes-para-ressocializar-trabalhadora-domestica-resgatada-noticias\/","title":{"rendered":"Comiss\u00e3o aprova proposta com diretrizes para ressocializar trabalhadora dom\u00e9stica resgatada &#8211; Not\u00edcias"},"content":{"rendered":"<p><\/p>\n<div>\n<p class=\"g-artigo__data-hora\">\n                      26\/08\/2025 &#8211; 15:00 \u00a0\n                    <\/p>\n<div id=\"image-container-1192986\" class=\"image-container\" style=\"float: none; margin: 45px 0px; width: 100%;\" data-midia=\"1192986\">\n        <em>Kayo Magalh\u00e3es \/ C\u00e2mara dos Deputados<\/em><\/p>\n<p>        Benedita a Silva \u00e9 a relatora da proposta\n        <\/p><\/div>\n<p data-start=\"153\" data-end=\"537\">A Comiss\u00e3o de Defesa dos Direitos da Mulher da C\u00e2mara dos Deputados aprovou projeto de lei que define diretrizes para o atendimento e a ressocializa\u00e7\u00e3o de trabalhadoras dom\u00e9sticas resgatadas de situa\u00e7\u00f5es an\u00e1logas \u00e0 escravid\u00e3o ou ao tr\u00e1fico de pessoas.<\/p>\n<p data-start=\"539\" data-end=\"845\">Entre outros pontos, o texto prioriza a apura\u00e7\u00e3o das responsabilidades e define princ\u00edpios para orientar a\u00e7\u00f5es administrativas e judiciais, como a responsabiliza\u00e7\u00e3o integral dos ofensores, a interrup\u00e7\u00e3o imediata da viol\u00eancia e a reconex\u00e3o familiar.<\/p>\n<p data-start=\"539\" data-end=\"845\">O colegiado aprovou, por recomenda\u00e7\u00e3o da relatora, deputada Benedita da Silva (PT-RJ), o <a href=\"https:\/\/www.camara.leg.br\/noticias\/1161051-COMISSAO-APROVA-DIRETRIZES-PARA-RESSOCIALIZAR-TRABALHADORAS-DOMESTICAS-RESGATADAS\">substitutivo da Comiss\u00e3o de Defesa dos Direitos das Pessoas com Defici\u00eancia<\/a> ao <a href=\"https:\/\/www.camara.leg.br\/noticias\/1103043-projeto-estabelece-diretrizes-para-atendimento-de-trabalhadoras-domesticas-resgatadas\">Projeto de Lei 3351\/24<\/a>, da deputada Carla Ayres (SC), hoje na supl\u00eancia.<\/p>\n<p data-start=\"847\" data-end=\"1154\">Sobre a ressocializa\u00e7\u00e3o, o substitutivo prev\u00ea o respeito \u00e0 vontade das pessoas com defici\u00eancia, com os apoios necess\u00e1rios, e o acesso \u00e0 informa\u00e7\u00e3o sobre as situa\u00e7\u00f5es de viol\u00eancia e explora\u00e7\u00e3o vividas. Al\u00e9m disso, garante o direito de n\u00e3o retorno a condi\u00e7\u00f5es de escravid\u00e3o ou a qualquer forma de viol\u00eancia.<\/p>\n<p data-start=\"847\" data-end=\"1154\">Benedita da Silva afirmou que a proposta protege mulheres que, por sua vulnerabilidade, acabam submetidas a formas de explora\u00e7\u00e3o an\u00e1logas \u00e0 escravid\u00e3o. &#8220;A proposta est\u00e1 alinhada com compromissos nacionais e internacionais de enfrentamento ao trabalho escravo contempor\u00e2neo, assim como de promo\u00e7\u00e3o dos direitos humanos&#8221;, disse.<\/p>\n<p>        <strong>Ado\u00e7\u00e3o e d\u00edvida trabalhista<\/strong><br \/>O texto suspende as a\u00e7\u00f5es judiciais ajuizadas pelos suspeitos do crime com a finalidade de adotar ou reconhecer a paternidade e maternidade socioafetiva sobre as v\u00edtimas.<\/p>\n<p data-start=\"2183\" data-end=\"2363\">Se houver d\u00edvida trabalhista, o bem de fam\u00edlia do devedor poder\u00e1 ser penhorado para pagar cr\u00e9ditos trabalhistas e contribui\u00e7\u00f5es previdenci\u00e1rias devidas \u00e0s trabalhadoras resgatadas.<\/p>\n<p>        <strong>S\u00f4nia Maria de Jesus<\/strong><br \/>Se aprovada, a lei se chamar\u00e1 S\u00f4nia Maria de Jesus, em homenagem \u00e0 mulher que foi resgatada de condi\u00e7\u00e3o an\u00e1loga \u00e0 escravid\u00e3o na casa de um desembargador, em Santa Catarina.<br \/>\n        Ela acabou retornando para a casa do magistrado ap\u00f3s o resgate. Negra, surda n\u00e3o oralizada e sem o conhecimento de Libras, S\u00f4nia foi separada da fam\u00edlia, sem consentimento, aos 9 anos de idade. Ela tinha 49 anos quando foi resgatada, em 2023.<br \/>\n        <strong>Pr\u00f3ximos passos<\/strong><br \/>A proposta ainda ser\u00e1 analisada em <span id=\"4322\" class=\"termoGlossario\" title=\"Rito de tramita\u00e7\u00e3o pelo qual o projeto \u00e9 votado apenas pelas comiss\u00f5es designadas para analis\u00e1-lo, dispensada a delibera\u00e7\u00e3o do Plen\u00e1rio. O projeto perde o car\u00e1ter conclusivo se houver decis\u00e3o divergente entre as comiss\u00f5es ou se, independentemente de ser aprovado ou rejeitado, houver recurso assinado por 52 deputados para a aprecia\u00e7\u00e3o da mat\u00e9ria no Plen\u00e1rio.\" contenteditable=\"false\" data-toggle=\"tooltip\" data-placement=\"top\">car\u00e1ter conclusivo<\/span> pelas comiss\u00f5es do Trabalho; e de Constitui\u00e7\u00e3o e Justi\u00e7a e de Cidadania. Para virar lei, precisa ser aprovada pela C\u00e2mara e pelo Senado.<\/p>\n<p style=\"font-size: 0.8rem; font-weight: 700;\">Reportagem \u2013 Tiago Miranda<br \/>Edi\u00e7\u00e3o \u2013 Rachel Librelon<\/p>\n<\/p><\/div>\n<p><\/a><\/p>\n<p>Fonte: www.camara.leg.br<\/p>\n","protected":false},"excerpt":{"rendered":"<p>26\/08\/2025 &#8211; 15:00 \u00a0 Kayo Magalh\u00e3es \/ C\u00e2mara dos Deputados Benedita a Silva \u00e9 a relatora da proposta A Comiss\u00e3o de Defesa dos Direitos da Mulher da C\u00e2mara dos Deputados aprovou projeto de lei que define diretrizes para o atendimento e a ressocializa\u00e7\u00e3o de trabalhadoras dom\u00e9sticas resgatadas de situa\u00e7\u00f5es an\u00e1logas \u00e0 escravid\u00e3o ou ao tr\u00e1fico [&hellip;]<\/p>\n","protected":false},"author":3,"featured_media":3349,"comment_status":"open","ping_status":"open","sticky":false,"template":"","format":"standard","meta":{"advanced_seo_description":"","jetpack_seo_html_title":"","jetpack_seo_noindex":false,"fifu_image_url":"https:\/\/www.camara.leg.br\/midias\/image\/2025\/08\/img20250820182326252-768x473.jpg","fifu_image_alt":"","_jetpack_memberships_contains_paid_content":false,"footnotes":"","jetpack_publicize_message":"","jetpack_publicize_feature_enabled":true,"jetpack_social_post_already_shared":true,"jetpack_social_options":{"image_generator_settings":{"template":"highway","default_image_id":0,"font":"","enabled":false},"version":2}},"categories":[106,1],"tags":[],"class_list":{"0":"post-3348","1":"post","2":"type-post","3":"status-publish","4":"format-standard","5":"has-post-thumbnail","7":"category-politica","8":"category-uncategorized"},"jetpack_publicize_connections":[],"jetpack_featured_media_url":"https:\/\/i0.wp.com\/www.camara.leg.br\/midias\/image\/2025\/08\/img20250820182326252-768x473.jpg?fit=%2C&ssl=1","jetpack_sharing_enabled":true,"jetpack-related-posts":[],"_links":{"self":[{"href":"https:\/\/friburgonoticias.com.br\/temp\/wp-json\/wp\/v2\/posts\/3348","targetHints":{"allow":["GET"]}}],"collection":[{"href":"https:\/\/friburgonoticias.com.br\/temp\/wp-json\/wp\/v2\/posts"}],"about":[{"href":"https:\/\/friburgonoticias.com.br\/temp\/wp-json\/wp\/v2\/types\/post"}],"author":[{"embeddable":true,"href":"https:\/\/friburgonoticias.com.br\/temp\/wp-json\/wp\/v2\/users\/3"}],"replies":[{"embeddable":true,"href":"https:\/\/friburgonoticias.com.br\/temp\/wp-json\/wp\/v2\/comments?post=3348"}],"version-history":[{"count":0,"href":"https:\/\/friburgonoticias.com.br\/temp\/wp-json\/wp\/v2\/posts\/3348\/revisions"}],"wp:featuredmedia":[{"embeddable":true,"href":"https:\/\/friburgonoticias.com.br\/temp\/wp-json\/wp\/v2\/media\/3349"}],"wp:attachment":[{"href":"https:\/\/friburgonoticias.com.br\/temp\/wp-json\/wp\/v2\/media?parent=3348"}],"wp:term":[{"taxonomy":"category","embeddable":true,"href":"https:\/\/friburgonoticias.com.br\/temp\/wp-json\/wp\/v2\/categories?post=3348"},{"taxonomy":"post_tag","embeddable":true,"href":"https:\/\/friburgonoticias.com.br\/temp\/wp-json\/wp\/v2\/tags?post=3348"}],"curies":[{"name":"wp","href":"https:\/\/api.w.org\/{rel}","templated":true}]}}