{"id":3374,"date":"2025-08-27T00:24:53","date_gmt":"2025-08-27T00:24:53","guid":{"rendered":"https:\/\/friburgonoticias.com.br\/temp\/2025\/08\/27\/camara-de-queimados-aprova-aumento-de-60-na-taxa-de-iluminacao-publica\/"},"modified":"2025-08-27T00:24:53","modified_gmt":"2025-08-27T00:24:53","slug":"camara-de-queimados-aprova-aumento-de-60-na-taxa-de-iluminacao-publica","status":"publish","type":"post","link":"https:\/\/friburgonoticias.com.br\/temp\/2025\/08\/27\/camara-de-queimados-aprova-aumento-de-60-na-taxa-de-iluminacao-publica\/","title":{"rendered":"C\u00e2mara de Queimados aprova aumento de 60% na taxa de ilumina\u00e7\u00e3o p\u00fablica"},"content":{"rendered":"<p><\/p>\n<div itemprop=\"articleBody\">\nA C\u00e2mara de Vereadores de <a href=\"https:\/\/temporealrj.com\/homem-e-preso-por-desbloquear-celulares-roubados-em-queimados\/\">Queimados<\/a>, na Baixada Fluminense, aprovou um aumento de mais de 60% na taxa de ilumina\u00e7\u00e3o p\u00fablica dos moradores. Entretanto, parte da popula\u00e7\u00e3o da cidade reclama que o servi\u00e7o prestado \u00e9 insuficiente, com diversas \u00e1reas ficando \u00e0s escuras de noite.<\/p>\n<p>O \u201cRJ2\u201d, da TV Globo, divulgou a informa\u00e7\u00e3o. Todos os 14 vereadores presentes na sess\u00e3o votaram favoravelmente ao projeto de autoria do parlamentar Branco Vira Virou (PP). A taxa residencial dever\u00e1 subir de R$ 18,94 para R$ 29,87. A medida segue para san\u00e7\u00e3o ou veto do prefeito Glauco Kaizer (Uni\u00e3o).<\/p>\n<p>Para efeito de compara\u00e7\u00e3o, na <a href=\"https:\/\/www.instagram.com\/temporealrio\/\" target=\"_blank\" rel=\"noopener\">capital<\/a> a taxa \u00e9 aplicada apenas a quem consome mais do que 500 kw\/h. Nesse caso, o valor seria de R$ 9,92, tr\u00eas vezes a menos do que em Queimados. Segundo a lei aprovada, a taxa tamb\u00e9m aumenta para com\u00e9rcios (R$ 100,46) e ind\u00fastrias (com at\u00e9 36 metros de testada, R$ 188,76; e com mais de 36 metros, R$ 205,94).<\/p>\n<p>O autor justificou que a medida tem como objetivo viabilizar manuten\u00e7\u00e3o e instala\u00e7\u00e3o de l\u00e2mpadas de LED. Al\u00e9m disso, pontuou que consultou o cons\u00f3rcio respons\u00e1vel pela ilumina\u00e7\u00e3o, este que teria afirmado que, atualmente recebe, um valor insuficiente da prefeitura.<\/p>\n<p>Ao \u201cRJ2\u201d, a Secretaria municipal de Conserva\u00e7\u00e3o disse que est\u00e1 conduzindo um dos maiores processos de moderniza\u00e7\u00e3o, trocando l\u00e2mpadas amarelas por de LED. A prefeitura ainda reconheceu que h\u00e1 pontos cr\u00edticos por terem \u00e1reas que ainda n\u00e3o receberam novo sistema, cuja implanta\u00e7\u00e3o j\u00e1 chegou a 50%.\n<\/p><\/div>\n<p><script async src=\"\/\/www.instagram.com\/embed.js\"><\/script><br \/>\n<br \/><\/a><\/p>\n<p>Fonte: temporealrj.com<\/p>\n","protected":false},"excerpt":{"rendered":"<p>A C\u00e2mara de Vereadores de Queimados, na Baixada Fluminense, aprovou um aumento de mais de 60% na taxa de ilumina\u00e7\u00e3o p\u00fablica dos moradores. Entretanto, parte da popula\u00e7\u00e3o da cidade reclama que o servi\u00e7o prestado \u00e9 insuficiente, com diversas \u00e1reas ficando \u00e0s escuras de noite. O \u201cRJ2\u201d, da TV Globo, divulgou a informa\u00e7\u00e3o. Todos os 14 [&hellip;]<\/p>\n","protected":false},"author":3,"featured_media":3375,"comment_status":"open","ping_status":"open","sticky":false,"template":"","format":"standard","meta":{"advanced_seo_description":"","jetpack_seo_html_title":"","jetpack_seo_noindex":false,"fifu_image_url":"https:\/\/temporealrj.com\/wp-content\/uploads\/2025\/08\/WhatsApp-Image-2025-08-26-at-19.41.59-e1756248136282.jpeg","fifu_image_alt":"","_jetpack_memberships_contains_paid_content":false,"footnotes":"","jetpack_publicize_message":"","jetpack_publicize_feature_enabled":true,"jetpack_social_post_already_shared":true,"jetpack_social_options":{"image_generator_settings":{"template":"highway","default_image_id":0,"font":"","enabled":false},"version":2}},"categories":[106,1],"tags":[],"class_list":{"0":"post-3374","1":"post","2":"type-post","3":"status-publish","4":"format-standard","5":"has-post-thumbnail","7":"category-politica","8":"category-uncategorized"},"jetpack_publicize_connections":[],"jetpack_featured_media_url":"https:\/\/i0.wp.com\/temporealrj.com\/wp-content\/uploads\/2025\/08\/WhatsApp-Image-2025-08-26-at-19.41.59-e1756248136282.jpeg?fit=%2C&ssl=1","jetpack_sharing_enabled":true,"jetpack-related-posts":[],"_links":{"self":[{"href":"https:\/\/friburgonoticias.com.br\/temp\/wp-json\/wp\/v2\/posts\/3374","targetHints":{"allow":["GET"]}}],"collection":[{"href":"https:\/\/friburgonoticias.com.br\/temp\/wp-json\/wp\/v2\/posts"}],"about":[{"href":"https:\/\/friburgonoticias.com.br\/temp\/wp-json\/wp\/v2\/types\/post"}],"author":[{"embeddable":true,"href":"https:\/\/friburgonoticias.com.br\/temp\/wp-json\/wp\/v2\/users\/3"}],"replies":[{"embeddable":true,"href":"https:\/\/friburgonoticias.com.br\/temp\/wp-json\/wp\/v2\/comments?post=3374"}],"version-history":[{"count":0,"href":"https:\/\/friburgonoticias.com.br\/temp\/wp-json\/wp\/v2\/posts\/3374\/revisions"}],"wp:featuredmedia":[{"embeddable":true,"href":"https:\/\/friburgonoticias.com.br\/temp\/wp-json\/wp\/v2\/media\/3375"}],"wp:attachment":[{"href":"https:\/\/friburgonoticias.com.br\/temp\/wp-json\/wp\/v2\/media?parent=3374"}],"wp:term":[{"taxonomy":"category","embeddable":true,"href":"https:\/\/friburgonoticias.com.br\/temp\/wp-json\/wp\/v2\/categories?post=3374"},{"taxonomy":"post_tag","embeddable":true,"href":"https:\/\/friburgonoticias.com.br\/temp\/wp-json\/wp\/v2\/tags?post=3374"}],"curies":[{"name":"wp","href":"https:\/\/api.w.org\/{rel}","templated":true}]}}