{"id":3397,"date":"2025-08-27T17:12:18","date_gmt":"2025-08-27T17:12:18","guid":{"rendered":"https:\/\/friburgonoticias.com.br\/temp\/2025\/08\/27\/disputa-para-decidir-salvador-do-caio-martins-provoca-divergencia-na-ccj-da-alerj\/"},"modified":"2025-08-27T17:12:18","modified_gmt":"2025-08-27T17:12:18","slug":"disputa-para-decidir-salvador-do-caio-martins-provoca-divergencia-na-ccj-da-alerj","status":"publish","type":"post","link":"https:\/\/friburgonoticias.com.br\/temp\/2025\/08\/27\/disputa-para-decidir-salvador-do-caio-martins-provoca-divergencia-na-ccj-da-alerj\/","title":{"rendered":"Disputa para decidir &#8216;salvador&#8217; do Caio Martins provoca diverg\u00eancia na CCJ da Alerj"},"content":{"rendered":"<p><\/p>\n<div itemprop=\"articleBody\">\nDesde quando o governo do estado incluiu o Complexo Esportivo Caio Martins na lista de im\u00f3veis para poss\u00edvel venda, deputados com base em Niter\u00f3i se mobilizaram contra a medida. Com isso, surgiu a disputa para saber quem ser\u00e1 o \u201csalvador\u201d do espa\u00e7o. Isso provocou diverg\u00eancia na reuni\u00e3o desta quarta-feira (27) da Comiss\u00e3o de Constitui\u00e7\u00e3o e Justi\u00e7a (CCJ) da Assembleia Legislativa (Alerj).<\/p>\n<p>O colegiado analisou um projeto de lei de 2023, da deputada Ver\u00f4nica Lima (PT), para tombar o complexo como patrim\u00f4nio imaterial do estado. Ocorre que Elika Takimoto, do mesmo partido e integrante da CCJ, apresentou uma emenda trocando o tombamento para \u201cmaterial\u201d, o que, na pr\u00e1tica, inviabiliza obras que descaracterizem o espa\u00e7o.<\/p>\n<p>A medida gerou discord\u00e2ncia de Alexandre Knoploch (PL), que apresentou voto divergente para manter o tombamento como \u201cimaterial\u201d, argumentando que Ver\u00f4nica estaria usando um projeto de lei antigo para adequ\u00e1-lo a um tema atual e, consequentemente, ter ganho pol\u00edtico. Rodrigo Amorim (Uni\u00e3o), presidente da CCJ, acompanhou o discurso e afirmou que a modifica\u00e7\u00e3o iria de encontro ao regimento interno da casa, que diz n\u00e3o poder haver mudan\u00e7a por emenda ao teor original de uma proposta.<\/p>\n<p>\u201cEm 2023 n\u00e3o havia essa discuss\u00e3o toda. Imagino que foi feita uma emenda modificando para \u2018material\u2019 para ela [Ver\u00f4nica] tomar a frente. Foi uma pedalada pol\u00edtica, que considero uma descortesia com os demais deputados [que se posicionaram antes sobre o assunto], embora l\u00edcita. Ela s\u00f3 est\u00e1 usando o n\u00famero de um projeto l\u00e1 de tr\u00e1s e mudando tudo\u201d, disse Amorim.<\/p>\n<p>No entanto, os divergentes foram vencidos. Luiz Paulo (PSD), Carlos Minc (PSB), Fred Pacheco (Mobiliza) e Vinicius Cozzolino (Uni\u00e3o) acompanharam o voto de Elika, aprovando a emenda. Dessa forma, a proposta, prevendo o tombamento como patrim\u00f4nio material do Caio Martins, j\u00e1 pode entrar na ordem do dia para ser debatida por todos os deputados, no plen\u00e1rio da Alerj, cuja data ainda ser\u00e1 definida.<\/p>\n<p>\u201cApoio em g\u00eanero, n\u00famero e grau. Um dos absurdos da proposta do estado \u00e9 vender o Caio Martins, que \u00e9 patrim\u00f4nio material e muito material. Esse tombamento urge. E, segundo se discute no plen\u00e1rio, at\u00e9 o pr\u00f3prio governador j\u00e1 teria reconhecido a bobagem feita por seus assessores. N\u00e3o estou vendo esperteza [da deputada], estou vendo boa f\u00e9. Todos os deputados com base em Niter\u00f3i quiseram se posicionar como pioneiros\u201d, disse Luiz Paulo.<\/p>\n<h2 class=\"wp-block-heading\">Deputado do PL havia anunciado que iria propor tombamento<\/h2>\n<p>Em 16 de agosto, reportagem publicada pelo jornal \u201cA Tribuna\u201d revelou que o Caio Martins est\u00e1 na lista de 48 im\u00f3veis que o estado pediu autoriza\u00e7\u00e3o \u00e0 Alerj para vender.\u00a0<a href=\"https:\/\/temporealrj.com\/estado-pede-autorizacao-para-vender-48-imoveis-expectativa-e-arrecadar-r-15-bi\/\">A expectativa do executivo fluminense \u00e9 arrecadar R$ 1,5 bilh\u00e3o<\/a>. Dois dias depois, no entanto, o deputado Vitor J\u00fanior (PDT), mais um com base em Niter\u00f3i, disse ter conversado com o governador Cl\u00e1udio Castro (PL) e acordado que o complexo seria retirado da lista atrav\u00e9s de uma emenda apresentada pelo parlamentar.<\/p>\n<p>O tema ganhou as aten\u00e7\u00f5es na sess\u00e3o plen\u00e1ria seguinte, no dia 19. O primeiro a usar o microfone para defender o Caio Martins foi o bolsonarista Douglas Gomes (PL). O mo\u00e7o, que \u00e9 do partido do governador, classificou como \u201cum erro grotesco\u201d o fato de\u00a0<a href=\"https:\/\/temporealrj.com\/prefeitura-de-niteroi-mantem-projetos-para-o-caio-martins-apesar-da-intencao-do-estado-em-vende-lo\/\">o complexo esportivo niteroiense ter sido inclu\u00eddo na lista de im\u00f3veis que o executivo quer passar nos cobres.<\/a> Na ocasi\u00e3o, ele disse que apresentaria um projeto de lei para tombar o Caio Martins.<\/p>\n<p>Naquela sess\u00e3o, Gomes foi seguido justamente pela arqui-advers\u00e1ria Ver\u00f4nica Lima \u2014 que tamb\u00e9m criticou a forma como o processo vem sendo conduzido pelo governo. Ao cobrar mais transpar\u00eancia, a petista fez coro com o bolsonarista.<\/p>\n<p>\u201cEmbora sejamos de matizes pol\u00edticas diferentes, quando o projeto \u00e9 pelo bem do povo, n\u00e3o pode haver diverg\u00eancias ideol\u00f3gicas\u201d, disse a deputada.<\/p>\n<p>Em seguida, Gomes ent\u00e3o pediu uma parte na fala da deputada para convid\u00e1-la e a todos os demais deputados \u2014incluindo Fl\u00e1vio Serafini, presidente estadual do PSOL, outro advers\u00e1rio hist\u00f3rico na pol\u00edtica niteroiense \u2014 a assinarem a coautoria de seu projeto para o tombamento do Caio Martins.\n<\/p><\/div>\n<p><\/a><\/p>\n<p>Fonte: temporealrj.com<\/p>\n","protected":false},"excerpt":{"rendered":"<p>Desde quando o governo do estado incluiu o Complexo Esportivo Caio Martins na lista de im\u00f3veis para poss\u00edvel venda, deputados com base em Niter\u00f3i se mobilizaram contra a medida. Com isso, surgiu a disputa para saber quem ser\u00e1 o \u201csalvador\u201d do espa\u00e7o. Isso provocou diverg\u00eancia na reuni\u00e3o desta quarta-feira (27) da Comiss\u00e3o de Constitui\u00e7\u00e3o e [&hellip;]<\/p>\n","protected":false},"author":3,"featured_media":3398,"comment_status":"open","ping_status":"open","sticky":false,"template":"","format":"standard","meta":{"advanced_seo_description":"","jetpack_seo_html_title":"","jetpack_seo_noindex":false,"fifu_image_url":"https:\/\/temporealrj.com\/wp-content\/uploads\/2025\/08\/IMG_6013-scaled-e1756313072124.jpg","fifu_image_alt":"","_jetpack_memberships_contains_paid_content":false,"footnotes":"","jetpack_publicize_message":"","jetpack_publicize_feature_enabled":true,"jetpack_social_post_already_shared":true,"jetpack_social_options":{"image_generator_settings":{"template":"highway","default_image_id":0,"font":"","enabled":false},"version":2}},"categories":[107],"tags":[],"class_list":{"0":"post-3397","1":"post","2":"type-post","3":"status-publish","4":"format-standard","5":"has-post-thumbnail","7":"category-economia"},"jetpack_publicize_connections":[],"jetpack_featured_media_url":"https:\/\/i0.wp.com\/temporealrj.com\/wp-content\/uploads\/2025\/08\/IMG_6013-scaled-e1756313072124.jpg?fit=%2C&ssl=1","jetpack_sharing_enabled":true,"jetpack-related-posts":[],"_links":{"self":[{"href":"https:\/\/friburgonoticias.com.br\/temp\/wp-json\/wp\/v2\/posts\/3397","targetHints":{"allow":["GET"]}}],"collection":[{"href":"https:\/\/friburgonoticias.com.br\/temp\/wp-json\/wp\/v2\/posts"}],"about":[{"href":"https:\/\/friburgonoticias.com.br\/temp\/wp-json\/wp\/v2\/types\/post"}],"author":[{"embeddable":true,"href":"https:\/\/friburgonoticias.com.br\/temp\/wp-json\/wp\/v2\/users\/3"}],"replies":[{"embeddable":true,"href":"https:\/\/friburgonoticias.com.br\/temp\/wp-json\/wp\/v2\/comments?post=3397"}],"version-history":[{"count":0,"href":"https:\/\/friburgonoticias.com.br\/temp\/wp-json\/wp\/v2\/posts\/3397\/revisions"}],"wp:featuredmedia":[{"embeddable":true,"href":"https:\/\/friburgonoticias.com.br\/temp\/wp-json\/wp\/v2\/media\/3398"}],"wp:attachment":[{"href":"https:\/\/friburgonoticias.com.br\/temp\/wp-json\/wp\/v2\/media?parent=3397"}],"wp:term":[{"taxonomy":"category","embeddable":true,"href":"https:\/\/friburgonoticias.com.br\/temp\/wp-json\/wp\/v2\/categories?post=3397"},{"taxonomy":"post_tag","embeddable":true,"href":"https:\/\/friburgonoticias.com.br\/temp\/wp-json\/wp\/v2\/tags?post=3397"}],"curies":[{"name":"wp","href":"https:\/\/api.w.org\/{rel}","templated":true}]}}