{"id":3402,"date":"2025-08-27T18:47:35","date_gmt":"2025-08-27T18:47:35","guid":{"rendered":"https:\/\/friburgonoticias.com.br\/temp\/2025\/08\/27\/comissao-aprova-divulgacao-de-dados-sobre-politicas-publicas-para-pessoas-com-deficiencia-noticias\/"},"modified":"2025-08-27T18:47:35","modified_gmt":"2025-08-27T18:47:35","slug":"comissao-aprova-divulgacao-de-dados-sobre-politicas-publicas-para-pessoas-com-deficiencia-noticias","status":"publish","type":"post","link":"https:\/\/friburgonoticias.com.br\/temp\/2025\/08\/27\/comissao-aprova-divulgacao-de-dados-sobre-politicas-publicas-para-pessoas-com-deficiencia-noticias\/","title":{"rendered":"Comiss\u00e3o aprova divulga\u00e7\u00e3o de dados sobre pol\u00edticas p\u00fablicas para pessoas com defici\u00eancia &#8211; Not\u00edcias"},"content":{"rendered":"<p><\/p>\n<div>\n<div>\n<p class=\"g-artigo__data-hora\">\n                      27\/08\/2025 &#8211; 15:36 \u00a0\n                    <\/p>\n<div id=\"image-container-1193472\" class=\"image-container\" style=\"float: none; margin: 45px 0px; width: 100%;\" data-midia=\"1193472\">\n        <em>Zeca Ribeiro \/ C\u00e2mara dos Deputados<\/em><\/p>\n<p>        Duarte Jr.: medida possibilita identificar falhas em a\u00e7\u00f5es governamentais\n        <\/p><\/div>\n<p>        A Comiss\u00e3o de Defesa dos Direitos das Pessoas com Defici\u00eancia da C\u00e2mara dos Deputados aprovou o Projeto de Lei 3551\/25, do deputado Amom Mandel (Cidadania-AM), que obriga a administra\u00e7\u00e3o p\u00fablica a divulgar informa\u00e7\u00f5es sobre a execu\u00e7\u00e3o de pol\u00edticas voltadas \u00e0s pessoas com defici\u00eancia. A regra vale para a Uni\u00e3o, estados e munic\u00edpios.<br \/>\n        Os parlamentares acolheram a sugest\u00e3o do relator, deputado Duarte Jr. (PSB-MA), pela aprova\u00e7\u00e3o do projeto. Duarte Jr. lembrou que a <a href=\"https:\/\/www2.camara.leg.br\/legin\/fed\/lei\/2011\/lei-12527-18-novembro-2011-611802-publicacaooriginal-134287-pl.html\">Lei de Acesso \u00e0 Informa\u00e7\u00e3o<\/a> garante acesso amplo aos dados p\u00fablicos, mas n\u00e3o exige a divulga\u00e7\u00e3o de informa\u00e7\u00f5es espec\u00edficas sobre pessoas com defici\u00eancia.<br \/>\n        \u201cA medida auxilia na identifica\u00e7\u00e3o de avan\u00e7os, desafios e falhas na implementa\u00e7\u00e3o das a\u00e7\u00f5es governamentais\u201d, disse.<br \/>\n        <strong>Regras<\/strong><br \/>Pelo texto aprovado, as informa\u00e7\u00f5es dever\u00e3o ser publicadas nos sites oficiais dos \u00f3rg\u00e3os p\u00fablicos, em formato aberto e acess\u00edvel.<br \/>\n        A proposta exige a divulga\u00e7\u00e3o de:<\/p>\n<ul>\n<li>execu\u00e7\u00e3o or\u00e7ament\u00e1ria e financeira de a\u00e7\u00f5es e servi\u00e7os relacionados \u00e0 inclus\u00e3o de pessoas com defici\u00eancia (incluindo o Transtorno do Espectro Autista \u2013 TEA);<\/li>\n<li>instrumentos firmados com entes subnacionais ou privados (como conv\u00eanios e contratos), com valores, prazos, metas e status de execu\u00e7\u00e3o;<\/li>\n<li>n\u00famero estimado de benefici\u00e1rios diretos, por localidade e por tipo de defici\u00eancia; e<\/li>\n<li>relat\u00f3rios de avalia\u00e7\u00e3o e indicadores de desempenho, quando dispon\u00edveis.<\/li>\n<\/ul>\n<p>        Essas informa\u00e7\u00f5es dever\u00e3o estar em linguagem acess\u00edvel, compat\u00edvel com leitores de tela, e ser atualizadas em at\u00e9 30 dias. O n\u00e3o cumprimento sujeitar\u00e1 o gestor p\u00fablico a san\u00e7\u00f5es administrativas.<br \/>\n        <strong>Pr\u00f3ximos passos<br \/><\/strong>O projeto tramita em <span id=\"4322\" class=\"termoGlossario\" title=\"Rito de tramita\u00e7\u00e3o pelo qual o projeto \u00e9 votado apenas pelas comiss\u00f5es designadas para analis\u00e1-lo, dispensada a delibera\u00e7\u00e3o do Plen\u00e1rio. O projeto perde o car\u00e1ter conclusivo se houver decis\u00e3o divergente entre as comiss\u00f5es ou se, independentemente de ser aprovado ou rejeitado, houver recurso assinado por 52 deputados para a aprecia\u00e7\u00e3o da mat\u00e9ria no Plen\u00e1rio.\" contenteditable=\"false\" data-toggle=\"tooltip\" data-placement=\"top\">car\u00e1ter conclusivo<\/span> e ainda ser\u00e1 analisado pela Comiss\u00e3o de Constitui\u00e7\u00e3o e Justi\u00e7a e de Cidadania (CCJ). Para virar lei, precisa ser aprovado pela C\u00e2mara e pelo Senado.<\/p>\n<p style=\"font-size: 0.8rem; font-weight: 700;\">Reportagem \u2013 Janary J\u00fanior<br \/>Edi\u00e7\u00e3o \u2013 Marcelo Oliveira<\/p>\n<\/p><\/div>\n<\/p><\/div>\n<p><\/a><\/p>\n<p>Fonte: www.camara.leg.br<\/p>\n","protected":false},"excerpt":{"rendered":"<p>27\/08\/2025 &#8211; 15:36 \u00a0 Zeca Ribeiro \/ C\u00e2mara dos Deputados Duarte Jr.: medida possibilita identificar falhas em a\u00e7\u00f5es governamentais A Comiss\u00e3o de Defesa dos Direitos das Pessoas com Defici\u00eancia da C\u00e2mara dos Deputados aprovou o Projeto de Lei 3551\/25, do deputado Amom Mandel (Cidadania-AM), que obriga a administra\u00e7\u00e3o p\u00fablica a divulgar informa\u00e7\u00f5es sobre a execu\u00e7\u00e3o [&hellip;]<\/p>\n","protected":false},"author":3,"featured_media":3403,"comment_status":"open","ping_status":"open","sticky":false,"template":"","format":"standard","meta":{"advanced_seo_description":"","jetpack_seo_html_title":"","jetpack_seo_noindex":false,"fifu_image_url":"https:\/\/www.camara.leg.br\/midias\/image\/2025\/08\/img20250701141407201-768x473.jpg","fifu_image_alt":"","_jetpack_memberships_contains_paid_content":false,"footnotes":"","jetpack_publicize_message":"","jetpack_publicize_feature_enabled":true,"jetpack_social_post_already_shared":true,"jetpack_social_options":{"image_generator_settings":{"template":"highway","default_image_id":0,"font":"","enabled":false},"version":2}},"categories":[106,1],"tags":[],"class_list":{"0":"post-3402","1":"post","2":"type-post","3":"status-publish","4":"format-standard","5":"has-post-thumbnail","7":"category-politica","8":"category-uncategorized"},"jetpack_publicize_connections":[],"jetpack_featured_media_url":"https:\/\/i0.wp.com\/www.camara.leg.br\/midias\/image\/2025\/08\/img20250701141407201-768x473.jpg?fit=%2C&ssl=1","jetpack_sharing_enabled":true,"jetpack-related-posts":[],"_links":{"self":[{"href":"https:\/\/friburgonoticias.com.br\/temp\/wp-json\/wp\/v2\/posts\/3402","targetHints":{"allow":["GET"]}}],"collection":[{"href":"https:\/\/friburgonoticias.com.br\/temp\/wp-json\/wp\/v2\/posts"}],"about":[{"href":"https:\/\/friburgonoticias.com.br\/temp\/wp-json\/wp\/v2\/types\/post"}],"author":[{"embeddable":true,"href":"https:\/\/friburgonoticias.com.br\/temp\/wp-json\/wp\/v2\/users\/3"}],"replies":[{"embeddable":true,"href":"https:\/\/friburgonoticias.com.br\/temp\/wp-json\/wp\/v2\/comments?post=3402"}],"version-history":[{"count":0,"href":"https:\/\/friburgonoticias.com.br\/temp\/wp-json\/wp\/v2\/posts\/3402\/revisions"}],"wp:featuredmedia":[{"embeddable":true,"href":"https:\/\/friburgonoticias.com.br\/temp\/wp-json\/wp\/v2\/media\/3403"}],"wp:attachment":[{"href":"https:\/\/friburgonoticias.com.br\/temp\/wp-json\/wp\/v2\/media?parent=3402"}],"wp:term":[{"taxonomy":"category","embeddable":true,"href":"https:\/\/friburgonoticias.com.br\/temp\/wp-json\/wp\/v2\/categories?post=3402"},{"taxonomy":"post_tag","embeddable":true,"href":"https:\/\/friburgonoticias.com.br\/temp\/wp-json\/wp\/v2\/tags?post=3402"}],"curies":[{"name":"wp","href":"https:\/\/api.w.org\/{rel}","templated":true}]}}