{"id":3404,"date":"2025-08-27T19:32:18","date_gmt":"2025-08-27T19:32:18","guid":{"rendered":"https:\/\/friburgonoticias.com.br\/temp\/2025\/08\/27\/comissao-aprova-projeto-que-torna-hediondo-o-crime-de-capacitismo-praticado-com-violencia-noticias\/"},"modified":"2025-08-27T19:32:18","modified_gmt":"2025-08-27T19:32:18","slug":"comissao-aprova-projeto-que-torna-hediondo-o-crime-de-capacitismo-praticado-com-violencia-noticias","status":"publish","type":"post","link":"https:\/\/friburgonoticias.com.br\/temp\/2025\/08\/27\/comissao-aprova-projeto-que-torna-hediondo-o-crime-de-capacitismo-praticado-com-violencia-noticias\/","title":{"rendered":"Comiss\u00e3o aprova projeto que torna hediondo o crime de capacitismo praticado com viol\u00eancia &#8211; Not\u00edcias"},"content":{"rendered":"<p><\/p>\n<div>\n<div>\n<p class=\"g-artigo__data-hora\">\n                      27\/08\/2025 &#8211; 15:20 \u00a0\n                    <\/p>\n<div id=\"image-container-1193448\" class=\"image-container\" style=\"float: none; margin: 45px 0px; width: 100%;\" data-midia=\"1193448\">\n        <em>Vinicius Loures \/ C\u00e2mara dos Deputados<\/em><\/p>\n<p>        Dayany Bittencourt defendeu incluir a mudan\u00e7a tamb\u00e9m na Lei Brasileira de Inclus\u00e3o\n        <\/p><\/div>\n<p>        A Comiss\u00e3o de Defesa dos Direitos das Pessoas com Defici\u00eancia da C\u00e2mara dos Deputados aprovou projeto que altera a legisla\u00e7\u00e3o para enquadrar o capacitismo (discrimina\u00e7\u00e3o contra pessoas com defici\u00eancia) como <span id=\"4179\" class=\"termoGlossario\" title=\"A Lei 8.072\/90 define como hediondos os crimes de homic\u00eddio praticado por grupo de exterm\u00ednio; homic\u00eddio qualificado; latroc\u00ednio; genoc\u00eddio; extors\u00e3o qualificada por morte; extors\u00e3o mediante sequestro; estupro; dissemina\u00e7\u00e3o de epidemia que provoque morte; falsifica\u00e7\u00e3o, corrup\u00e7\u00e3o, adultera\u00e7\u00e3o ou altera\u00e7\u00e3o de produto destinado a fins terap\u00eauticos ou medicinais; e favorecimento da prostitui\u00e7\u00e3o ou de outra forma de explora\u00e7\u00e3o sexual de crian\u00e7a ou adolescente ou de vulner\u00e1vel. Esse tipo de crime deve ser cumprido inicialmente em regime fechado e \u00e9 insuscet\u00edvel de anistia, gra\u00e7a, indulto e fian\u00e7a.\" contenteditable=\"false\" data-toggle=\"tooltip\" data-placement=\"top\">crime hediondo<\/span> quando praticado com viol\u00eancia ou grave amea\u00e7a.<br \/>\n        A proposta, nesses casos, fixa pena de <span id=\"4303\" class=\"termoGlossario\" title=\"A reclus\u00e3o \u00e9 a mais severa entre as penas privativas de liberdade. Destina-se a crimes dolosos (com inten\u00e7\u00e3o).\" contenteditable=\"false\" data-toggle=\"tooltip\" data-placement=\"top\">reclus\u00e3o<\/span> de 3 a 6 anos, al\u00e9m de multa. O texto insere a mudan\u00e7a tanto na <a href=\"https:\/\/www2.camara.leg.br\/legin\/fed\/lei\/2015\/lei-13146-6-julho-2015-781174-norma-pl.html\">Lei Brasileira de Inclus\u00e3o da Pessoa com Defici\u00eancia<\/a> quanto na <a href=\"https:\/\/www2.camara.leg.br\/legin\/fed\/lei\/1990\/lei-8072-25-julho-1990-372192-norma-pl.html\">Lei dos Crimes Hediondos<\/a>.<br \/>\n        Atualmente, a legisla\u00e7\u00e3o j\u00e1 tipifica o capacitismo como crime, mas sem distin\u00e7\u00e3o para situa\u00e7\u00f5es que envolvam viol\u00eancia ou grave amea\u00e7a.<br \/>\n        O texto aprovado foi o <span id=\"4098\" class=\"termoGlossario\" title=\"Nome que se d\u00e1 ao texto que altera substancialmente o conte\u00fado original da proposta. O substitutivo \u00e9 apresentado pelo relator e tem prefer\u00eancia na vota\u00e7\u00e3o sobre o projeto original.\" contenteditable=\"false\" data-toggle=\"tooltip\" data-placement=\"top\">substitutivo<\/span> da relatora, deputada Dayany Bittencourt (Uni\u00e3o-CE), ao Projeto de Lei 2513\/25, do deputado Duarte Jr. (PSB-MA). A vers\u00e3o original alterava apenas a Lei dos Crimes Hediondos. O substitutivo ampliou o alcance, prevendo tamb\u00e9m sua inser\u00e7\u00e3o na Lei Brasileira de Inclus\u00e3o.<\/p>\n<p>        Dayany Bittencourt explicou que o objetivo \u00e9 consolidar o regime jur\u00eddico-protetivo das pessoas com defici\u00eancia em um diploma especializado. \u201cA proposta envia um sinal normativo ainda mais potente sobre a prioridade do tema\u201d, disse.<br \/>\n        <strong>Pr\u00f3ximos passos<br \/><\/strong>O projeto ainda vai ser analisado pela Comiss\u00e3o de Constitui\u00e7\u00e3o e Justi\u00e7a e de Cidadania (CCJ); e pelo Plen\u00e1rio. Para virar lei, precisa ser aprovado pela C\u00e2mara e pelo Senado.<\/p>\n<p>        \u00a0<br \/>\n        <iframe class=\"infografico-container\" style=\"width: 100%; height: 100%;\" src=\"https:\/\/www.camara.leg.br\/internet\/agencia\/infograficos-html5\/crimes-hediondos\/index.html\" frameborder=\"0\" data-mce-fragment=\"1\"><\/iframe><br \/>\n        \u00a0<\/p>\n<p style=\"font-size: 0.8rem; font-weight: 700;\">Reportagem \u2013 Janary J\u00fanior<br \/>Edi\u00e7\u00e3o \u2013 Marcelo Oliveira<\/p>\n<\/p><\/div>\n<\/p><\/div>\n<p><\/a><\/p>\n<p>Fonte: www.camara.leg.br<\/p>\n","protected":false},"excerpt":{"rendered":"<p>27\/08\/2025 &#8211; 15:20 \u00a0 Vinicius Loures \/ C\u00e2mara dos Deputados Dayany Bittencourt defendeu incluir a mudan\u00e7a tamb\u00e9m na Lei Brasileira de Inclus\u00e3o A Comiss\u00e3o de Defesa dos Direitos das Pessoas com Defici\u00eancia da C\u00e2mara dos Deputados aprovou projeto que altera a legisla\u00e7\u00e3o para enquadrar o capacitismo (discrimina\u00e7\u00e3o contra pessoas com defici\u00eancia) como crime hediondo quando [&hellip;]<\/p>\n","protected":false},"author":3,"featured_media":3405,"comment_status":"open","ping_status":"open","sticky":false,"template":"","format":"standard","meta":{"advanced_seo_description":"","jetpack_seo_html_title":"","jetpack_seo_noindex":false,"fifu_image_url":"https:\/\/www.camara.leg.br\/midias\/image\/2025\/08\/img20250423105601863-768x473.jpg","fifu_image_alt":"","_jetpack_memberships_contains_paid_content":false,"footnotes":"","jetpack_publicize_message":"","jetpack_publicize_feature_enabled":true,"jetpack_social_post_already_shared":true,"jetpack_social_options":{"image_generator_settings":{"template":"highway","default_image_id":0,"font":"","enabled":false},"version":2}},"categories":[106,1],"tags":[],"class_list":{"0":"post-3404","1":"post","2":"type-post","3":"status-publish","4":"format-standard","5":"has-post-thumbnail","7":"category-politica","8":"category-uncategorized"},"jetpack_publicize_connections":[],"jetpack_featured_media_url":"https:\/\/i0.wp.com\/www.camara.leg.br\/midias\/image\/2025\/08\/img20250423105601863-768x473.jpg?fit=%2C&ssl=1","jetpack_sharing_enabled":true,"jetpack-related-posts":[],"_links":{"self":[{"href":"https:\/\/friburgonoticias.com.br\/temp\/wp-json\/wp\/v2\/posts\/3404","targetHints":{"allow":["GET"]}}],"collection":[{"href":"https:\/\/friburgonoticias.com.br\/temp\/wp-json\/wp\/v2\/posts"}],"about":[{"href":"https:\/\/friburgonoticias.com.br\/temp\/wp-json\/wp\/v2\/types\/post"}],"author":[{"embeddable":true,"href":"https:\/\/friburgonoticias.com.br\/temp\/wp-json\/wp\/v2\/users\/3"}],"replies":[{"embeddable":true,"href":"https:\/\/friburgonoticias.com.br\/temp\/wp-json\/wp\/v2\/comments?post=3404"}],"version-history":[{"count":0,"href":"https:\/\/friburgonoticias.com.br\/temp\/wp-json\/wp\/v2\/posts\/3404\/revisions"}],"wp:featuredmedia":[{"embeddable":true,"href":"https:\/\/friburgonoticias.com.br\/temp\/wp-json\/wp\/v2\/media\/3405"}],"wp:attachment":[{"href":"https:\/\/friburgonoticias.com.br\/temp\/wp-json\/wp\/v2\/media?parent=3404"}],"wp:term":[{"taxonomy":"category","embeddable":true,"href":"https:\/\/friburgonoticias.com.br\/temp\/wp-json\/wp\/v2\/categories?post=3404"},{"taxonomy":"post_tag","embeddable":true,"href":"https:\/\/friburgonoticias.com.br\/temp\/wp-json\/wp\/v2\/tags?post=3404"}],"curies":[{"name":"wp","href":"https:\/\/api.w.org\/{rel}","templated":true}]}}