{"id":3442,"date":"2025-08-28T19:45:54","date_gmt":"2025-08-28T19:45:54","guid":{"rendered":"https:\/\/friburgonoticias.com.br\/temp\/2025\/08\/28\/camara-barra-projeto-para-proibir-criancas-e-adolescentes-nas-paradas-lgbtqia-no-rio\/"},"modified":"2025-08-28T19:45:54","modified_gmt":"2025-08-28T19:45:54","slug":"camara-barra-projeto-para-proibir-criancas-e-adolescentes-nas-paradas-lgbtqia-no-rio","status":"publish","type":"post","link":"https:\/\/friburgonoticias.com.br\/temp\/2025\/08\/28\/camara-barra-projeto-para-proibir-criancas-e-adolescentes-nas-paradas-lgbtqia-no-rio\/","title":{"rendered":"C\u00e2mara barra projeto para proibir crian\u00e7as e adolescentes nas paradas LGBTQIA+ no Rio"},"content":{"rendered":"<p><\/p>\n<div itemprop=\"articleBody\">\nA C\u00e2mara de Vereadores do Rio barrou projeto de lei para proibir crian\u00e7as e adolescentes de at\u00e9 16 anos de participar de paradas de orgulho LGBTQIA+ no munic\u00edpio do <a href=\"https:\/\/www.instagram.com\/temporealrio\/\" target=\"_blank\" rel=\"noopener\">Rio<\/a>. O projeto de lei, de autoria do vereador Rog\u00e9rio Amorim (PL), foi rejeitado na sess\u00e3o desta quinta-feira (28). Foram 16 votos contr\u00e1rios e 15 favor\u00e1veis \u00e0 proposta, que ser\u00e1 arquivada.<\/p>\n<p>A discuss\u00e3o sobre a proposta come\u00e7ou ainda no come\u00e7o deste m\u00eas e grupos LGBTQIA+ chegaram a ocupar a galeria do Pal\u00e1cio Pedro Ernesto em protesto, mas a vota\u00e7\u00e3o teve seguidos adiamentos. Para defender o projeto, Rog\u00e9rio Amorim, disse que a inten\u00e7\u00e3o de sua proposta era \u201cdefender as crian\u00e7as\u201d.<\/p>\n<p>\u201cEu sou favor\u00e1vel de que cada m\u00e3e e pai eduque seu filho como bem entenda. No entanto, eu sou contra que se ensine isso nas escolas. Eu estou discutindo a preserva\u00e7\u00e3o das crian\u00e7as. Ningu\u00e9m quer proibir a manifesta\u00e7\u00e3o. Mas levar nossas crian\u00e7as para esses eventos n\u00e3o \u00e9 justo\u201d.<\/p>\n<p>Monica Ben\u00edcio (PSOL) foi ao microfone para se posicionar contra a proposta. Para a parlamentar, que faz parte do grupo de pessoas LGBTQIA+, o projeto \u00e9 inconstitucional. Na sequ\u00eancia, Ma\u00edra do MST (PT) tamb\u00e9m discursou de forma a repudiar a proposta.<\/p>\n<p>\u201cEle [Rog\u00e9rio Amorim] poderia ser conhecido como propagador de fake news. Ele quer que o estado determine a decis\u00e3o de uma fam\u00edlia. Eu n\u00e3o estou entendendo se ele \u00e9 do Partido Liberal ou n\u00e3o\u201d, disse M\u00f4nica, que tamb\u00e9m citou o projeto anteriormente aprovado de <a href=\"https:\/\/temporealrj.com\/lei-que-exige-cartazes-antiaborto-em-unidades-de-saude-passa-a-valer-no-rio\/\">cartazes anti-abortos<\/a>, do qual Amorim tamb\u00e9m \u00e9 autor, chamado por ela de \u201cvergonha nacional\u201d.<\/p>\n<div class=\"wp-block-image\">\n<figure class=\"aligncenter size-large is-resized\"><img loading=\"lazy\" decoding=\"async\" width=\"1024\" height=\"576\" src=\"https:\/\/temporealrj.com\/wp-content\/uploads\/2025\/08\/WhatsApp-Image-2025-08-07-at-17.27.13-1-1-1024x576.jpeg\" alt=\"WhatsApp Image 2025 08 07 at 17.27.13 1 1\" class=\"wp-image-89800\" style=\"width:580px;height:auto\" title=\"C\u00e2mara barra projeto para proibir crian\u00e7as e adolescentes nas paradas LGBTQIA+ no Rio 62\" srcset=\"https:\/\/temporealrj.com\/wp-content\/uploads\/2025\/08\/WhatsApp-Image-2025-08-07-at-17.27.13-1-1-1024x576.jpeg 1024w, https:\/\/temporealrj.com\/wp-content\/uploads\/2025\/08\/WhatsApp-Image-2025-08-07-at-17.27.13-1-1-300x169.jpeg 300w, https:\/\/temporealrj.com\/wp-content\/uploads\/2025\/08\/WhatsApp-Image-2025-08-07-at-17.27.13-1-1-768x432.jpeg 768w, https:\/\/temporealrj.com\/wp-content\/uploads\/2025\/08\/WhatsApp-Image-2025-08-07-at-17.27.13-1-1-1536x864.jpeg 1536w, https:\/\/temporealrj.com\/wp-content\/uploads\/2025\/08\/WhatsApp-Image-2025-08-07-at-17.27.13-1-1-2048x1152.jpeg 2048w, https:\/\/temporealrj.com\/wp-content\/uploads\/2025\/08\/WhatsApp-Image-2025-08-07-at-17.27.13-1-1-860x484.jpeg 860w\" sizes=\"auto, (max-width: 1024px) 100vw, 1024px\"\/><figcaption class=\"wp-element-caption\">Galeria protestando contra o projeto, ainda no come\u00e7o das discuss\u00f5es \u2013 Foto: Reprodu\u00e7\u00e3o<\/figcaption><\/figure>\n<\/div>\n<h2 class=\"wp-block-heading\">Proibi\u00e7\u00e3o de crian\u00e7as e adolescentes em eventos LGBTQIA+<\/h2>\n<p>De acordo com a justificativa do projeto, iniciativa visava a \u201cproteger o bem-estar e a integridade das crian\u00e7as e adolescentes, bem como garantir o respeito aos princ\u00edpios constitucionais de prote\u00e7\u00e3o \u00e0 inf\u00e2ncia e \u00e0 adolesc\u00eancia, tendo em vista, que realiza\u00e7\u00e3o de paradas de orgulho LGBTQIA+ envolve uma tem\u00e1tica adulta e aborda quest\u00f5es relacionadas \u00e0 diversidade sexual, identidade de g\u00eanero e orienta\u00e7\u00e3o sexual\u201d.<\/p>\n<p>O texto previa que os organizadores das manifesta\u00e7\u00f5es deveriam tomar medidas para verificar a idade dos participantes e, caso a medida n\u00e3o fosse cumprida, estariam sujeitos a uma multa de R$ 5 mil.\n<\/p><\/div>\n<p><script async src=\"\/\/www.instagram.com\/embed.js\"><\/script><br \/>\n<br \/><\/a><\/p>\n<p>Fonte: temporealrj.com<\/p>\n","protected":false},"excerpt":{"rendered":"<p>A C\u00e2mara de Vereadores do Rio barrou projeto de lei para proibir crian\u00e7as e adolescentes de at\u00e9 16 anos de participar de paradas de orgulho LGBTQIA+ no munic\u00edpio do Rio. O projeto de lei, de autoria do vereador Rog\u00e9rio Amorim (PL), foi rejeitado na sess\u00e3o desta quinta-feira (28). Foram 16 votos contr\u00e1rios e 15 favor\u00e1veis [&hellip;]<\/p>\n","protected":false},"author":3,"featured_media":3443,"comment_status":"open","ping_status":"open","sticky":false,"template":"","format":"standard","meta":{"advanced_seo_description":"","jetpack_seo_html_title":"","jetpack_seo_noindex":false,"fifu_image_url":"https:\/\/temporealrj.com\/wp-content\/uploads\/2024\/11\/parada.png","fifu_image_alt":"","_jetpack_memberships_contains_paid_content":false,"footnotes":"","jetpack_publicize_message":"","jetpack_publicize_feature_enabled":true,"jetpack_social_post_already_shared":true,"jetpack_social_options":{"image_generator_settings":{"template":"highway","default_image_id":0,"font":"","enabled":false},"version":2}},"categories":[107],"tags":[],"class_list":{"0":"post-3442","1":"post","2":"type-post","3":"status-publish","4":"format-standard","5":"has-post-thumbnail","7":"category-economia"},"jetpack_publicize_connections":[],"jetpack_featured_media_url":"https:\/\/i0.wp.com\/temporealrj.com\/wp-content\/uploads\/2024\/11\/parada.png?fit=%2C&ssl=1","jetpack_sharing_enabled":true,"jetpack-related-posts":[],"_links":{"self":[{"href":"https:\/\/friburgonoticias.com.br\/temp\/wp-json\/wp\/v2\/posts\/3442","targetHints":{"allow":["GET"]}}],"collection":[{"href":"https:\/\/friburgonoticias.com.br\/temp\/wp-json\/wp\/v2\/posts"}],"about":[{"href":"https:\/\/friburgonoticias.com.br\/temp\/wp-json\/wp\/v2\/types\/post"}],"author":[{"embeddable":true,"href":"https:\/\/friburgonoticias.com.br\/temp\/wp-json\/wp\/v2\/users\/3"}],"replies":[{"embeddable":true,"href":"https:\/\/friburgonoticias.com.br\/temp\/wp-json\/wp\/v2\/comments?post=3442"}],"version-history":[{"count":0,"href":"https:\/\/friburgonoticias.com.br\/temp\/wp-json\/wp\/v2\/posts\/3442\/revisions"}],"wp:featuredmedia":[{"embeddable":true,"href":"https:\/\/friburgonoticias.com.br\/temp\/wp-json\/wp\/v2\/media\/3443"}],"wp:attachment":[{"href":"https:\/\/friburgonoticias.com.br\/temp\/wp-json\/wp\/v2\/media?parent=3442"}],"wp:term":[{"taxonomy":"category","embeddable":true,"href":"https:\/\/friburgonoticias.com.br\/temp\/wp-json\/wp\/v2\/categories?post=3442"},{"taxonomy":"post_tag","embeddable":true,"href":"https:\/\/friburgonoticias.com.br\/temp\/wp-json\/wp\/v2\/tags?post=3442"}],"curies":[{"name":"wp","href":"https:\/\/api.w.org\/{rel}","templated":true}]}}