{"id":3448,"date":"2025-08-28T20:24:45","date_gmt":"2025-08-28T20:24:45","guid":{"rendered":"https:\/\/friburgonoticias.com.br\/temp\/2025\/08\/28\/bancos-e-lojistas-criticam-exigencia-de-aviso-antes-de-negativar-devedores-noticias\/"},"modified":"2025-08-28T20:24:45","modified_gmt":"2025-08-28T20:24:45","slug":"bancos-e-lojistas-criticam-exigencia-de-aviso-antes-de-negativar-devedores-noticias","status":"publish","type":"post","link":"https:\/\/friburgonoticias.com.br\/temp\/2025\/08\/28\/bancos-e-lojistas-criticam-exigencia-de-aviso-antes-de-negativar-devedores-noticias\/","title":{"rendered":"Bancos e lojistas criticam exig\u00eancia de aviso antes de negativar devedores &#8211; Not\u00edcias"},"content":{"rendered":"<p><\/p>\n<div>\n<p class=\"g-artigo__data-hora\">\n                      28\/08\/2025 &#8211; 16:14 \u00a0\n                    <\/p>\n<div id=\"image-container-1194009\" class=\"image-container\" style=\"float: none; margin: 45px 0px; width: 100%;\" data-midia=\"1194009\">\n        <em>Kayo Magalh\u00e3es \/ C\u00e2mara dos Deputados<\/em><\/p>\n<p>        Comiss\u00e3o de Defesa do Consumidor analisa a proposta\n        <\/p><\/div>\n<p>        Representantes de bancos e do com\u00e9rcio criticaram, em audi\u00eancia p\u00fablica da Comiss\u00e3o de Defesa do Consumidor da C\u00e2mara, a proposta que prev\u00ea a necessidade de notifica\u00e7\u00e3o do devedor \u2014 com aviso de recebimento (AR) \u2014 para que seu nome possa ser inclu\u00eddo em cadastros de prote\u00e7\u00e3o ao cr\u00e9dito.<br \/>\n        Segundo eles, a exig\u00eancia pode atrasar os registros e elevar o custo geral dos empr\u00e9stimos.<br \/>\n        A proposta \u00e9 do deputado Celso Russomanno (Republicanos-SP), relator do Projeto de Lei 7733\/17, que regulamenta a inscri\u00e7\u00e3o de locat\u00e1rios inadimplentes nos servi\u00e7os de prote\u00e7\u00e3o ao cr\u00e9dito. Russomanno incluiu no texto a obrigatoriedade de notifica\u00e7\u00e3o com AR antes da inscri\u00e7\u00e3o de qualquer tipo de d\u00edvida nesses cadastros.<br \/>\n        De acordo com Rubens Sardenberg, da Federa\u00e7\u00e3o Brasileira de Bancos, a inadimpl\u00eancia corresponde hoje a 40% do custo de capta\u00e7\u00e3o do dinheiro. Ele acrescentou que a recupera\u00e7\u00e3o de garantias no Brasil \u00e9 de apenas 18,2%, enquanto no Chile chega a 41,9%.<br \/>\n        \u201cO aviso de recebimento depende de muitas vari\u00e1veis para ser efetivado, porque o consumidor pode n\u00e3o ser encontrado. Isso vai retirar o cr\u00e9dito de pessoas que teriam condi\u00e7\u00f5es de ter cr\u00e9dito, mas acabam sendo prejudicadas. O concessor n\u00e3o sabe se a pessoa n\u00e3o deve nada ou se apenas n\u00e3o recebeu a notifica\u00e7\u00e3o.\u201d<br \/>\n        O deputado Cabo Gilberto Silva (PL-PB), que pediu a audi\u00eancia, afirmou n\u00e3o ser favor\u00e1vel \u00e0s medidas sugeridas por Russomanno. \u201cIsso \u00e9 um dado aterrorizante para o povo brasileiro. A situa\u00e7\u00e3o j\u00e1 est\u00e1 cr\u00edtica, e, se o projeto for aprovado da forma que est\u00e1, esse n\u00famero vai piorar.\u201d<br \/>\n        Vivian Moraes, da Confedera\u00e7\u00e3o Nacional de Dirigentes Lojistas, lembrou que uma medida semelhante foi testada em S\u00e3o Paulo, mas s\u00f3 30% dos AR foram efetivados.<br \/>\n        O deputado Gilson Marques (Novo-SC) apresentou <span id=\"4102\" class=\"termoGlossario\" title=\"Esp\u00e9cie de manifesta\u00e7\u00e3o alternativa ao voto do relator em uma comiss\u00e3o, podendo ser apresentado por qualquer dos demais integrantes. \" contenteditable=\"false\" data-toggle=\"tooltip\" data-placement=\"top\">voto em separado<\/span> para sugerir que a comunica\u00e7\u00e3o aos devedores seja feita por meio eletr\u00f4nico.<\/p>\n<p style=\"font-size: 0.8rem; font-weight: 700;\">Reportagem &#8211; Silvia Mugnatto<br \/>Edi\u00e7\u00e3o &#8211; Ge\u00f3rgia Moraes<\/p>\n<\/p><\/div>\n<p><\/a><\/p>\n<p>Fonte: www.camara.leg.br<\/p>\n","protected":false},"excerpt":{"rendered":"<p>28\/08\/2025 &#8211; 16:14 \u00a0 Kayo Magalh\u00e3es \/ C\u00e2mara dos Deputados Comiss\u00e3o de Defesa do Consumidor analisa a proposta Representantes de bancos e do com\u00e9rcio criticaram, em audi\u00eancia p\u00fablica da Comiss\u00e3o de Defesa do Consumidor da C\u00e2mara, a proposta que prev\u00ea a necessidade de notifica\u00e7\u00e3o do devedor \u2014 com aviso de recebimento (AR) \u2014 para que [&hellip;]<\/p>\n","protected":false},"author":3,"featured_media":3449,"comment_status":"open","ping_status":"open","sticky":false,"template":"","format":"standard","meta":{"advanced_seo_description":"","jetpack_seo_html_title":"","jetpack_seo_noindex":false,"fifu_image_url":"https:\/\/www.camara.leg.br\/midias\/image\/2025\/08\/img20250828110158930-768x473.jpg","fifu_image_alt":"","_jetpack_memberships_contains_paid_content":false,"footnotes":"","jetpack_publicize_message":"","jetpack_publicize_feature_enabled":true,"jetpack_social_post_already_shared":true,"jetpack_social_options":{"image_generator_settings":{"template":"highway","default_image_id":0,"font":"","enabled":false},"version":2}},"categories":[106,1],"tags":[],"class_list":{"0":"post-3448","1":"post","2":"type-post","3":"status-publish","4":"format-standard","5":"has-post-thumbnail","7":"category-politica","8":"category-uncategorized"},"jetpack_publicize_connections":[],"jetpack_featured_media_url":"https:\/\/i0.wp.com\/www.camara.leg.br\/midias\/image\/2025\/08\/img20250828110158930-768x473.jpg?fit=%2C&ssl=1","jetpack_sharing_enabled":true,"jetpack-related-posts":[],"_links":{"self":[{"href":"https:\/\/friburgonoticias.com.br\/temp\/wp-json\/wp\/v2\/posts\/3448","targetHints":{"allow":["GET"]}}],"collection":[{"href":"https:\/\/friburgonoticias.com.br\/temp\/wp-json\/wp\/v2\/posts"}],"about":[{"href":"https:\/\/friburgonoticias.com.br\/temp\/wp-json\/wp\/v2\/types\/post"}],"author":[{"embeddable":true,"href":"https:\/\/friburgonoticias.com.br\/temp\/wp-json\/wp\/v2\/users\/3"}],"replies":[{"embeddable":true,"href":"https:\/\/friburgonoticias.com.br\/temp\/wp-json\/wp\/v2\/comments?post=3448"}],"version-history":[{"count":0,"href":"https:\/\/friburgonoticias.com.br\/temp\/wp-json\/wp\/v2\/posts\/3448\/revisions"}],"wp:featuredmedia":[{"embeddable":true,"href":"https:\/\/friburgonoticias.com.br\/temp\/wp-json\/wp\/v2\/media\/3449"}],"wp:attachment":[{"href":"https:\/\/friburgonoticias.com.br\/temp\/wp-json\/wp\/v2\/media?parent=3448"}],"wp:term":[{"taxonomy":"category","embeddable":true,"href":"https:\/\/friburgonoticias.com.br\/temp\/wp-json\/wp\/v2\/categories?post=3448"},{"taxonomy":"post_tag","embeddable":true,"href":"https:\/\/friburgonoticias.com.br\/temp\/wp-json\/wp\/v2\/tags?post=3448"}],"curies":[{"name":"wp","href":"https:\/\/api.w.org\/{rel}","templated":true}]}}