{"id":3452,"date":"2025-08-28T22:30:48","date_gmt":"2025-08-28T22:30:48","guid":{"rendered":"https:\/\/friburgonoticias.com.br\/temp\/2025\/08\/28\/clube-osquindo-recebe-a-trupe-sons-do-brasil\/"},"modified":"2025-08-28T22:30:48","modified_gmt":"2025-08-28T22:30:48","slug":"clube-osquindo-recebe-a-trupe-sons-do-brasil","status":"publish","type":"post","link":"https:\/\/friburgonoticias.com.br\/temp\/2025\/08\/28\/clube-osquindo-recebe-a-trupe-sons-do-brasil\/","title":{"rendered":"Clube Osquind\u00f4 recebe a Trupe Sons do Brasil"},"content":{"rendered":"<p><\/p>\n<div data-id=\"e4a9c54\" data-element_type=\"widget\" data-widget_type=\"theme-post-content.default\">\n<p><em>Apresenta\u00e7\u00e3o ser\u00e1 realizada nesta sexta, 29 de agosto, \u00e0s 13h30, em Passagem de Mariana.<\/em><\/p>\n<p>O\u00a0<strong><em>Clube Osquind\u00f4\u00a0<\/em><\/strong>\u00e9 o primeiro a receber a itiner\u00e2ncia 2025 da\u00a0<strong>Trupe Sons do Brasil<\/strong>, nesta\u00a0<strong>sexta-feira, 29 de agosto, \u00e0s 13h30, na Casa Brincante<\/strong>\u00a0(rua Eug\u00eanio Rapallo, 618 \u2013 Passagem de Mariana\/MG). A apresenta\u00e7\u00e3o \u00e9 direcionada aos alunos da Escola Coronel Benjamim Guimar\u00e3es, para as turmas do Ensino Fundamental II, do 5\u00b0 ao 9\u00b0 ano.<\/p>\n<p>A\u00a0<strong>Trupe Sons do Brasil<\/strong>\u00a0\u00e9 um espet\u00e1culo c\u00eanico-musical que leva crian\u00e7as e adolescentes a uma viagem sonora pela hist\u00f3ria da m\u00fasica brasileira dos cantos dos povos origin\u00e1rios ao funk e hip hop contempor\u00e2neos, misturando teatro, m\u00fasica, bonecos e muita brasilidade para encantar e ensinar.<\/p>\n<p>A itiner\u00e2ncia 2025 da\u00a0<strong>Trupe Sons do Brasil<\/strong>\u00a0passa por Mariana, Ouro Preto, Catas Altas, Congonhas e Itabirito.<\/p>\n<p><strong>A Casa Brincante<\/strong><\/p>\n<p>A\u00a0<strong><em>Casa Brincante<\/em><\/strong>\u00a0\u00e9 um espa\u00e7o cultural que sedia eventos diversos. \u00c9 um local para atividades e oficinas comunit\u00e1rias. O espa\u00e7o faz parte do\u00a0<strong>Distrito Criativo Passagem<\/strong>, um polo de arte, cultura e economia criativa local, reconhecido por lei como o primeiro distrito criativo do Brasil.<\/p>\n<p><strong>Clube Osquind\u00f4<\/strong><\/p>\n<p>O\u00a0<strong><em>Clube Osquind\u00f4<\/em><\/strong>\u00a0atua com foco em inova\u00e7\u00e3o social e desenvolvimento local. O espa\u00e7o \u00e9 respons\u00e1vel pelos projetos\u00a0<strong>Osquindoteca<\/strong>, uma biblioteca comunit\u00e1ria em Passagem de Mariana\/MG, com diversas atividades de arte e de cultura; a\u00a0<strong>Rede Loucos por Leitura<\/strong>, que articula pontos de leituras escolares e comunit\u00e1rios, para a promo\u00e7\u00e3o do livro e da leitura; o\u00a0<strong>Observat\u00f3rio Jovem<\/strong>, que fomenta o protagonismo jovem por meio de aprendizado, socializa\u00e7\u00e3o, viv\u00eancia e encontros com profissionais e pr\u00e1ticas dos segmentos culturais, art\u00edsticos e de comunica\u00e7\u00e3o digital.<\/p>\n<figure class=\"wp-block-image size-full\"><img fetchpriority=\"high\" decoding=\"async\" width=\"400\" height=\"299\" src=\"https:\/\/territorionoticias.com.br\/wp-content\/uploads\/2025\/08\/CasaBrincante1_MiriamDosSantos.png\" alt=\"\" class=\"wp-image-1317\" srcset=\"https:\/\/territorionoticias.com.br\/wp-content\/uploads\/2025\/08\/CasaBrincante1_MiriamDosSantos.png 400w, https:\/\/territorionoticias.com.br\/wp-content\/uploads\/2025\/08\/CasaBrincante1_MiriamDosSantos-300x224.png 300w\" sizes=\"(max-width: 400px) 100vw, 400px\"\/><figcaption class=\"wp-element-caption\"><em><strong>Foto: Miriam dos Santos<\/strong><\/em><\/figcaption><\/figure>\n<p>A atua\u00e7\u00e3o do\u00a0<strong>Clube Osquind\u00f4<\/strong>\u00a0conquistou expressivos reconhecimentos locais, estaduais e de \u00e2mbito nacional, entre eles: Pr\u00eamio ODM \u2013 Objetivos do Desenvolvimento do Mil\u00eanio \u2013 Categoria Educa\u00e7\u00e3o, concedido pela\u00a0 ODM \u2013 BRASIL e Governo de Minas Gerais; Pr\u00eamio Leitura para todos e Pr\u00eamio Culturas Populares, ambos concedidos pelo Minist\u00e9rio da Cultura; FEC \u2013 Fundo Estadual de Cultura, concedido pela Secretaria Estadual de Cultura de Minas Gerais; Classificada no Pr\u00eamio Ita\u00fa Unicef 2015; Pr\u00eamio IPL \u2013 Instituto Pr\u00f3 Leitura \u2013 Retratos da Leitura 2017-2018-2019, entre outros.<\/p>\n<p><strong>Ficha T\u00e9cnica<\/strong><\/p>\n<p>Institui\u00e7\u00e3o: Clube Osquind\u00f4<\/p>\n<p>Produ\u00e7\u00e3o Cultural: D\u00e9bora Guimar\u00e3es e Gisele Alves<\/p>\n<p>Osquindoteca: Maria Fernanda Alves e Matheus Morais<\/p>\n<p>Comunica\u00e7\u00e3o: Mirian dos Santos, Janine Xavier e Rafaella Aparecida<\/p>\n<p><strong>Servi\u00e7o<\/strong><\/p>\n<p>Trupe Sons do Brasil<\/p>\n<p>Na Casa Brincante (rua Eug\u00eanio Rapallo, 618 \u2013 Passagem de Mariana\/MG)\n                <\/p><\/div>\n<p><\/a><\/p>\n<p>Fonte: territorionoticias.com.br<\/p>\n","protected":false},"excerpt":{"rendered":"<p>Apresenta\u00e7\u00e3o ser\u00e1 realizada nesta sexta, 29 de agosto, \u00e0s 13h30, em Passagem de Mariana. O\u00a0Clube Osquind\u00f4\u00a0\u00e9 o primeiro a receber a itiner\u00e2ncia 2025 da\u00a0Trupe Sons do Brasil, nesta\u00a0sexta-feira, 29 de agosto, \u00e0s 13h30, na Casa Brincante\u00a0(rua Eug\u00eanio Rapallo, 618 \u2013 Passagem de Mariana\/MG). A apresenta\u00e7\u00e3o \u00e9 direcionada aos alunos da Escola Coronel Benjamim Guimar\u00e3es, para [&hellip;]<\/p>\n","protected":false},"author":3,"featured_media":3453,"comment_status":"open","ping_status":"open","sticky":false,"template":"","format":"standard","meta":{"advanced_seo_description":"","jetpack_seo_html_title":"","jetpack_seo_noindex":false,"fifu_image_url":"https:\/\/territorionoticias.com.br\/wp-content\/uploads\/2025\/08\/CasaBrincante3_MiriamDosSantos.png","fifu_image_alt":"","_jetpack_memberships_contains_paid_content":false,"footnotes":"","jetpack_publicize_message":"","jetpack_publicize_feature_enabled":true,"jetpack_social_post_already_shared":true,"jetpack_social_options":{"image_generator_settings":{"template":"highway","default_image_id":0,"font":"","enabled":false},"version":2}},"categories":[105],"tags":[],"class_list":{"0":"post-3452","1":"post","2":"type-post","3":"status-publish","4":"format-standard","5":"has-post-thumbnail","7":"category-entretenimento"},"jetpack_publicize_connections":[],"jetpack_featured_media_url":"https:\/\/i0.wp.com\/territorionoticias.com.br\/wp-content\/uploads\/2025\/08\/CasaBrincante3_MiriamDosSantos.png?fit=%2C&ssl=1","jetpack_sharing_enabled":true,"jetpack-related-posts":[],"_links":{"self":[{"href":"https:\/\/friburgonoticias.com.br\/temp\/wp-json\/wp\/v2\/posts\/3452","targetHints":{"allow":["GET"]}}],"collection":[{"href":"https:\/\/friburgonoticias.com.br\/temp\/wp-json\/wp\/v2\/posts"}],"about":[{"href":"https:\/\/friburgonoticias.com.br\/temp\/wp-json\/wp\/v2\/types\/post"}],"author":[{"embeddable":true,"href":"https:\/\/friburgonoticias.com.br\/temp\/wp-json\/wp\/v2\/users\/3"}],"replies":[{"embeddable":true,"href":"https:\/\/friburgonoticias.com.br\/temp\/wp-json\/wp\/v2\/comments?post=3452"}],"version-history":[{"count":0,"href":"https:\/\/friburgonoticias.com.br\/temp\/wp-json\/wp\/v2\/posts\/3452\/revisions"}],"wp:featuredmedia":[{"embeddable":true,"href":"https:\/\/friburgonoticias.com.br\/temp\/wp-json\/wp\/v2\/media\/3453"}],"wp:attachment":[{"href":"https:\/\/friburgonoticias.com.br\/temp\/wp-json\/wp\/v2\/media?parent=3452"}],"wp:term":[{"taxonomy":"category","embeddable":true,"href":"https:\/\/friburgonoticias.com.br\/temp\/wp-json\/wp\/v2\/categories?post=3452"},{"taxonomy":"post_tag","embeddable":true,"href":"https:\/\/friburgonoticias.com.br\/temp\/wp-json\/wp\/v2\/tags?post=3452"}],"curies":[{"name":"wp","href":"https:\/\/api.w.org\/{rel}","templated":true}]}}