{"id":3454,"date":"2025-08-28T22:32:00","date_gmt":"2025-08-28T22:32:00","guid":{"rendered":"https:\/\/friburgonoticias.com.br\/temp\/2025\/08\/28\/estudos-trazem-novos-dados-sobre-violencia-de-genero-na-politica-noticias\/"},"modified":"2025-08-28T22:32:00","modified_gmt":"2025-08-28T22:32:00","slug":"estudos-trazem-novos-dados-sobre-violencia-de-genero-na-politica-noticias","status":"publish","type":"post","link":"https:\/\/friburgonoticias.com.br\/temp\/2025\/08\/28\/estudos-trazem-novos-dados-sobre-violencia-de-genero-na-politica-noticias\/","title":{"rendered":"Estudos trazem novos dados sobre viol\u00eancia de g\u00eanero na pol\u00edtica &#8211; Not\u00edcias"},"content":{"rendered":"<p><\/p>\n<div>\n<p class=\"g-artigo__data-hora\">\n                      28\/08\/2025 &#8211; 19:26 \u00a0\n                    <\/p>\n<div id=\"image-container-1194104\" class=\"image-container\" style=\"float: none; margin: 45px 0px; width: 100%;\" data-midia=\"1194104\">\n        <em>Kayo Magalh\u00e3es \/ C\u00e2mara dos Deputados<\/em><\/p>\n<p>        Evento marcou os quatro anos da lei do crime de viol\u00eancia pol\u00edtica de g\u00eanero\n        <\/p><\/div>\n<p>        Dois estudos sobre viol\u00eancia de g\u00eanero no \u00e2mbito pol\u00edtico foram lan\u00e7ados na C\u00e2mara dos Deputados na \u00faltima quarta-feira (27), com o apoio da Secretaria da Mulher. O evento marcou os quatro anos da lei que tipificou o crime de viol\u00eancia pol\u00edtica de g\u00eanero, com o objetivo de garantir um ambiente mais plural, seguro e inclusivo.<br \/>\n        A pesquisa apresentada pelo Instituto Marielle Franco, intitulada \u201cRegime de Amea\u00e7a: Viol\u00eancia Pol\u00edtica de G\u00eanero e Ra\u00e7a no \u00c2mbito Digital\u201d, traz dados in\u00e9ditos sobre viol\u00eancia nas redes sociais.<br \/>\n        O estudo mostra que a viol\u00eancia pol\u00edtica digital n\u00e3o \u00e9 pontual, mas sist\u00eamica e coordenada. Entre os casos mapeados, 71% das amea\u00e7as envolveram morte ou estupro, e 63% das amea\u00e7as de morte faziam refer\u00eancia direta ao assassinato de Marielle Franco, revelando um padr\u00e3o simb\u00f3lico e violento que transforma esse feminic\u00eddio pol\u00edtico em uma advert\u00eancia brutal \u00e0s mulheres negras que ousam disputar o poder.<br \/>\n        A maioria das v\u00edtimas \u00e9 formada por mulheres negras cis, trans e travestis, LGBTQIA+, perif\u00e9ricas, defensoras de direitos humanos, parlamentares, candidatas e ativistas. A sistematiza\u00e7\u00e3o dos dados foi obtida a partir de atendimentos feitos pelo Instituto Marielle Franco, em parceria com o Instituto Alziras, o portal AzMina, o coletivo Vote LGBT, o centro de pesquisa Internet LAB, al\u00e9m de dados captados da Justi\u00e7a Global e Terra de Direitos.<br \/>\n        <strong>Trabalho conjunto<\/strong><br \/>A diretora-executiva do Instituto Marielle Franco, Luyara Franco, destacou que o combate \u00e0 viol\u00eancia pol\u00edtica de g\u00eanero e ra\u00e7a precisa ser fruto de um trabalho conjunto entre os tr\u00eas Poderes e a sociedade civil organizada.<br \/>\n        \u201cPrecisamos de novas legisla\u00e7\u00f5es, mas tamb\u00e9m fazer valer o que j\u00e1 existe. Temos o Plano Nacional Marielle Franco de Enfrentamento \u00e0 Viol\u00eancia Pol\u00edtica de G\u00eanero e Ra\u00e7a. \u00c9 importante que o TSE [Tribunal Superior Eleitoral] e os minist\u00e9rios consigam coloc\u00e1-lo em pr\u00e1tica, j\u00e1 que ele j\u00e1 foi estabelecido\u201d, disse Luyara Franco, que \u00e9 filha de Marielle.<\/p>\n<div id=\"image-container-1194147\" class=\"image-container\" style=\"float: none; margin: 45px 0px; width: 100%;\" data-midia=\"1194147\">\n        <em>Kayo Magalh\u00e3es\/C\u00e2mara dos Deputados<\/em><\/p>\n<p>        Luyara Franco: \u201cPrecisamos de novas legisla\u00e7\u00f5es, mas tamb\u00e9m fazer valer o que j\u00e1 existe&#8221;\n        <\/p><\/div>\n<p>        J\u00e1 o Instituto Alziras divulgou a segunda edi\u00e7\u00e3o do Monitor de Viol\u00eancia Pol\u00edtica de G\u00eanero e Ra\u00e7a 2025, que avalia a efetividade da lei e apresenta um panorama das a\u00e7\u00f5es penais eleitorais em andamento.<br \/>\n        A diretora do Instituto Alziras, Michelle Ferreti, refor\u00e7ou a necessidade de responsabilizar os agressores. \u201cEm quatro anos de legisla\u00e7\u00e3o, ainda n\u00e3o tivemos nenhuma condena\u00e7\u00e3o definitiva. \u00c9 muito importante que haja coopera\u00e7\u00e3o entre os \u00f3rg\u00e3os e articula\u00e7\u00e3o interinstitucional para garantir condi\u00e7\u00f5es mais seguras para que as mulheres brasileiras, em sua diversidade, possam participar da pol\u00edtica. Quando as mulheres s\u00e3o v\u00edtimas, a democracia tamb\u00e9m \u00e9 v\u00edtima.\u201d<br \/>\n        <strong>Observat\u00f3rio da Mulher<\/strong><br \/>A deputada Socorro Neri (PP-AC), que coordena o eixo sobre viol\u00eancia no Observat\u00f3rio Nacional da Mulher na Pol\u00edtica, destacou que, apesar dos avan\u00e7os, a viol\u00eancia ainda impede a participa\u00e7\u00e3o plena das mulheres na vida p\u00fablica.<br \/>\n        \u201cHoje estamos sub-representadas, mas a participa\u00e7\u00e3o s\u00f3 se dar\u00e1 quando o ambiente pol\u00edtico, as estruturas partid\u00e1rias e o exerc\u00edcio de mandatos nas casas legislativas e nos executivos estaduais e municipais forem ambientes seguros, em que a mulher se sinta respeitada, valorizada em sua voz e em seu papel de representante da popula\u00e7\u00e3o\u201d, disse Socorro Neri.<br \/>\n        As mulheres representam cerca de 52% da popula\u00e7\u00e3o brasileira, mas ainda t\u00eam baixa presen\u00e7a na pol\u00edtica. Na C\u00e2mara, por exemplo, a bancada feminina corresponde a menos de 18% dos deputados.<\/p>\n<p style=\"font-size: 0.8rem; font-weight: 700;\">Reportagem &#8211; M\u00f4nica Thaty<br \/>Edi\u00e7\u00e3o &#8211; Ge\u00f3rgia Moraes<\/p>\n<\/p><\/div>\n<p><\/a><\/p>\n<p>Fonte: www.camara.leg.br<\/p>\n","protected":false},"excerpt":{"rendered":"<p>28\/08\/2025 &#8211; 19:26 \u00a0 Kayo Magalh\u00e3es \/ C\u00e2mara dos Deputados Evento marcou os quatro anos da lei do crime de viol\u00eancia pol\u00edtica de g\u00eanero Dois estudos sobre viol\u00eancia de g\u00eanero no \u00e2mbito pol\u00edtico foram lan\u00e7ados na C\u00e2mara dos Deputados na \u00faltima quarta-feira (27), com o apoio da Secretaria da Mulher. O evento marcou os quatro [&hellip;]<\/p>\n","protected":false},"author":3,"featured_media":3455,"comment_status":"open","ping_status":"open","sticky":false,"template":"","format":"standard","meta":{"advanced_seo_description":"","jetpack_seo_html_title":"","jetpack_seo_noindex":false,"fifu_image_url":"https:\/\/www.camara.leg.br\/midias\/image\/2025\/08\/img20250827195108409-768x473.jpg","fifu_image_alt":"","_jetpack_memberships_contains_paid_content":false,"footnotes":"","jetpack_publicize_message":"","jetpack_publicize_feature_enabled":true,"jetpack_social_post_already_shared":true,"jetpack_social_options":{"image_generator_settings":{"template":"highway","default_image_id":0,"font":"","enabled":false},"version":2}},"categories":[107],"tags":[],"class_list":{"0":"post-3454","1":"post","2":"type-post","3":"status-publish","4":"format-standard","5":"has-post-thumbnail","7":"category-economia"},"jetpack_publicize_connections":[],"jetpack_featured_media_url":"https:\/\/i0.wp.com\/www.camara.leg.br\/midias\/image\/2025\/08\/img20250827195108409-768x473.jpg?fit=%2C&ssl=1","jetpack_sharing_enabled":true,"jetpack-related-posts":[],"_links":{"self":[{"href":"https:\/\/friburgonoticias.com.br\/temp\/wp-json\/wp\/v2\/posts\/3454","targetHints":{"allow":["GET"]}}],"collection":[{"href":"https:\/\/friburgonoticias.com.br\/temp\/wp-json\/wp\/v2\/posts"}],"about":[{"href":"https:\/\/friburgonoticias.com.br\/temp\/wp-json\/wp\/v2\/types\/post"}],"author":[{"embeddable":true,"href":"https:\/\/friburgonoticias.com.br\/temp\/wp-json\/wp\/v2\/users\/3"}],"replies":[{"embeddable":true,"href":"https:\/\/friburgonoticias.com.br\/temp\/wp-json\/wp\/v2\/comments?post=3454"}],"version-history":[{"count":0,"href":"https:\/\/friburgonoticias.com.br\/temp\/wp-json\/wp\/v2\/posts\/3454\/revisions"}],"wp:featuredmedia":[{"embeddable":true,"href":"https:\/\/friburgonoticias.com.br\/temp\/wp-json\/wp\/v2\/media\/3455"}],"wp:attachment":[{"href":"https:\/\/friburgonoticias.com.br\/temp\/wp-json\/wp\/v2\/media?parent=3454"}],"wp:term":[{"taxonomy":"category","embeddable":true,"href":"https:\/\/friburgonoticias.com.br\/temp\/wp-json\/wp\/v2\/categories?post=3454"},{"taxonomy":"post_tag","embeddable":true,"href":"https:\/\/friburgonoticias.com.br\/temp\/wp-json\/wp\/v2\/tags?post=3454"}],"curies":[{"name":"wp","href":"https:\/\/api.w.org\/{rel}","templated":true}]}}