{"id":3462,"date":"2025-08-29T00:47:19","date_gmt":"2025-08-29T00:47:19","guid":{"rendered":"https:\/\/friburgonoticias.com.br\/temp\/2025\/08\/29\/comissao-aprova-selo-para-empresas-com-boas-praticas-voltadas-a-pessoas-com-autismo-e-tdah-noticias\/"},"modified":"2025-08-29T00:47:19","modified_gmt":"2025-08-29T00:47:19","slug":"comissao-aprova-selo-para-empresas-com-boas-praticas-voltadas-a-pessoas-com-autismo-e-tdah-noticias","status":"publish","type":"post","link":"https:\/\/friburgonoticias.com.br\/temp\/2025\/08\/29\/comissao-aprova-selo-para-empresas-com-boas-praticas-voltadas-a-pessoas-com-autismo-e-tdah-noticias\/","title":{"rendered":"Comiss\u00e3o aprova selo para empresas com boas pr\u00e1ticas voltadas a pessoas com autismo e TDAH &#8211; Not\u00edcias"},"content":{"rendered":"<p><\/p>\n<div>\n<p class=\"g-artigo__data-hora\">\n                      28\/08\/2025 &#8211; 20:05 \u00a0\n                    <\/p>\n<div id=\"image-container-1194148\" class=\"image-container\" style=\"float: none; margin: 45px 0px; width: 100%;\" data-midia=\"1194148\">\n        <em>Mario Agra \/ C\u00e2mara dos Deputados<\/em><\/p>\n<p>        Andreia Siqueira, relatora na comiss\u00e3o\n        <\/p><\/div>\n<p>        A Comiss\u00e3o de Defesa dos Direitos das Pessoas com Defici\u00eancia da C\u00e2mara dos Deputados aprovou o Projeto de Lei 3494\/25, que cria o Selo Empresa Amiga das Pessoas com Transtorno do Espectro Autista (TEA) e com Transtorno do D\u00e9ficit de Aten\u00e7\u00e3o com Hiperatividade (TDAH).<br \/>\n        Pela proposta, o selo ter\u00e1 validade anual, podendo ser renovado mediante nova avalia\u00e7\u00e3o. Caber\u00e1 ao governo federal regulamentar crit\u00e9rios objetivos para avalia\u00e7\u00e3o, certifica\u00e7\u00e3o e controle do selo.<br \/>\n        Poder\u00e3o se candidatar \u00e0 certifica\u00e7\u00e3o empresas que comprovarem:<\/p>\n<ul>\n<li>incluir pessoas com TEA ou TDAH nos seus times e no dia a dia do trabalho;<\/li>\n<li>treinar os funcion\u00e1rios para atender bem clientes com essas condi\u00e7\u00f5es;<\/li>\n<li>usar formas de comunica\u00e7\u00e3o e atendimento que respeitem as necessidades sensoriais e comportamentais dessas pessoas;<\/li>\n<li>fazer a\u00e7\u00f5es que ajudem a promover e proteger os direitos de pessoas com TEA ou TDAH; e<\/li>\n<li>apoiar projetos, campanhas ou institui\u00e7\u00f5es que defendam os direitos de quem tem os transtornos.<\/li>\n<\/ul>\n<p>        A concess\u00e3o do selo n\u00e3o confere \u00e0 empresa qualquer vantagem de natureza tribut\u00e1ria, financeira ou contratual, a menos que haja essa previs\u00e3o em legisla\u00e7\u00e3o espec\u00edfica.<br \/>\n        A empresa com o selo, no entanto, poder\u00e1 exibi-lo em seus meios de comunica\u00e7\u00e3o, materiais promocionais e instala\u00e7\u00f5es f\u00edsicas, mediante uso de identidade visual padronizada.<br \/>\n        A relatora, deputada Andreia Siqueira (MDB-PA), defendeu a aprova\u00e7\u00e3o do projeto, de autoria do deputado Dr. Fernando M\u00e1ximo (Uni\u00e3o-RO). &#8220;O selo proposto n\u00e3o cria obriga\u00e7\u00f5es compuls\u00f3rias \u00e0s empresas, mas sim reconhece e valoriza aquelas que voluntariamente adotam pr\u00e1ticas de inclus\u00e3o e acessibilidade\u201d, ressaltou.<br \/>\n        <strong>Pr\u00f3ximas etapas<\/strong><br \/>A proposta ser\u00e1 analisada, em <span id=\"4322\" class=\"termoGlossario\" title=\"Rito de tramita\u00e7\u00e3o pelo qual o projeto \u00e9 votado apenas pelas comiss\u00f5es designadas para analis\u00e1-lo, dispensada a delibera\u00e7\u00e3o do Plen\u00e1rio. O projeto perde o car\u00e1ter conclusivo se houver decis\u00e3o divergente entre as comiss\u00f5es ou se, independentemente de ser aprovado ou rejeitado, houver recurso assinado por 52 deputados para a aprecia\u00e7\u00e3o da mat\u00e9ria no Plen\u00e1rio.\" contenteditable=\"false\" data-toggle=\"tooltip\" data-placement=\"top\">car\u00e1ter conclusivo<\/span>, pela Comiss\u00e3o de Constitui\u00e7\u00e3o e Justi\u00e7a e de Cidadania.<br \/>\n        Para virar lei, o texto precisa ser aprovado pela C\u00e2mara e pelo Senado.<br \/>\n        <a href=\"https:\/\/www.camara.leg.br\/noticias\/573454-SAIBA-MAIS-SOBRE-A-TRAMITACAO-DE-PROJETOS-DE-LEI\">Saiba mais sobre a tramita\u00e7\u00e3o de projetos de lei<\/a><\/p>\n<p style=\"font-size: 0.8rem; font-weight: 700;\">Reportagem \u2013 Murilo Souza<br \/>Edi\u00e7\u00e3o \u2013 Ana Chalub<\/p>\n<\/p><\/div>\n<p><\/a><\/p>\n<p>Fonte: www.camara.leg.br<\/p>\n","protected":false},"excerpt":{"rendered":"<p>28\/08\/2025 &#8211; 20:05 \u00a0 Mario Agra \/ C\u00e2mara dos Deputados Andreia Siqueira, relatora na comiss\u00e3o A Comiss\u00e3o de Defesa dos Direitos das Pessoas com Defici\u00eancia da C\u00e2mara dos Deputados aprovou o Projeto de Lei 3494\/25, que cria o Selo Empresa Amiga das Pessoas com Transtorno do Espectro Autista (TEA) e com Transtorno do D\u00e9ficit de [&hellip;]<\/p>\n","protected":false},"author":3,"featured_media":3463,"comment_status":"open","ping_status":"open","sticky":false,"template":"","format":"standard","meta":{"advanced_seo_description":"","jetpack_seo_html_title":"","jetpack_seo_noindex":false,"fifu_image_url":"https:\/\/www.camara.leg.br\/midias\/image\/2025\/08\/img20240313121713482-768x473.jpg","fifu_image_alt":"","_jetpack_memberships_contains_paid_content":false,"footnotes":"","jetpack_publicize_message":"","jetpack_publicize_feature_enabled":true,"jetpack_social_post_already_shared":true,"jetpack_social_options":{"image_generator_settings":{"template":"highway","default_image_id":0,"font":"","enabled":false},"version":2}},"categories":[106,1],"tags":[],"class_list":{"0":"post-3462","1":"post","2":"type-post","3":"status-publish","4":"format-standard","5":"has-post-thumbnail","7":"category-politica","8":"category-uncategorized"},"jetpack_publicize_connections":[],"jetpack_featured_media_url":"https:\/\/i0.wp.com\/www.camara.leg.br\/midias\/image\/2025\/08\/img20240313121713482-768x473.jpg?fit=%2C&ssl=1","jetpack_sharing_enabled":true,"jetpack-related-posts":[],"_links":{"self":[{"href":"https:\/\/friburgonoticias.com.br\/temp\/wp-json\/wp\/v2\/posts\/3462","targetHints":{"allow":["GET"]}}],"collection":[{"href":"https:\/\/friburgonoticias.com.br\/temp\/wp-json\/wp\/v2\/posts"}],"about":[{"href":"https:\/\/friburgonoticias.com.br\/temp\/wp-json\/wp\/v2\/types\/post"}],"author":[{"embeddable":true,"href":"https:\/\/friburgonoticias.com.br\/temp\/wp-json\/wp\/v2\/users\/3"}],"replies":[{"embeddable":true,"href":"https:\/\/friburgonoticias.com.br\/temp\/wp-json\/wp\/v2\/comments?post=3462"}],"version-history":[{"count":0,"href":"https:\/\/friburgonoticias.com.br\/temp\/wp-json\/wp\/v2\/posts\/3462\/revisions"}],"wp:featuredmedia":[{"embeddable":true,"href":"https:\/\/friburgonoticias.com.br\/temp\/wp-json\/wp\/v2\/media\/3463"}],"wp:attachment":[{"href":"https:\/\/friburgonoticias.com.br\/temp\/wp-json\/wp\/v2\/media?parent=3462"}],"wp:term":[{"taxonomy":"category","embeddable":true,"href":"https:\/\/friburgonoticias.com.br\/temp\/wp-json\/wp\/v2\/categories?post=3462"},{"taxonomy":"post_tag","embeddable":true,"href":"https:\/\/friburgonoticias.com.br\/temp\/wp-json\/wp\/v2\/tags?post=3462"}],"curies":[{"name":"wp","href":"https:\/\/api.w.org\/{rel}","templated":true}]}}