{"id":3491,"date":"2025-08-30T11:42:19","date_gmt":"2025-08-30T11:42:19","guid":{"rendered":"https:\/\/friburgonoticias.com.br\/temp\/2025\/08\/30\/justica-do-mt-pede-explicacoes-sobre-cache-de-quase-r-1-milhao-pago-a-ana-castela\/"},"modified":"2025-08-30T11:42:19","modified_gmt":"2025-08-30T11:42:19","slug":"justica-do-mt-pede-explicacoes-sobre-cache-de-quase-r-1-milhao-pago-a-ana-castela","status":"publish","type":"post","link":"https:\/\/friburgonoticias.com.br\/temp\/2025\/08\/30\/justica-do-mt-pede-explicacoes-sobre-cache-de-quase-r-1-milhao-pago-a-ana-castela\/","title":{"rendered":"Justi\u00e7a do MT pede explica\u00e7\u00f5es sobre cach\u00ea de quase R$ 1 milh\u00e3o pago a Ana Castela"},"content":{"rendered":"<br><p><\/p>\n<p>A Justi\u00e7a de <strong><a href=\"https:\/\/revistaoeste.com\/tag\/mato-grosso\" target=\"_blank\" rel=\"noreferrer noopener\">Mato Grosso<\/a><\/strong> deu prazo de 72 horas para que a <strong><a href=\"https:\/\/www.sapezal.mt.gov.br\/\" target=\"_blank\" rel=\"noreferrer noopener\">Prefeitura de Sapezal<\/a><\/strong> explique o cach\u00ea de R$ 950 mil pago pelo show da cantora Ana Castela, previsto para 18 de setembro, durante as comemora\u00e7\u00f5es dos 31 anos do munic\u00edpio. <\/p>\n<p><\/p>\n<p><\/p>\n<p>A decis\u00e3o foi tomada na quarta-feira 27, depois de um relat\u00f3rio do Minist\u00e9rio P\u00fablico apontar ind\u00edcios de sobrepre\u00e7o na contrata\u00e7\u00e3o.<\/p>\n<p><\/p>\n<p><\/p>\n<p>Segundo o documento, o valor \u00e9 at\u00e9 27% superior ao de outras apresenta\u00e7\u00f5es recentes da artista no Estado. Em Pedra Preta, em 2024, o cach\u00ea foi de R$ 650 mil; em Sorriso, R$ 750 mil; e em C\u00e1ceres, j\u00e1 em 2025, R$ 800 mil.<\/p>\n<p><\/p>\n<p><\/p>\n<p>Uma per\u00edcia cont\u00e1bil indicou ainda que a m\u00e9dia cobrada pela empresa que representa a cantora, a Boiadeira Music LTDA, para shows de 1h30 \u2014 mesmo tempo previsto para Sapezal \u2014 \u00e9 de cerca de R$ 750 mil. <\/p>\n<p><\/p>\n<p><\/p>\n<p>O relat\u00f3rio cita tamb\u00e9m que, em 2024, Ana Castela se apresentou em Campo Novo do Parecis, cidade vizinha, pelo mesmo valor.<\/p>\n<p><\/p>\n<p><\/p>\n<blockquote class=\"wp-block-quote is-layout-flow wp-block-quote-is-layout-flow\"><p><\/p>\n<p>&#8220;A log\u00edstica n\u00e3o justifica o pre\u00e7o, considerando o ponto de partida a partir da capital do Estado, a varia\u00e7\u00e3o de trajeto para Sapezal \u00e9 da ordem de aproximados 300 km em rodovia asfaltada, diferen\u00e7a incapaz de, por si s\u00f3, explicar a diferen\u00e7a de valor&#8221;, diz trecho do documento.<\/p>\n<p><\/p><\/blockquote>\n<p><\/p>\n<p><\/p>\n<p>Diante das informa\u00e7\u00f5es, o juiz Luiz Guilherme Carvalho Guimar\u00e3es determinou que a prefeitura se manifeste. Depois da resposta, o caso voltar\u00e1 a ser analisado pela Vara \u00danica de Sapezal.<\/p>\n<p><\/p>\n<p><\/p>\n<h2 class=\"wp-block-heading\" id=\"h-alem-de-ana-castela-shows-ja-foram-alvo-de-indagacoes-em-outros-estados\">Al\u00e9m de Ana Castela: shows j\u00e1 foram alvo de indaga\u00e7\u00f5es em outros Estados<\/h2>\n<p><\/p>\n<p><div class=\"wp-block-image\"><\/p>\n<figure class=\"aligncenter size-full is-resized\"><img decoding=\"async\" src=\"https:\/\/medias.revistaoeste.com\/wp-content\/uploads\/2023\/10\/Captura-de-tela-2023-10-06-075142.jpg\" alt=\"prefeitura maranh\u00e3o show de wesley safad\u00e3o - show cancelado - justi\u00e7a\" class=\"wp-image-1110646\" style=\"width:544px;height:auto\" \/><figcaption class=\"wp-element-caption\">Em julho, show de Wesley Safad\u00e3o foi suspenso temporariamente no Cear\u00e1 | Foto: Reprodu\u00e7\u00e3o\/Instagram<\/figcaption><\/figure>\n<p><\/div><\/p>\n<p><\/p>\n<p>Em julho, o 16\u00ba Festival Internacional da Cana-de-A\u00e7\u00facar, conhecido como Pindorecana, <strong><a href=\"https:\/\/revistaoeste.com\/brasil\/justica-veta-festival-com-wesley-safadao-no-ceara\/\" target=\"_blank\" rel=\"noreferrer noopener\">foi suspenso temporariamente por decis\u00e3o da Vara \u00danica de Pindoretama, no Cear\u00e1, depois de uma solicita\u00e7\u00e3o do Minist\u00e9rio P\u00fablico estadual.<\/a><\/strong> O evento trazia atra\u00e7\u00f5es como Wesley Safad\u00e3o, Taty Girl, Forr\u00f3 Real, Gil Mendes e Tito.<\/p>\n<p><\/p>\n<p><\/p>\n<p>Na \u00e9poca, o Minist\u00e9rio P\u00fablico do Cear\u00e1 (MP-CE) informou que a administra\u00e7\u00e3o municipal contratou cinco artistas sem licita\u00e7\u00e3o, o que gerou questionamentos sobre a destina\u00e7\u00e3o dos recursos p\u00fablicos.<\/p>\n<p><\/p>\n<p><\/p>\n<p><strong>+ Leia mais not\u00edcias de <a href=\"https:\/\/revistaoeste.com\/politica\/\" target=\"_blank\" rel=\"noreferrer noopener\">Pol\u00edtica<\/a> em Oeste<\/strong><\/p>\n<p><\/p>\n<p><\/p>\n<p>Segundo o MP-CE, o gasto \u00e9 desproporcional para Pindoretama, cidade de 23 mil habitantes, onde escolas e postos de sa\u00fade seguem com reparos pendentes. Mesmo depois de a\u00e7\u00f5es judiciais em 2022 e 2023, relat\u00f3rios recentes da Defesa Civil apontam falhas estruturais em creches e escolas, al\u00e9m de problemas como rachaduras, infiltra\u00e7\u00f5es e falta de adequa\u00e7\u00f5es em UBSs.<\/p>\n<p><\/p>\n<p><\/p>\n<p>Apesar da decis\u00e3o inicial da Justi\u00e7a, a festa durou quatro dias e custou R$ 1,6 milh\u00e3o \u00e0 Prefeitura de Pindoretama, depois de o TJCE revogar a liminar da Vara \u00danica do munic\u00edpio.<\/p>\n<p><\/p>\n<p><\/p>\n<p><\/p>\n<p>O post <a href=\"https:\/\/revistaoeste.com\/politica\/justica-do-mt-pede-explicacoes-sobre-cache-de-quase-r-1-milhao-pago-a-ana-castela\/\">Justi\u00e7a do MT pede explica\u00e7\u00f5es sobre cach\u00ea de quase R$ 1 milh\u00e3o pago a Ana Castela<\/a> apareceu primeiro em <a href=\"https:\/\/revistaoeste.com\">Revista Oeste<\/a>.<\/p>\r\n<br><\/a>\r\n\r\nFonte: revistaoeste.com ","protected":false},"excerpt":{"rendered":"<p>A Justi\u00e7a de Mato Grosso deu prazo de 72 horas para que a Prefeitura de Sapezal explique o cach\u00ea de R$ 950 mil pago pelo show da cantora Ana Castela, previsto para 18 de setembro, durante as comemora\u00e7\u00f5es dos 31 anos do munic\u00edpio. A decis\u00e3o foi tomada na quarta-feira 27, depois de um relat\u00f3rio do [&hellip;]<\/p>\n","protected":false},"author":3,"featured_media":3492,"comment_status":"open","ping_status":"open","sticky":false,"template":"","format":"standard","meta":{"advanced_seo_description":"","jetpack_seo_html_title":"","jetpack_seo_noindex":false,"fifu_image_url":"https:\/\/medias.revistaoeste.com\/wp-content\/uploads\/2023\/10\/Captura-de-tela-2023-10-06-075142.jpg","fifu_image_alt":"","_jetpack_memberships_contains_paid_content":false,"footnotes":"","jetpack_publicize_message":"","jetpack_publicize_feature_enabled":true,"jetpack_social_post_already_shared":true,"jetpack_social_options":{"image_generator_settings":{"template":"highway","default_image_id":0,"font":"","enabled":false},"version":2}},"categories":[106,1],"tags":[],"class_list":{"0":"post-3491","1":"post","2":"type-post","3":"status-publish","4":"format-standard","5":"has-post-thumbnail","7":"category-politica","8":"category-uncategorized"},"jetpack_publicize_connections":[],"jetpack_featured_media_url":"https:\/\/i0.wp.com\/medias.revistaoeste.com\/wp-content\/uploads\/2023\/10\/Captura-de-tela-2023-10-06-075142.jpg?fit=%2C&ssl=1","jetpack_sharing_enabled":true,"jetpack-related-posts":[],"_links":{"self":[{"href":"https:\/\/friburgonoticias.com.br\/temp\/wp-json\/wp\/v2\/posts\/3491","targetHints":{"allow":["GET"]}}],"collection":[{"href":"https:\/\/friburgonoticias.com.br\/temp\/wp-json\/wp\/v2\/posts"}],"about":[{"href":"https:\/\/friburgonoticias.com.br\/temp\/wp-json\/wp\/v2\/types\/post"}],"author":[{"embeddable":true,"href":"https:\/\/friburgonoticias.com.br\/temp\/wp-json\/wp\/v2\/users\/3"}],"replies":[{"embeddable":true,"href":"https:\/\/friburgonoticias.com.br\/temp\/wp-json\/wp\/v2\/comments?post=3491"}],"version-history":[{"count":0,"href":"https:\/\/friburgonoticias.com.br\/temp\/wp-json\/wp\/v2\/posts\/3491\/revisions"}],"wp:featuredmedia":[{"embeddable":true,"href":"https:\/\/friburgonoticias.com.br\/temp\/wp-json\/wp\/v2\/media\/3492"}],"wp:attachment":[{"href":"https:\/\/friburgonoticias.com.br\/temp\/wp-json\/wp\/v2\/media?parent=3491"}],"wp:term":[{"taxonomy":"category","embeddable":true,"href":"https:\/\/friburgonoticias.com.br\/temp\/wp-json\/wp\/v2\/categories?post=3491"},{"taxonomy":"post_tag","embeddable":true,"href":"https:\/\/friburgonoticias.com.br\/temp\/wp-json\/wp\/v2\/tags?post=3491"}],"curies":[{"name":"wp","href":"https:\/\/api.w.org\/{rel}","templated":true}]}}