{"id":3495,"date":"2025-08-30T14:22:15","date_gmt":"2025-08-30T14:22:15","guid":{"rendered":"https:\/\/friburgonoticias.com.br\/temp\/2025\/08\/30\/regulamentacao-do-airbnb-encontro-na-camara-deve-virar-reuniao-de-condominio\/"},"modified":"2025-08-30T14:22:15","modified_gmt":"2025-08-30T14:22:15","slug":"regulamentacao-do-airbnb-encontro-na-camara-deve-virar-reuniao-de-condominio","status":"publish","type":"post","link":"https:\/\/friburgonoticias.com.br\/temp\/2025\/08\/30\/regulamentacao-do-airbnb-encontro-na-camara-deve-virar-reuniao-de-condominio\/","title":{"rendered":"Regulamenta\u00e7\u00e3o do Airbnb: encontro na C\u00e2mara deve virar &#8216;reuni\u00e3o de condom\u00ednio&#8217;"},"content":{"rendered":"<p><\/p>\n<div itemprop=\"articleBody\">\nA comiss\u00e3o especial que discute a regulamenta\u00e7\u00e3o de alugu\u00e9is de curta temporada, como o Airbnb, far\u00e1 seu d\u00e9cimo encontro nesta segunda-feira (1\u00ba). E a sala das comiss\u00f5es da C\u00e2mara de Vereadores do <a href=\"https:\/\/www.instagram.com\/temporealrio\/\" target=\"_blank\" rel=\"noopener\">Rio<\/a> dever\u00e1 virar uma \u201creuni\u00e3o de condom\u00ednio\u201d.<\/p>\n<p>Isto porque os parlamentares do colegiado, liderado por Salvino Oliveira (PSD), v\u00e3o ouvir o advogado Andr\u00e9 Luiz Junqueira e as s\u00edndicas profissionais Anna Carolina Chazan e Geisa Kaufman que, juntas, administram mais de 150 condom\u00ednios na cidade.<\/p>\n<p>\u201cChegamos \u00e0 nossa d\u00e9cima reuni\u00e3o com resultados muito positivos para o debate. Conseguimos nos reunir com representantes de importantes segmentos da sociedade civil, como as for\u00e7as de seguran\u00e7a, mas tamb\u00e9m com moradores, s\u00edndicos, gente que \u00e9 afetada diretamente, todos os dias, pelo uso absolutamente sem regras dessas plataformas\u201d, afirma o vereador, que tamb\u00e9m \u00e9 o presidente da comiss\u00e3o.<\/p>\n<p><a href=\"https:\/\/temporealrj.com\/regulamentacao-do-airbnb-denuncias-de-desordem-em-predios-de-copacabana-acendem-debate-na-camara\/\">Vale lembrar que a \u00faltima reuni\u00e3o j\u00e1 foi quente, quando foram ouvidas v\u00edtimas e lesados em opera\u00e7\u00f5es dessas plataformas, que moram em Copacabana, Zona Sul da cidade.<\/a><\/p>\n<p>Sobre a \u00faltima reuni\u00e3o, o Airbnb afirmou que a seguran\u00e7a da comunidade \u00e9 muito importante para a plataforma, que trabalha continuamente em ferramentas de seguran\u00e7a para que h\u00f3spedes, anfitri\u00f5es e vizinhos tenham experi\u00eancias tranquilas.<\/p>\n<p>Disse apoiar que as regras de conviv\u00eancia estabelecidas pelos condom\u00ednios sejam cumpridas por todos os moradores e h\u00f3spedes e zela pela aplica\u00e7\u00e3o das regras. O Airbnb destacou ainda que acredita que o di\u00e1logo \u00e9 o melhor caminho para todos.<\/p>\n<h2 class=\"wp-block-heading\">Expectativa \u00e9 votar \u2018PL do Airbnb\u2019 at\u00e9 o fim do ano<\/h2>\n<p>O PL 372 segue em tramita\u00e7\u00e3o na C\u00e2mara, passando pela an\u00e1lise das comiss\u00f5es permanentes antes de seguir ao Plen\u00e1rio.<\/p>\n<p>\u201cTenho certeza que conseguiremos votar este projeto at\u00e9 o fim do ano. Ele \u00e9 de extrema import\u00e2ncia para o ordenamento da nossa cidade e a seguran\u00e7a do carioca\u201d, conclui Salvino.\n<\/p><\/div>\n<p><script async src=\"\/\/www.instagram.com\/embed.js\"><\/script><br \/>\n<br \/><\/a><\/p>\n<p>Fonte: temporealrj.com<\/p>\n","protected":false},"excerpt":{"rendered":"<p>A comiss\u00e3o especial que discute a regulamenta\u00e7\u00e3o de alugu\u00e9is de curta temporada, como o Airbnb, far\u00e1 seu d\u00e9cimo encontro nesta segunda-feira (1\u00ba). E a sala das comiss\u00f5es da C\u00e2mara de Vereadores do Rio dever\u00e1 virar uma \u201creuni\u00e3o de condom\u00ednio\u201d. Isto porque os parlamentares do colegiado, liderado por Salvino Oliveira (PSD), v\u00e3o ouvir o advogado Andr\u00e9 [&hellip;]<\/p>\n","protected":false},"author":3,"featured_media":3496,"comment_status":"open","ping_status":"open","sticky":false,"template":"","format":"standard","meta":{"advanced_seo_description":"","jetpack_seo_html_title":"","jetpack_seo_noindex":false,"fifu_image_url":"https:\/\/temporealrj.com\/wp-content\/uploads\/2025\/04\/airbnb-1.png","fifu_image_alt":"","_jetpack_memberships_contains_paid_content":false,"footnotes":"","jetpack_publicize_message":"","jetpack_publicize_feature_enabled":true,"jetpack_social_post_already_shared":true,"jetpack_social_options":{"image_generator_settings":{"template":"highway","default_image_id":0,"font":"","enabled":false},"version":2}},"categories":[106,1],"tags":[],"class_list":{"0":"post-3495","1":"post","2":"type-post","3":"status-publish","4":"format-standard","5":"has-post-thumbnail","7":"category-politica","8":"category-uncategorized"},"jetpack_publicize_connections":[],"jetpack_featured_media_url":"https:\/\/i0.wp.com\/temporealrj.com\/wp-content\/uploads\/2025\/04\/airbnb-1.png?fit=%2C&ssl=1","jetpack_sharing_enabled":true,"jetpack-related-posts":[],"_links":{"self":[{"href":"https:\/\/friburgonoticias.com.br\/temp\/wp-json\/wp\/v2\/posts\/3495","targetHints":{"allow":["GET"]}}],"collection":[{"href":"https:\/\/friburgonoticias.com.br\/temp\/wp-json\/wp\/v2\/posts"}],"about":[{"href":"https:\/\/friburgonoticias.com.br\/temp\/wp-json\/wp\/v2\/types\/post"}],"author":[{"embeddable":true,"href":"https:\/\/friburgonoticias.com.br\/temp\/wp-json\/wp\/v2\/users\/3"}],"replies":[{"embeddable":true,"href":"https:\/\/friburgonoticias.com.br\/temp\/wp-json\/wp\/v2\/comments?post=3495"}],"version-history":[{"count":0,"href":"https:\/\/friburgonoticias.com.br\/temp\/wp-json\/wp\/v2\/posts\/3495\/revisions"}],"wp:featuredmedia":[{"embeddable":true,"href":"https:\/\/friburgonoticias.com.br\/temp\/wp-json\/wp\/v2\/media\/3496"}],"wp:attachment":[{"href":"https:\/\/friburgonoticias.com.br\/temp\/wp-json\/wp\/v2\/media?parent=3495"}],"wp:term":[{"taxonomy":"category","embeddable":true,"href":"https:\/\/friburgonoticias.com.br\/temp\/wp-json\/wp\/v2\/categories?post=3495"},{"taxonomy":"post_tag","embeddable":true,"href":"https:\/\/friburgonoticias.com.br\/temp\/wp-json\/wp\/v2\/tags?post=3495"}],"curies":[{"name":"wp","href":"https:\/\/api.w.org\/{rel}","templated":true}]}}