{"id":3525,"date":"2025-08-31T21:07:22","date_gmt":"2025-08-31T21:07:22","guid":{"rendered":"https:\/\/friburgonoticias.com.br\/temp\/2025\/08\/31\/apoiadores-se-reunem-em-frente-a-condominio-de-bolsonaro\/"},"modified":"2025-08-31T21:07:22","modified_gmt":"2025-08-31T21:07:22","slug":"apoiadores-se-reunem-em-frente-a-condominio-de-bolsonaro","status":"publish","type":"post","link":"https:\/\/friburgonoticias.com.br\/temp\/2025\/08\/31\/apoiadores-se-reunem-em-frente-a-condominio-de-bolsonaro\/","title":{"rendered":"Apoiadores se re\u00fanem em frente a condom\u00ednio de Bolsonaro"},"content":{"rendered":"<p><\/p>\n<div id=\"hd80s9wa1h892edh8192\">\n        Um grupo de apoiadores do ex-presidente Jair Bolsonaro realizou neste domingo, 31, uma carreata em Bras\u00edlia. A mobiliza\u00e7\u00e3o partiu da Torre de TV e terminou no condom\u00ednio do Lago Sul, onde ele cumpre pris\u00e3o domiciliar. O ato teve bandeiras do Brasil, de Israel e dos Estados Unidos, al\u00e9m de faixas contra o ministro Alexandre de Moraes, <strong><a href=\"https:\/\/portal.stf.jus.br\/\" target=\"_blank\" rel=\"noreferrer noopener\">Supremo Tribunal Federal (STF)<\/a><\/strong>. <\/p>\n<p><strong>+ Leia mais not\u00edcias de <a href=\"https:\/\/revistaoeste.com\/politica\/\" target=\"_blank\" rel=\"noreferrer noopener\">Pol\u00edtica<\/a> em Oeste<\/strong><\/p>\n<p>Em frente ao local, os manifestantes fizeram ora\u00e7\u00f5es, gritaram palavras de ordem contra Lula e pediram a volta do ex-presidente ao Planalto. Entre os cartazes, estavam mensagens como \u201cFora, Moraes\u201d, \u201cAnistia j\u00e1\u201d e \u201cLula, ladr\u00e3o, seu lugar \u00e9 na pris\u00e3o\u201d.<\/p>\n<h2 class=\"wp-block-heading\" id=\"h-apoio-a-bolsonaro-antes-de-julgamento\">Apoio a Bolsonaro antes de julgamento<\/h2>\n<p>O julgamento do ex-presidente ter\u00e1 in\u00edcio nesta ter\u00e7a-feira, 2, pela Primeira Turma do STF. Ele e outros sete r\u00e9us s\u00e3o acusados de participa\u00e7\u00e3o na suposta tentativa de golpe de Estado depois das elei\u00e7\u00f5es de 2022. As sess\u00f5es v\u00e3o at\u00e9 12 de setembro e podem somar 27 horas de an\u00e1lise.<\/p>\n<figure class=\"wp-block-embed is-type-video is-provider-youtube wp-block-embed-youtube wp-embed-aspect-16-9 wp-has-aspect-ratio\">\n<div class=\"wp-block-embed__wrapper\">\n<div class=\"perfmatters-lazy-youtube\" data-src=\"https:\/\/www.youtube.com\/embed\/6t8GHhZoP6I\" data-id=\"6t8GHhZoP6I\" data-query=\"feature=oembed\" onclick=\"perfmattersLazyLoadYouTube(this);\">\n<div><img loading=\"lazy\" decoding=\"async\" alt=\"YouTube video\" width=\"480\" height=\"360\" data-pin-nopin=\"true\" nopin=\"nopin\" class=\"perfmatters-lazy\" src=\"https:\/\/i.ytimg.com\/vi\/6t8GHhZoP6I\/hqdefault.jpg\"\/><img loading=\"lazy\" decoding=\"async\" src=\"https:\/\/i.ytimg.com\/vi\/6t8GHhZoP6I\/hqdefault.jpg\" alt=\"YouTube video\" width=\"480\" height=\"360\" data-pin-nopin=\"true\" nopin=\"nopin\"\/><\/div>\n<\/div>\n<p><noscript><iframe loading=\"lazy\" title=\"Augusto: &#039;STF est\u00e1 em pris\u00e3o domiciliar&#039;\" width=\"1170\" height=\"658\" src=\"https:\/\/www.youtube.com\/embed\/6t8GHhZoP6I?feature=oembed\" frameborder=\"0\" allow=\"accelerometer; autoplay; clipboard-write; encrypted-media; gyroscope; picture-in-picture; web-share\" referrerpolicy=\"strict-origin-when-cross-origin\" allowfullscreen><\/iframe><\/noscript>\n<\/div>\n<\/figure>\n<p>O relator Alexandre de Moraes abrir\u00e1 os trabalhos com a leitura de seu relat\u00f3rio, prevista para durar uma hora e meia. Depois, o procurador-geral da Rep\u00fablica, Paulo Gonet, ter\u00e1 duas horas para defender a condena\u00e7\u00e3o. Em seguida, cada advogado de defesa ter\u00e1 uma hora de fala. A primeira semana deve consumir mais de dez horas de julgamento.<\/p>\n<p><strong>Leia mais:<a href=\"https:\/\/revistaoeste.com\/politica\/os-argumentos-da-defesa-de-bolsonaro\/\" target=\"_blank\" rel=\"noreferrer noopener\"> \u201cOs argumentos da defesa de Bolsonaro\u201d<\/a><\/strong><\/p>\n<p>A Corte montou um esquema de seguran\u00e7a refor\u00e7ado. O acesso ao plen\u00e1rio ser\u00e1 restrito a credenciados, que passar\u00e3o por detectores de metais e revistas. Ve\u00edculos ser\u00e3o vistoriados e c\u00e3es farejadores inspecionar\u00e3o o pr\u00e9dio. Copos de vidro foram substitu\u00eddos por descart\u00e1veis, e apenas ministros, advogados e r\u00e9us poder\u00e3o beber \u00e1gua e caf\u00e9 no recinto.<\/p>\n<p>Na Pra\u00e7a dos Tr\u00eas Poderes, a seguran\u00e7a ser\u00e1 ampliada em conjunto com a Secretaria de Seguran\u00e7a P\u00fablica do Distrito Federal. Drones com c\u00e2meras t\u00e9rmicas v\u00e3o monitorar a movimenta\u00e7\u00e3o ao redor. Tamb\u00e9m haver\u00e1 vigil\u00e2ncia digital permanente para prevenir ataques cibern\u00e9ticos durante o julgamento.<\/p>\n<p><strong>Leia tamb\u00e9m: <a href=\"https:\/\/revistaoeste.com\/revista\/edicao-284\/a-ditadura-veste-toga\/\" target=\"_blank\" rel=\"noreferrer noopener\">\u201cA ditadura veste toga\u201d<\/a> reportagem de Silvio Navarro publicada na Edi\u00e7\u00e3o 284 da Revista Oeste<\/strong><\/p>\n<p>Alguns acusados, como o tenente-coronel Mauro Cid, decidiram n\u00e3o comparecer ao plen\u00e1rio. A an\u00e1lise ficar\u00e1 a cargo dos cinco ministros da Primeira Turma, em meio a um dos maiores esquemas de prote\u00e7\u00e3o j\u00e1 montados pelo STF.<\/p><\/div>\n<p><\/a><\/p>\n<p>Fonte: revistaoeste.com<\/p>\n","protected":false},"excerpt":{"rendered":"<p>Um grupo de apoiadores do ex-presidente Jair Bolsonaro realizou neste domingo, 31, uma carreata em Bras\u00edlia. A mobiliza\u00e7\u00e3o partiu da Torre de TV e terminou no condom\u00ednio do Lago Sul, onde ele cumpre pris\u00e3o domiciliar. O ato teve bandeiras do Brasil, de Israel e dos Estados Unidos, al\u00e9m de faixas contra o ministro Alexandre de [&hellip;]<\/p>\n","protected":false},"author":3,"featured_media":3526,"comment_status":"open","ping_status":"open","sticky":false,"template":"","format":"standard","meta":{"advanced_seo_description":"","jetpack_seo_html_title":"","jetpack_seo_noindex":false,"fifu_image_url":"https:\/\/medias.revistaoeste.com\/wp-content\/uploads\/2025\/08\/Bolso1.jpg","fifu_image_alt":"","_jetpack_memberships_contains_paid_content":false,"footnotes":"","jetpack_publicize_message":"","jetpack_publicize_feature_enabled":true,"jetpack_social_post_already_shared":true,"jetpack_social_options":{"image_generator_settings":{"template":"highway","default_image_id":0,"font":"","enabled":false},"version":2}},"categories":[106,1],"tags":[],"class_list":{"0":"post-3525","1":"post","2":"type-post","3":"status-publish","4":"format-standard","5":"has-post-thumbnail","7":"category-politica","8":"category-uncategorized"},"jetpack_publicize_connections":[],"jetpack_featured_media_url":"https:\/\/i0.wp.com\/medias.revistaoeste.com\/wp-content\/uploads\/2025\/08\/Bolso1.jpg?fit=%2C&ssl=1","jetpack_sharing_enabled":true,"jetpack-related-posts":[],"_links":{"self":[{"href":"https:\/\/friburgonoticias.com.br\/temp\/wp-json\/wp\/v2\/posts\/3525","targetHints":{"allow":["GET"]}}],"collection":[{"href":"https:\/\/friburgonoticias.com.br\/temp\/wp-json\/wp\/v2\/posts"}],"about":[{"href":"https:\/\/friburgonoticias.com.br\/temp\/wp-json\/wp\/v2\/types\/post"}],"author":[{"embeddable":true,"href":"https:\/\/friburgonoticias.com.br\/temp\/wp-json\/wp\/v2\/users\/3"}],"replies":[{"embeddable":true,"href":"https:\/\/friburgonoticias.com.br\/temp\/wp-json\/wp\/v2\/comments?post=3525"}],"version-history":[{"count":0,"href":"https:\/\/friburgonoticias.com.br\/temp\/wp-json\/wp\/v2\/posts\/3525\/revisions"}],"wp:featuredmedia":[{"embeddable":true,"href":"https:\/\/friburgonoticias.com.br\/temp\/wp-json\/wp\/v2\/media\/3526"}],"wp:attachment":[{"href":"https:\/\/friburgonoticias.com.br\/temp\/wp-json\/wp\/v2\/media?parent=3525"}],"wp:term":[{"taxonomy":"category","embeddable":true,"href":"https:\/\/friburgonoticias.com.br\/temp\/wp-json\/wp\/v2\/categories?post=3525"},{"taxonomy":"post_tag","embeddable":true,"href":"https:\/\/friburgonoticias.com.br\/temp\/wp-json\/wp\/v2\/tags?post=3525"}],"curies":[{"name":"wp","href":"https:\/\/api.w.org\/{rel}","templated":true}]}}