{"id":3535,"date":"2025-09-01T12:05:49","date_gmt":"2025-09-01T12:05:49","guid":{"rendered":"https:\/\/friburgonoticias.com.br\/temp\/2025\/09\/01\/plenario-da-camara-debate-reforma-administrativa-com-especialistas-nesta-quarta-feira-noticias\/"},"modified":"2025-09-01T12:05:49","modified_gmt":"2025-09-01T12:05:49","slug":"plenario-da-camara-debate-reforma-administrativa-com-especialistas-nesta-quarta-feira-noticias","status":"publish","type":"post","link":"https:\/\/friburgonoticias.com.br\/temp\/2025\/09\/01\/plenario-da-camara-debate-reforma-administrativa-com-especialistas-nesta-quarta-feira-noticias\/","title":{"rendered":"Plen\u00e1rio da C\u00e2mara debate reforma administrativa com especialistas nesta quarta-feira &#8211; Not\u00edcias"},"content":{"rendered":"<p><\/p>\n<div>\n<div>\n<p class=\"g-artigo__data-hora\">\n                      01\/09\/2025 &#8211; 08:45 \u00a0\n                    <\/p>\n<div id=\"image-container-1193697\" class=\"image-container\" style=\"float: none; margin: 45px 0px; width: 100%;\" data-midia=\"1193697\">\n        <em>Vinicius Loures\/C\u00e2mara dos Deputados<\/em><\/p>\n<p>        Plen\u00e1rio durante sess\u00e3o deliberativa\n        <\/p><\/div>\n<p>        O Plen\u00e1rio da C\u00e2mara dos Deputados re\u00fane-se em <span id=\"4083\" class=\"termoGlossario\" title=\"A sess\u00e3o plen\u00e1ria da C\u00e2mara pode ser transformada em comiss\u00e3o geral para debater assunto relevante, projeto de iniciativa popular ou para ouvir ministro de Estado. Nessa ocasi\u00e3o, diferentemente dos debates ocorridos durante a vota\u00e7\u00e3o de mat\u00e9rias, al\u00e9m dos deputados, podem falar representantes da sociedade relacionados ao tema debatido.\" contenteditable=\"false\" data-toggle=\"tooltip\" data-placement=\"top\">comiss\u00e3o geral<\/span> nesta quarta-feira (3)\u00a0 para discutir a reforma administrativa. A reuni\u00e3o est\u00e1 agendada para as 9 horas e foi anunciada na semana passada pelo presidente da C\u00e2mara, deputado Hugo Motta (Republicanos-PB).<br \/>\n        Para Motta,\u00a0a discuss\u00e3o sobre o tema n\u00e3o pode mais ser adiada. Ele entende que a\u00a0reforma administrativa diz respeito \u00e0 capacidade de o Estado servir de forma eficiente e justa.<br \/>\n        \u201cO Brasil precisa de coragem para enfrentar suas verdades. E uma delas \u00e9 inescap\u00e1vel: o Estado n\u00e3o est\u00e1 funcionando na velocidade da sociedade. A cada dia, a vida real cobra mais do que a m\u00e1quina p\u00fablica consegue entregar. E quando o Estado falha, \u00e9 o cidad\u00e3o quem paga a conta\u201d, afirmou por meio de suas redes sociais.<br \/>\n        <strong>Pauta da semana<\/strong><br \/>Al\u00e9m da comiss\u00e3o geral, o Plen\u00e1rio se re\u00fane para votar as proposta em pauta. Podem ser analisados:<\/p>\n<ul>\n<li>o projeto (PL 2928\/25) que estabelece crit\u00e9rios para apresenta\u00e7\u00e3o de a\u00e7\u00f5es diretas de constitucionalidade no Supremo Tribunal Federal;<\/li>\n<li>a proposta (<a class=\"linkProposicao\" href=\"https:\/\/www.camara.leg.br\/noticias\/1077166-projeto-estabelece-regras-para-desconto-de-mensalidades-associativas-em-beneficio-previdenciario\">PL 1546\/24<\/a>) que exige assinatura eletr\u00f4nica para autoriza\u00e7\u00e3o de desconto de mensalidades em benef\u00edcios do INSS;<\/li>\n<li>o projeto (<a class=\"linkProposicao\" href=\"https:\/\/www.camara.leg.br\/noticias\/1086227-projeto-traca-diretrizes-para-conservacao-e-uso-sustentavel-do-pantanal\">PL 2334\/24<\/a>) que define diretrizes para a conserva\u00e7\u00e3o e o uso sustent\u00e1vel do Pantanal; e<\/li>\n<li>o projeto (PL 6139\/23) que cria um sistema oficial de apoio ao cr\u00e9dito para exporta\u00e7\u00f5es brasileiras, como parte das medidas do governo para enfrentar o aumento das tarifas dos Estados Unidos.<\/li>\n<\/ul>\n<p data-start=\"1638\" data-end=\"1791\">Tamb\u00e9m pode ser analisado o projeto (PL 1533\/24) que institui o Sistema Nacional de Informa\u00e7\u00e3o sobre o Desenvolvimento Integral da Primeira Inf\u00e2ncia.<\/p>\n<p style=\"font-size: 0.8rem; font-weight: 700;\">Reportagem \u2013  Cid Queiroz<br \/>Edi\u00e7\u00e3o \u2013 Rachel Librelon<\/p>\n<\/p><\/div>\n<\/p><\/div>\n<p><\/a><\/p>\n<p>Fonte: www.camara.leg.br<\/p>\n","protected":false},"excerpt":{"rendered":"<p>01\/09\/2025 &#8211; 08:45 \u00a0 Vinicius Loures\/C\u00e2mara dos Deputados Plen\u00e1rio durante sess\u00e3o deliberativa O Plen\u00e1rio da C\u00e2mara dos Deputados re\u00fane-se em comiss\u00e3o geral nesta quarta-feira (3)\u00a0 para discutir a reforma administrativa. A reuni\u00e3o est\u00e1 agendada para as 9 horas e foi anunciada na semana passada pelo presidente da C\u00e2mara, deputado Hugo Motta (Republicanos-PB). Para Motta,\u00a0a discuss\u00e3o [&hellip;]<\/p>\n","protected":false},"author":3,"featured_media":3536,"comment_status":"open","ping_status":"open","sticky":false,"template":"","format":"standard","meta":{"advanced_seo_description":"","jetpack_seo_html_title":"","jetpack_seo_noindex":false,"fifu_image_url":"https:\/\/www.camara.leg.br\/midias\/image\/2025\/08\/img20250826205754266-768x473.jpg","fifu_image_alt":"","_jetpack_memberships_contains_paid_content":false,"footnotes":"","jetpack_publicize_message":"","jetpack_publicize_feature_enabled":true,"jetpack_social_post_already_shared":true,"jetpack_social_options":{"image_generator_settings":{"template":"highway","default_image_id":0,"font":"","enabled":false},"version":2}},"categories":[107],"tags":[],"class_list":{"0":"post-3535","1":"post","2":"type-post","3":"status-publish","4":"format-standard","5":"has-post-thumbnail","7":"category-economia"},"jetpack_publicize_connections":[],"jetpack_featured_media_url":"https:\/\/i0.wp.com\/www.camara.leg.br\/midias\/image\/2025\/08\/img20250826205754266-768x473.jpg?fit=%2C&ssl=1","jetpack_sharing_enabled":true,"jetpack-related-posts":[],"_links":{"self":[{"href":"https:\/\/friburgonoticias.com.br\/temp\/wp-json\/wp\/v2\/posts\/3535","targetHints":{"allow":["GET"]}}],"collection":[{"href":"https:\/\/friburgonoticias.com.br\/temp\/wp-json\/wp\/v2\/posts"}],"about":[{"href":"https:\/\/friburgonoticias.com.br\/temp\/wp-json\/wp\/v2\/types\/post"}],"author":[{"embeddable":true,"href":"https:\/\/friburgonoticias.com.br\/temp\/wp-json\/wp\/v2\/users\/3"}],"replies":[{"embeddable":true,"href":"https:\/\/friburgonoticias.com.br\/temp\/wp-json\/wp\/v2\/comments?post=3535"}],"version-history":[{"count":0,"href":"https:\/\/friburgonoticias.com.br\/temp\/wp-json\/wp\/v2\/posts\/3535\/revisions"}],"wp:featuredmedia":[{"embeddable":true,"href":"https:\/\/friburgonoticias.com.br\/temp\/wp-json\/wp\/v2\/media\/3536"}],"wp:attachment":[{"href":"https:\/\/friburgonoticias.com.br\/temp\/wp-json\/wp\/v2\/media?parent=3535"}],"wp:term":[{"taxonomy":"category","embeddable":true,"href":"https:\/\/friburgonoticias.com.br\/temp\/wp-json\/wp\/v2\/categories?post=3535"},{"taxonomy":"post_tag","embeddable":true,"href":"https:\/\/friburgonoticias.com.br\/temp\/wp-json\/wp\/v2\/tags?post=3535"}],"curies":[{"name":"wp","href":"https:\/\/api.w.org\/{rel}","templated":true}]}}