{"id":3551,"date":"2025-09-01T16:22:21","date_gmt":"2025-09-01T16:22:21","guid":{"rendered":"https:\/\/friburgonoticias.com.br\/temp\/2025\/09\/01\/comissao-aprova-reserva-de-recursos-para-qualificacao-profissional-em-telecomunicacoes-noticias\/"},"modified":"2025-09-01T16:22:21","modified_gmt":"2025-09-01T16:22:21","slug":"comissao-aprova-reserva-de-recursos-para-qualificacao-profissional-em-telecomunicacoes-noticias","status":"publish","type":"post","link":"https:\/\/friburgonoticias.com.br\/temp\/2025\/09\/01\/comissao-aprova-reserva-de-recursos-para-qualificacao-profissional-em-telecomunicacoes-noticias\/","title":{"rendered":"Comiss\u00e3o aprova reserva de recursos para qualifica\u00e7\u00e3o profissional em telecomunica\u00e7\u00f5es &#8211; Not\u00edcias"},"content":{"rendered":"<p><\/p>\n<div>\n<div>\n<p class=\"g-artigo__data-hora\">\n                      01\/09\/2025 &#8211; 13:16 \u00a0\n                    <\/p>\n<div id=\"image-container-1194777\" class=\"image-container\" style=\"float: none; margin: 45px 0px; width: 100%;\" data-midia=\"1194777\">\n        <em>M\u00e1rio Agra\/C\u00e2mara dos Deputados<\/em><\/p>\n<p>        Pastor Diniz: proposta estimula ind\u00fastria nacional de telecomunica\u00e7\u00f5es\n        <\/p><\/div>\n<p>        A Comiss\u00e3o de Comunica\u00e7\u00e3o da C\u00e2mara dos Deputados aprovou projeto de lei que destina pelo menos 20% dos recursos do Fundo para o Desenvolvimento Tecnol\u00f3gico das Telecomunica\u00e7\u00f5es (Funttel) \u00e0 forma\u00e7\u00e3o e \u00e0 capacita\u00e7\u00e3o de m\u00e3o de obra para o setor.<br \/>\n        O Funttel \u00e9 arrecadado sobre a receita das empresas de telecomunica\u00e7\u00f5es e j\u00e1 financia, entre outras a\u00e7\u00f5es, a qualifica\u00e7\u00e3o de recursos humanos. Atualmente, no entanto, n\u00e3o h\u00e1 percentual m\u00ednimo obrigat\u00f3rio para esse fim. Em 2024, o fundo arrecadou no total R$ 311 milh\u00f5es.<br \/>\n        <a href=\"https:\/\/www.camara.leg.br\/proposicoesWeb\/prop_mostrarintegra?codteor=2984600&amp;filename=PRL+2+CCOM+%3D%3E+PL+4300\/2019\">Por recomenda\u00e7\u00e3o do relator<\/a>, deputado Pastor Diniz (Uni\u00e3o-RR), os membros da Comiss\u00e3o de Comunica\u00e7\u00e3o acolheram o <span id=\"4098\" class=\"termoGlossario\" title=\"Nome que se d\u00e1 ao texto que altera substancialmente o conte\u00fado original da proposta. O substitutivo \u00e9 apresentado pelo relator e tem prefer\u00eancia na vota\u00e7\u00e3o sobre o projeto original.\" contenteditable=\"false\" data-toggle=\"tooltip\" data-placement=\"top\">substitutivo<\/span> aprovado pela Comiss\u00e3o de Ci\u00eancia, Tecnologia e Inova\u00e7\u00e3o, que <a href=\"https:\/\/www.camara.leg.br\/noticias\/1062989-COMISSAO-APROVA-PROJETO-QUE-DESTINA-20-DO-FUNTTEL-PARA-FORMACAO-DE-RECURSOS-HUMANOS\">analisou o tema anteriormente<\/a>. O substitutivo foi elaborado pelo deputado Dr. Zacharias Calil (Uni\u00e3o-GO) como alternativa ao <a class=\"linkProposicao\" href=\"https:\/\/www.camara.leg.br\/noticias\/585365-projeto-preve-aplicacao-de-20-de-fundo-em-mao-de-obra-para-telecomunicacoes\">Projeto de Lei 4300\/19<\/a>, do deputado Carlos Henrique Gaguim (Uni\u00e3o-TO).<\/p>\n<p>        Pastor Diniz afirmou que a proposta pode ajudar o Brasil a retomar a posi\u00e7\u00e3o, que ocupou no passado, de exportador de produtos de telecomunica\u00e7\u00e3o.<br \/>\n        \u201cConsiderando que o fundo arrecada e realiza disp\u00eandios da ordem de R$ 300 milh\u00f5es anuais, a medida garantir\u00e1 a aloca\u00e7\u00e3o de cerca de R$ 60 milh\u00f5es para a forma\u00e7\u00e3o e qualifica\u00e7\u00e3o de novos talentos a cada ano\u201d, disse.<br \/>\n        <strong>Pr\u00f3ximos passos<br \/><\/strong>O projeto tramita em <span id=\"4322\" class=\"termoGlossario\" title=\"Rito de tramita\u00e7\u00e3o pelo qual o projeto \u00e9 votado apenas pelas comiss\u00f5es designadas para analis\u00e1-lo, dispensada a delibera\u00e7\u00e3o do Plen\u00e1rio. O projeto perde o car\u00e1ter conclusivo se houver decis\u00e3o divergente entre as comiss\u00f5es ou se, independentemente de ser aprovado ou rejeitado, houver recurso assinado por 52 deputados para a aprecia\u00e7\u00e3o da mat\u00e9ria no Plen\u00e1rio.\" contenteditable=\"false\" data-toggle=\"tooltip\" data-placement=\"top\">car\u00e1ter conclusivo<\/span> e ainda ser\u00e1 analisado pelas comiss\u00f5es de Finan\u00e7as e Tributa\u00e7\u00e3o; e de Constitui\u00e7\u00e3o e Justi\u00e7a e de Cidadania (CCJ). Para virar lei, precisa ser aprovado pela C\u00e2mara e pelo Senado.<\/p>\n<p>        \u00a0<br \/>\n        <iframe class=\"infografico-container\" style=\"width: 100%; height: 100%;\" src=\"https:\/\/www.camara.leg.br\/internet\/agencia\/infograficos-html5\/telecomunicacoes\/index.html\" frameborder=\"0\" data-mce-fragment=\"1\"><\/iframe><br \/>\n        \u00a0<\/p>\n<p style=\"font-size: 0.8rem; font-weight: 700;\">Reportagem \u2013 Janary J\u00fanior<br \/>Edi\u00e7\u00e3o \u2013 Marcelo Oliveira<\/p>\n<\/p><\/div>\n<\/p><\/div>\n<p><\/a><\/p>\n<p>Fonte: www.camara.leg.br<\/p>\n","protected":false},"excerpt":{"rendered":"<p>01\/09\/2025 &#8211; 13:16 \u00a0 M\u00e1rio Agra\/C\u00e2mara dos Deputados Pastor Diniz: proposta estimula ind\u00fastria nacional de telecomunica\u00e7\u00f5es A Comiss\u00e3o de Comunica\u00e7\u00e3o da C\u00e2mara dos Deputados aprovou projeto de lei que destina pelo menos 20% dos recursos do Fundo para o Desenvolvimento Tecnol\u00f3gico das Telecomunica\u00e7\u00f5es (Funttel) \u00e0 forma\u00e7\u00e3o e \u00e0 capacita\u00e7\u00e3o de m\u00e3o de obra para o [&hellip;]<\/p>\n","protected":false},"author":3,"featured_media":3552,"comment_status":"open","ping_status":"open","sticky":false,"template":"","format":"standard","meta":{"advanced_seo_description":"","jetpack_seo_html_title":"","jetpack_seo_noindex":false,"fifu_image_url":"https:\/\/www.camara.leg.br\/midias\/image\/2025\/09\/img20240604201043325-768x473.jpg","fifu_image_alt":"","_jetpack_memberships_contains_paid_content":false,"footnotes":"","jetpack_publicize_message":"","jetpack_publicize_feature_enabled":true,"jetpack_social_post_already_shared":true,"jetpack_social_options":{"image_generator_settings":{"template":"highway","default_image_id":0,"font":"","enabled":false},"version":2}},"categories":[106,1],"tags":[],"class_list":{"0":"post-3551","1":"post","2":"type-post","3":"status-publish","4":"format-standard","5":"has-post-thumbnail","7":"category-politica","8":"category-uncategorized"},"jetpack_publicize_connections":[],"jetpack_featured_media_url":"https:\/\/i0.wp.com\/www.camara.leg.br\/midias\/image\/2025\/09\/img20240604201043325-768x473.jpg?fit=%2C&ssl=1","jetpack_sharing_enabled":true,"jetpack-related-posts":[],"_links":{"self":[{"href":"https:\/\/friburgonoticias.com.br\/temp\/wp-json\/wp\/v2\/posts\/3551","targetHints":{"allow":["GET"]}}],"collection":[{"href":"https:\/\/friburgonoticias.com.br\/temp\/wp-json\/wp\/v2\/posts"}],"about":[{"href":"https:\/\/friburgonoticias.com.br\/temp\/wp-json\/wp\/v2\/types\/post"}],"author":[{"embeddable":true,"href":"https:\/\/friburgonoticias.com.br\/temp\/wp-json\/wp\/v2\/users\/3"}],"replies":[{"embeddable":true,"href":"https:\/\/friburgonoticias.com.br\/temp\/wp-json\/wp\/v2\/comments?post=3551"}],"version-history":[{"count":0,"href":"https:\/\/friburgonoticias.com.br\/temp\/wp-json\/wp\/v2\/posts\/3551\/revisions"}],"wp:featuredmedia":[{"embeddable":true,"href":"https:\/\/friburgonoticias.com.br\/temp\/wp-json\/wp\/v2\/media\/3552"}],"wp:attachment":[{"href":"https:\/\/friburgonoticias.com.br\/temp\/wp-json\/wp\/v2\/media?parent=3551"}],"wp:term":[{"taxonomy":"category","embeddable":true,"href":"https:\/\/friburgonoticias.com.br\/temp\/wp-json\/wp\/v2\/categories?post=3551"},{"taxonomy":"post_tag","embeddable":true,"href":"https:\/\/friburgonoticias.com.br\/temp\/wp-json\/wp\/v2\/tags?post=3551"}],"curies":[{"name":"wp","href":"https:\/\/api.w.org\/{rel}","templated":true}]}}