{"id":3553,"date":"2025-09-01T17:04:13","date_gmt":"2025-09-01T17:04:13","guid":{"rendered":"https:\/\/friburgonoticias.com.br\/temp\/2025\/09\/01\/quadrilha-furta-celulares-e-joias-em-shoppings-de-nova-friburgo-e-rio-das-ostras\/"},"modified":"2025-09-01T17:04:13","modified_gmt":"2025-09-01T17:04:13","slug":"quadrilha-furta-celulares-e-joias-em-shoppings-de-nova-friburgo-e-rio-das-ostras","status":"publish","type":"post","link":"https:\/\/friburgonoticias.com.br\/temp\/2025\/09\/01\/quadrilha-furta-celulares-e-joias-em-shoppings-de-nova-friburgo-e-rio-das-ostras\/","title":{"rendered":"Quadrilha furta celulares e joias em shoppings de Nova Friburgo e Rio das Ostras"},"content":{"rendered":"<p><\/p>\n<div id=\"post-56150\">\n<div class=\"post-header post-tp-13-header\">\n<div class=\"single-featured\">\n<img loading=\"lazy\" decoding=\"async\" data-lazyloaded=\"1\" src=\"https:\/\/www.serranewsrj.com.br\/wp-content\/uploads\/2025\/09\/quadrilha-cadima.jpg\" width=\"639\" height=\"359\" alt=\"\"\/>                                         <span class=\"image-credit\">Imagens de c\u00e2mera de seguran\u00e7a em Nova Friburgo. <\/span><\/div>\n<\/div>\n<div class=\"entry-content clearfix single-post-content\">\n<p style=\"text-align: justify;\">Uma quadrilha formada por dois homens e uma mulher \u00e9 suspeita de praticar furtos em shoppings de <a href=\"https:\/\/www.serranewsrj.com.br\/noticias\/regiao-serrana\/nova-friburgo\">Nova Friburgo<\/a> e Rio das Ostras, nos dias 29 e 30 de agosto. As pol\u00edcias Civil e Militar trabalham para identificar e localizar os envolvidos, que foram flagrados por c\u00e2meras de seguran\u00e7a.<\/p>\n<div class=\"xvwqbu xvwqbu-post-inline xvwqbu-float-center xvwqbu-align-center xvwqbu-column-1 xvwqbu-clearfix no-bg-box-model\">\n<div id=\"xvwqbu-40657-576412244\" class=\"xvwqbu-container xvwqbu-type-image\" itemscope=\"\" itemtype=\"https:\/\/schema.org\/WPAdBlock\" data-adid=\"40657\" data-type=\"image\"><a itemprop=\"url\" class=\"xvwqbu-link\" href=\"https:\/\/www.instagram.com\/nossafeiranf?utm_source=ig_web_button_share_sheet&amp;igsh=ZDNlZDc0MzIxNw==\" target=\"_blank\" rel=\"nofollow\"><img loading=\"lazy\" decoding=\"async\" data-lazyloaded=\"1\" width=\"1230\" height=\"300\" class=\"xvwqbu-image\" src=\"https:\/\/www.serranewsrj.com.br\/wp-content\/uploads\/2025\/08\/SerraNews1230x300px-ezgif.com-png-to-webp-converter.webp\" alt=\"Teia de Eventos \u2013 Nossa Feira \u2013 1230 x 300 pxl\"\/><\/a><\/div>\n<\/div>\n<p style=\"text-align: justify;\">Na sexta-feira (29\/08), o trio furtou dois celulares em uma loja do Cadima Shopping, em Nova Friburgo. No dia seguinte, s\u00e1bado (30), o mesmo grupo agiu novamente, desta vez levando produtos de uma loja de joias no Shopping Plaza, em Rio das Ostras.<\/p>\n<p style=\"text-align: justify;\">Segundo as investiga\u00e7\u00f5es, os criminosos utilizavam sempre a mesma t\u00e1tica: enquanto um deles distra\u00eda o atendente, os outros realizavam o furto.<\/p>\n<p style=\"text-align: justify;\">O preju\u00edzo total estimado ultrapassa R$ 30 mil. As autoridades pedem que qualquer informa\u00e7\u00e3o sobre os suspeitos seja repassada \u00e0 pol\u00edcia.<\/p>\n<div class=\"xvwqbu xvwqbu-post-inline xvwqbu-float-center xvwqbu-align-center xvwqbu-column-1 xvwqbu-clearfix no-bg-box-model\">\n<div id=\"xvwqbu-49250-1110313122\" class=\"xvwqbu-container xvwqbu-type-image\" itemscope=\"\" itemtype=\"https:\/\/schema.org\/WPAdBlock\" data-adid=\"49250\" data-type=\"image\"><a itemprop=\"url\" class=\"xvwqbu-link\" href=\"https:\/\/www.evosolar.com.br\/simuladorsolarrj\" target=\"_blank\" rel=\"nofollow\"><img loading=\"lazy\" decoding=\"async\" data-lazyloaded=\"1\" width=\"2560\" height=\"520\" class=\"xvwqbu-image\" src=\"https:\/\/www.serranewsrj.com.br\/wp-content\/uploads\/2025\/05\/BannerdositedaSerraNews1230x250px-ezgif.com-png-to-webp-converter-1-scaled.webp\" alt=\"Evosolar (Maio) WebP \u2013 1230 x 250 px\"\/><\/a><\/div>\n<\/div>\n<blockquote class=\"instagram-media\" style=\"background: #FFF; border: 0; border-radius: 3px; box-shadow: 0 0 1px 0 rgba(0,0,0,0.5),0 1px 10px 0 rgba(0,0,0,0.15); margin: 1px; max-width: 540px; min-width: 326px; padding: 0; width: calc(100% - 2px);\" data-instgrm-permalink=\"https:\/\/www.instagram.com\/p\/DOETeIIDRUr\/?utm_source=ig_embed&amp;utm_campaign=loading\" data-instgrm-version=\"14\"\/>\n<div class=\"xvwqbu xvwqbu-post-inline xvwqbu-float-center xvwqbu-align-center xvwqbu-column-1 xvwqbu-clearfix no-bg-box-model\">\n<div id=\"xvwqbu-54184-1005059400\" class=\"xvwqbu-container xvwqbu-type-image\" itemscope=\"\" itemtype=\"https:\/\/schema.org\/WPAdBlock\" data-adid=\"54184\" data-type=\"image\"><a itemprop=\"url\" class=\"xvwqbu-link\" href=\"https:\/\/www.frionline.com.br\/\" target=\"_blank\" rel=\"nofollow\"><img loading=\"lazy\" decoding=\"async\" data-lazyloaded=\"1\" width=\"1200\" height=\"244\" class=\"xvwqbu-image\" src=\"https:\/\/www.serranewsrj.com.br\/wp-content\/uploads\/2025\/05\/banner1230x250homepage-ezgif.com-video-to-gif-converter-1.gif\" alt=\"FriOnline 1230\u00d7250 pixels WebP \u2013 Home Page\"\/><\/a><\/div>\n<\/div>\n<\/div>\n<\/div>\n<div id=\"\">\n<a href=\"https:\/\/www.serranewsrj.com.br\/author\/marcosmedeiros\" title=\"Artigos de autor\"><br \/>\n<span class=\"post-author-avatar\" itemprop=\"image\"><img loading=\"lazy\" decoding=\"async\" data-lazyloaded=\"1\" alt=\"\" src=\"https:\/\/www.serranewsrj.com.br\/wp-content\/uploads\/2023\/09\/13342862_110244459399497_7256486126762240231_n-180x180.jpg\" class=\"avatar avatar-80 photo avatar-default\" height=\"80\" width=\"80\"\/><\/span><br \/>\n<\/a><\/p>\n<div class=\"post-author-bio\" itemprop=\"description\">Jornalista, apresentador e rep\u00f3rter.<\/p>\n<\/div>\n<\/div>\n<p><script async src=\"\/\/www.instagram.com\/embed.js\"><\/script><br \/>\n<br \/><\/a><\/p>\n<p>Fonte: www.serranewsrj.com.br<\/p>\n","protected":false},"excerpt":{"rendered":"<p>Imagens de c\u00e2mera de seguran\u00e7a em Nova Friburgo. Uma quadrilha formada por dois homens e uma mulher \u00e9 suspeita de praticar furtos em shoppings de Nova Friburgo e Rio das Ostras, nos dias 29 e 30 de agosto. As pol\u00edcias Civil e Militar trabalham para identificar e localizar os envolvidos, que foram flagrados por c\u00e2meras [&hellip;]<\/p>\n","protected":false},"author":3,"featured_media":3554,"comment_status":"open","ping_status":"open","sticky":false,"template":"","format":"standard","meta":{"advanced_seo_description":"","jetpack_seo_html_title":"","jetpack_seo_noindex":false,"fifu_image_url":"https:\/\/www.serranewsrj.com.br\/wp-content\/uploads\/2025\/09\/quadrilha-cadima.jpg","fifu_image_alt":"","_jetpack_memberships_contains_paid_content":false,"footnotes":"","jetpack_publicize_message":"","jetpack_publicize_feature_enabled":true,"jetpack_social_post_already_shared":true,"jetpack_social_options":{"image_generator_settings":{"template":"highway","default_image_id":0,"font":"","enabled":false},"version":2}},"categories":[104,1],"tags":[],"class_list":{"0":"post-3553","1":"post","2":"type-post","3":"status-publish","4":"format-standard","5":"has-post-thumbnail","7":"category-cidade","8":"category-uncategorized"},"jetpack_publicize_connections":[],"jetpack_featured_media_url":"https:\/\/i0.wp.com\/www.serranewsrj.com.br\/wp-content\/uploads\/2025\/09\/quadrilha-cadima.jpg?fit=%2C&ssl=1","jetpack_sharing_enabled":true,"jetpack-related-posts":[],"_links":{"self":[{"href":"https:\/\/friburgonoticias.com.br\/temp\/wp-json\/wp\/v2\/posts\/3553","targetHints":{"allow":["GET"]}}],"collection":[{"href":"https:\/\/friburgonoticias.com.br\/temp\/wp-json\/wp\/v2\/posts"}],"about":[{"href":"https:\/\/friburgonoticias.com.br\/temp\/wp-json\/wp\/v2\/types\/post"}],"author":[{"embeddable":true,"href":"https:\/\/friburgonoticias.com.br\/temp\/wp-json\/wp\/v2\/users\/3"}],"replies":[{"embeddable":true,"href":"https:\/\/friburgonoticias.com.br\/temp\/wp-json\/wp\/v2\/comments?post=3553"}],"version-history":[{"count":0,"href":"https:\/\/friburgonoticias.com.br\/temp\/wp-json\/wp\/v2\/posts\/3553\/revisions"}],"wp:featuredmedia":[{"embeddable":true,"href":"https:\/\/friburgonoticias.com.br\/temp\/wp-json\/wp\/v2\/media\/3554"}],"wp:attachment":[{"href":"https:\/\/friburgonoticias.com.br\/temp\/wp-json\/wp\/v2\/media?parent=3553"}],"wp:term":[{"taxonomy":"category","embeddable":true,"href":"https:\/\/friburgonoticias.com.br\/temp\/wp-json\/wp\/v2\/categories?post=3553"},{"taxonomy":"post_tag","embeddable":true,"href":"https:\/\/friburgonoticias.com.br\/temp\/wp-json\/wp\/v2\/tags?post=3553"}],"curies":[{"name":"wp","href":"https:\/\/api.w.org\/{rel}","templated":true}]}}