{"id":3557,"date":"2025-09-01T18:32:27","date_gmt":"2025-09-01T18:32:27","guid":{"rendered":"https:\/\/friburgonoticias.com.br\/temp\/2025\/09\/01\/roberta-sa-e-thiago-delegado-sao-atracoes-do-festival-os-sons-do-brasil-que-acontece-neste-final-de-semana-no-museu-de-mariana\/"},"modified":"2025-09-01T18:32:27","modified_gmt":"2025-09-01T18:32:27","slug":"roberta-sa-e-thiago-delegado-sao-atracoes-do-festival-os-sons-do-brasil-que-acontece-neste-final-de-semana-no-museu-de-mariana","status":"publish","type":"post","link":"https:\/\/friburgonoticias.com.br\/temp\/2025\/09\/01\/roberta-sa-e-thiago-delegado-sao-atracoes-do-festival-os-sons-do-brasil-que-acontece-neste-final-de-semana-no-museu-de-mariana\/","title":{"rendered":"Roberta S\u00e1 e Thiago Delegado s\u00e3o atra\u00e7\u00f5es do Festival Os Sons do Brasil que acontece neste final de semana no Museu de Mariana"},"content":{"rendered":"<p><\/p>\n<h2 class=\"elementor-heading-title elementor-size-default\">Roberta S\u00e1 e Thiago Delegado s\u00e3o atra\u00e7\u00f5es do Festival Os Sons do Brasil que acontece neste final de semana no Museu de Mariana<\/h2>\n<\/p>\n<div data-id=\"e4a9c54\" data-element_type=\"widget\" data-widget_type=\"theme-post-content.default\">\n<p><em>O evento gratuito, patrocinado pela J. Mendes, \u00a0celebra a diversidade e a pluralidade sonora da m\u00fasica brasileira<\/em><\/p>\n<p>\u201cImagine uma onda que n\u00e3o vem do mar, mas do tambor. Uma corrente de som que atravessa o corpo, estremece o ch\u00e3o e colore o ar\u201d. \u00c9 com esse sentimento que o Festival Os Sons do Brasil, patrocinado pela J. Mendes, retorna \u00e0 regi\u00e3o dos Inconfidentes com uma programa\u00e7\u00e3o potente, diversa e gratuita. Entre os dias 5 e 7 de setembro, no Museu de Mariana, shows com Roberta S\u00e1, Thiago Delegado, IF\u00c8sta, Allan Abadia, ente outros, celebram a pluralidade sonora que marca a m\u00fasica brasileira.<\/p>\n<p>Desde sua cria\u00e7\u00e3o, o festival j\u00e1 recebeu mais de 300 artistas e envolveu dezenas de milhares de pessoas, consolidando-se como uma plataforma de difus\u00e3o cultural, encontro e escuta ativa. Mais do que um festival, Os Sons do Brasil \u00e9 um movimento que articula arte, mem\u00f3ria e territ\u00f3rio, promovendo experi\u00eancias \u00fanicas em di\u00e1logo com o patrim\u00f4nio das cidades hist\u00f3ricas.<\/p>\n<p>Em edi\u00e7\u00f5es anteriores, j\u00e1 passaram pelos palcos do festival nomes como Chico C\u00e9sar, Karol Conk\u00e1, Hamilton de Holanda, Mart\u2019n\u00e1lia, Z\u00e9 Ibarra, Tim Bernardes, Marcos Valle, Toninho Horta, A Cor do Som, Gabriel Sater, Mestrinho e Jaques Morelenbaum. Cada apresenta\u00e7\u00e3o amplia o repert\u00f3rio sens\u00edvel do p\u00fablico e fortalece os v\u00ednculos entre arte e territ\u00f3rio.<\/p>\n<p>Para 2025, o festival se reafirma como um espa\u00e7o de celebra\u00e7\u00e3o e reconhecimento. A proposta \u00e9 mais do que ouvir: \u00e9 sentir e vibrar. Entre tambores de terreiro, cordas dedilhadas e cantos que v\u00eam da rua e da saudade, Os Sons do Brasil convida o p\u00fablico a mergulhar numa identidade sonora feita de muitas curvas, cores e hist\u00f3rias.<\/p>\n<p>\u201cSeguimos acreditando que a m\u00fasica brasileira \u00e9 um elo poderoso entre pessoas, mem\u00f3rias e territ\u00f3rios. Nesta edi\u00e7\u00e3o, queremos aprofundar ainda mais esse di\u00e1logo entre tradi\u00e7\u00e3o e inova\u00e7\u00e3o, ocupando espa\u00e7os hist\u00f3ricos com sons que falam do presente, mas que carregam ra\u00edzes profundas. Os Sons do Brasil \u00e9 um convite \u00e0 escuta, ao encontro e ao reconhecimento da nossa diversidade sonora como patrim\u00f4nio vivo\u201d, afirma Fernanda Bento, idealizadora e coordenadora geral do Festival Os Sons do Brasil.<\/p>\n<p>O Festival Os Sons do Brasil \u00e9 uma realiza\u00e7\u00e3o da Bento Produ\u00e7\u00e3o Cultural, via Lei Federal de Incentivo \u00e0 Cultura, Governo Federal \u2013 Uni\u00e3o e Reconstru\u00e7\u00e3o com o patroc\u00ednio master do Instituto Cultural Vale, patroc\u00ednio da J. Mendes, e apoio da Prefeitura de Ouro Preto, Prefeitura de Mariana, Museu Boulieu e do Museu de Mariana.<\/p>\n<p><strong>FESTIVAL OS SONS DO BRASIL | MUSEU DE MARIANA<\/strong><\/p>\n<p>Sexta \u2013 partir das 19h30<\/p>\n<p>DJ P\u00e1trida\u00a0<\/p>\n<p>Lu\u00ea<\/p>\n<p>Baile do Papai \u2013 Manoel Cordeiro convida Felipe Cordeiro\u00a0<\/p>\n<p>S\u00e1bado \u2013 partir das 18h30<\/p>\n<p>DJ P\u00e1trida\u00a0<\/p>\n<p>Erika Curtiss<\/p>\n<p>Thiago Delegado convida Fernando Bento<\/p>\n<p>Roberta S\u00e1\u00a0<\/p>\n<p>Domingo \u2013 a partir das 16h<\/p>\n<p>DJ P\u00e1trida\u00a0<\/p>\n<p>Allan Abbadia apresenta IF\u00c8sta, participa\u00e7\u00e3o Silas Prado<\/p>\n<p>Carla Sceno<\/p>\n<p><strong>INGRESSOS<\/strong><\/p>\n<p><strong>Dia 5<\/strong><\/p>\n<p><a href=\"https:\/\/www.sympla.com.br\/evento\/festival-os-sons-do-brasil---05-de-setembro-sexta--museu-de-mariana\/3064820?token=6c4ee422a4a369f5a940a87b59068031\">https:\/\/www.sympla.com.br\/evento\/festival-os-sons-do-brasil\u201405-de-setembro-sexta\u2013museu-de-mariana\/3064820?token=6c4ee422a4a369f5a940a87b59068031<\/a><\/p>\n<p><strong>Dia 6<\/strong><\/p>\n<p><a href=\"https:\/\/www.sympla.com.br\/evento\/festival-os-sons-do-brasil---06-de-setembro-sabado--museu-de-mariana\/3064891?token=58c448d1fda5292f62f5c3c0b8b48e00\">https:\/\/www.sympla.com.br\/evento\/festival-os-sons-do-brasil\u201406-de-setembro-sabado\u2013museu-de-mariana\/3064891?token=58c448d1fda5292f62f5c3c0b8b48e00<\/a><\/p>\n<p><strong>Dia 7<\/strong><\/p>\n<p><a href=\"https:\/\/www.sympla.com.br\/evento\/festival-os-sons-do-brasil---07-de-setembro-domingo--museu-de-mariana\/3064854?token=ba32f1377c6b508f36bd438141248ccb\">https:\/\/www.sympla.com.br\/evento\/festival-os-sons-do-brasil\u201407-de-setembro-domingo\u2013museu-de-mariana\/3064854?token=ba32f1377c6b508f36bd438141248ccb<\/a><\/p>\n<p><strong>Sobre a J. Mendes<\/strong><\/p>\n<p>Mineradora fundada pelo empres\u00e1rio mineiro Jos\u00e9 Mendes Nogueira em dezembro de 1966, a J. Mendes celebra mais de cinco d\u00e9cadas de atua\u00e7\u00e3o no mercado. Com uma trajet\u00f3ria marcada por inova\u00e7\u00e3o, responsabilidade corporativa e compromisso com o desenvolvimento do Brasil, se destaca como uma das empresas mais reconhecidas do pa\u00eds.<\/p>\n<p>A J. Mendes expandiu suas opera\u00e7\u00f5es ao longo dos anos, diversificando seus neg\u00f3cios para abranger os segmentos de Minera\u00e7\u00e3o, Agroneg\u00f3cio, Avia\u00e7\u00e3o, Gest\u00e3o de Im\u00f3veis e Terminais. Essa estrat\u00e9gia permitiu \u00e0 empresa se adaptar \u00e0s mudan\u00e7as do mercado e se posicionar como l\u00edder em m\u00faltiplos setores.<\/p>\n<pre><code>            &lt;\/div&gt;\n<\/code><\/pre>\n<p><\/a><\/p>\n<p>Fonte: territorionoticias.com.br<\/p>\n","protected":false},"excerpt":{"rendered":"<p>Roberta S\u00e1 e Thiago Delegado s\u00e3o atra\u00e7\u00f5es do Festival Os Sons do Brasil que acontece neste final de semana no Museu de Mariana O evento gratuito, patrocinado pela J. Mendes, \u00a0celebra a diversidade e a pluralidade sonora da m\u00fasica brasileira \u201cImagine uma onda que n\u00e3o vem do mar, mas do tambor. Uma corrente de som [&hellip;]<\/p>\n","protected":false},"author":3,"featured_media":3558,"comment_status":"open","ping_status":"open","sticky":false,"template":"","format":"standard","meta":{"advanced_seo_description":"","jetpack_seo_html_title":"","jetpack_seo_noindex":false,"fifu_image_url":"https:\/\/territorionoticias.com.br\/wp-content\/uploads\/2025\/08\/WhatsApp-Image-2025-08-18-at-21.41.05-e1756147180593.jpeg","fifu_image_alt":"","_jetpack_memberships_contains_paid_content":false,"footnotes":"","jetpack_publicize_message":"","jetpack_publicize_feature_enabled":true,"jetpack_social_post_already_shared":true,"jetpack_social_options":{"image_generator_settings":{"template":"highway","default_image_id":0,"font":"","enabled":false},"version":2}},"categories":[105],"tags":[],"class_list":{"0":"post-3557","1":"post","2":"type-post","3":"status-publish","4":"format-standard","5":"has-post-thumbnail","7":"category-entretenimento"},"jetpack_publicize_connections":[],"jetpack_featured_media_url":"https:\/\/i0.wp.com\/territorionoticias.com.br\/wp-content\/uploads\/2025\/08\/WhatsApp-Image-2025-08-18-at-21.41.05-e1756147180593.jpeg?fit=%2C&ssl=1","jetpack_sharing_enabled":true,"jetpack-related-posts":[],"_links":{"self":[{"href":"https:\/\/friburgonoticias.com.br\/temp\/wp-json\/wp\/v2\/posts\/3557","targetHints":{"allow":["GET"]}}],"collection":[{"href":"https:\/\/friburgonoticias.com.br\/temp\/wp-json\/wp\/v2\/posts"}],"about":[{"href":"https:\/\/friburgonoticias.com.br\/temp\/wp-json\/wp\/v2\/types\/post"}],"author":[{"embeddable":true,"href":"https:\/\/friburgonoticias.com.br\/temp\/wp-json\/wp\/v2\/users\/3"}],"replies":[{"embeddable":true,"href":"https:\/\/friburgonoticias.com.br\/temp\/wp-json\/wp\/v2\/comments?post=3557"}],"version-history":[{"count":0,"href":"https:\/\/friburgonoticias.com.br\/temp\/wp-json\/wp\/v2\/posts\/3557\/revisions"}],"wp:featuredmedia":[{"embeddable":true,"href":"https:\/\/friburgonoticias.com.br\/temp\/wp-json\/wp\/v2\/media\/3558"}],"wp:attachment":[{"href":"https:\/\/friburgonoticias.com.br\/temp\/wp-json\/wp\/v2\/media?parent=3557"}],"wp:term":[{"taxonomy":"category","embeddable":true,"href":"https:\/\/friburgonoticias.com.br\/temp\/wp-json\/wp\/v2\/categories?post=3557"},{"taxonomy":"post_tag","embeddable":true,"href":"https:\/\/friburgonoticias.com.br\/temp\/wp-json\/wp\/v2\/tags?post=3557"}],"curies":[{"name":"wp","href":"https:\/\/api.w.org\/{rel}","templated":true}]}}