{"id":3559,"date":"2025-09-01T19:07:22","date_gmt":"2025-09-01T19:07:22","guid":{"rendered":"https:\/\/friburgonoticias.com.br\/temp\/2025\/09\/01\/comissao-aprova-incentivo-fiscal-para-academias-que-reservarem-vagas-a-idosos-de-baixa-renda-noticias\/"},"modified":"2025-09-01T19:07:22","modified_gmt":"2025-09-01T19:07:22","slug":"comissao-aprova-incentivo-fiscal-para-academias-que-reservarem-vagas-a-idosos-de-baixa-renda-noticias","status":"publish","type":"post","link":"https:\/\/friburgonoticias.com.br\/temp\/2025\/09\/01\/comissao-aprova-incentivo-fiscal-para-academias-que-reservarem-vagas-a-idosos-de-baixa-renda-noticias\/","title":{"rendered":"Comiss\u00e3o aprova incentivo fiscal para academias que reservarem vagas a idosos de baixa renda &#8211; Not\u00edcias"},"content":{"rendered":"<p><\/p>\n<div>\n<div>\n<p class=\"g-artigo__data-hora\">\n                      01\/09\/2025 &#8211; 15:56 \u00a0\n                    <\/p>\n<div id=\"image-container-1194997\" class=\"image-container\" style=\"float: none; margin: 45px 0px; width: 100%;\" data-midia=\"1194997\">\n        <em>M\u00e1rio Agra\/C\u00e2mara dos Deputados<\/em><\/p>\n<p>        Pastor Gil considerou merit\u00f3ria a promo\u00e7\u00e3o do envelhecimento ativo\n        <\/p><\/div>\n<p>        A Comiss\u00e3o de Defesa dos Direitos da Pessoa Idosa da C\u00e2mara dos Deputados aprovou projeto que concede incentivo fiscal a academias de gin\u00e1stica que oferecerem gratuitamente pelo menos 5% das vagas para pessoas idosas de baixa renda.<br \/>\n        Segundo o texto, as academias poder\u00e3o deduzir do Imposto de Renda, como despesa operacional, os custos comprovados com a manuten\u00e7\u00e3o dessas vagas.<br \/>\n        A proposta consta do Projeto de Lei 1611\/25, da deputada Rog\u00e9ria Santos (Republicanos-BA), aprovado por recomenda\u00e7\u00e3o do relator, deputado Pastor Gil (PL-MA).<br \/>\n        \u201cA iniciativa \u00e9 merit\u00f3ria, ao mirar na promo\u00e7\u00e3o do envelhecimento ativo. Isso est\u00e1 em sintonia com marcos legais importantes da prote\u00e7\u00e3o \u00e0 pessoa idosa\u201d, afirmou Gil.<br \/>\n        <strong>Regras para participa\u00e7\u00e3o<\/strong><\/p>\n<ul>\n<li>As vagas ser\u00e3o destinadas a pessoas idosas de 60 anos ou mais;<\/li>\n<li>O p\u00fablico beneficiado dever\u00e1 estar inscrito em programas sociais do governo federal;<\/li>\n<li>O incentivo fiscal ser\u00e1 regulamentado pela Receita Federal, observados os limites de ren\u00fancia fiscal.<\/li>\n<\/ul>\n<p>        <strong>Pr\u00f3ximos passos<\/strong><br \/>O projeto tramita em <span id=\"4322\" class=\"termoGlossario\" title=\"Rito de tramita\u00e7\u00e3o pelo qual o projeto \u00e9 votado apenas pelas comiss\u00f5es designadas para analis\u00e1-lo, dispensada a delibera\u00e7\u00e3o do Plen\u00e1rio. O projeto perde o car\u00e1ter conclusivo se houver decis\u00e3o divergente entre as comiss\u00f5es ou se, independentemente de ser aprovado ou rejeitado, houver recurso assinado por 52 deputados para a aprecia\u00e7\u00e3o da mat\u00e9ria no Plen\u00e1rio.\" contenteditable=\"false\" data-toggle=\"tooltip\" data-placement=\"top\">car\u00e1ter conclusivo<\/span> e ainda ser\u00e1 analisado pelas comiss\u00f5es de Finan\u00e7as e Tributa\u00e7\u00e3o e de Constitui\u00e7\u00e3o e Justi\u00e7a e de Cidadania. Para virar lei, precisa ser aprovado pela C\u00e2mara e pelo Senado.<br \/>\n        <a href=\"https:\/\/www.camara.leg.br\/noticias\/573454-SAIBA-MAIS-SOBRE-A-TRAMITACAO-DE-PROJETOS-DE-LEI\">Saiba mais sobre a tramita\u00e7\u00e3o de projetos de lei<\/a><\/p>\n<p style=\"font-size: 0.8rem; font-weight: 700;\">Reportagem \u2013 No\u00e9li Nobre<br \/>Edi\u00e7\u00e3o \u2013 Ge\u00f3rgia Moraes<\/p>\n<\/p><\/div>\n<\/p><\/div>\n<p><\/a><\/p>\n<p>Fonte: www.camara.leg.br<\/p>\n","protected":false},"excerpt":{"rendered":"<p>01\/09\/2025 &#8211; 15:56 \u00a0 M\u00e1rio Agra\/C\u00e2mara dos Deputados Pastor Gil considerou merit\u00f3ria a promo\u00e7\u00e3o do envelhecimento ativo A Comiss\u00e3o de Defesa dos Direitos da Pessoa Idosa da C\u00e2mara dos Deputados aprovou projeto que concede incentivo fiscal a academias de gin\u00e1stica que oferecerem gratuitamente pelo menos 5% das vagas para pessoas idosas de baixa renda. Segundo [&hellip;]<\/p>\n","protected":false},"author":3,"featured_media":3560,"comment_status":"open","ping_status":"open","sticky":false,"template":"","format":"standard","meta":{"advanced_seo_description":"","jetpack_seo_html_title":"","jetpack_seo_noindex":false,"fifu_image_url":"https:\/\/www.camara.leg.br\/midias\/image\/2025\/09\/img20241030162116351-768x473.jpg","fifu_image_alt":"","_jetpack_memberships_contains_paid_content":false,"footnotes":"","jetpack_publicize_message":"","jetpack_publicize_feature_enabled":true,"jetpack_social_post_already_shared":true,"jetpack_social_options":{"image_generator_settings":{"template":"highway","default_image_id":0,"font":"","enabled":false},"version":2}},"categories":[106,1],"tags":[],"class_list":{"0":"post-3559","1":"post","2":"type-post","3":"status-publish","4":"format-standard","5":"has-post-thumbnail","7":"category-politica","8":"category-uncategorized"},"jetpack_publicize_connections":[],"jetpack_featured_media_url":"https:\/\/i0.wp.com\/www.camara.leg.br\/midias\/image\/2025\/09\/img20241030162116351-768x473.jpg?fit=%2C&ssl=1","jetpack_sharing_enabled":true,"jetpack-related-posts":[],"_links":{"self":[{"href":"https:\/\/friburgonoticias.com.br\/temp\/wp-json\/wp\/v2\/posts\/3559","targetHints":{"allow":["GET"]}}],"collection":[{"href":"https:\/\/friburgonoticias.com.br\/temp\/wp-json\/wp\/v2\/posts"}],"about":[{"href":"https:\/\/friburgonoticias.com.br\/temp\/wp-json\/wp\/v2\/types\/post"}],"author":[{"embeddable":true,"href":"https:\/\/friburgonoticias.com.br\/temp\/wp-json\/wp\/v2\/users\/3"}],"replies":[{"embeddable":true,"href":"https:\/\/friburgonoticias.com.br\/temp\/wp-json\/wp\/v2\/comments?post=3559"}],"version-history":[{"count":0,"href":"https:\/\/friburgonoticias.com.br\/temp\/wp-json\/wp\/v2\/posts\/3559\/revisions"}],"wp:featuredmedia":[{"embeddable":true,"href":"https:\/\/friburgonoticias.com.br\/temp\/wp-json\/wp\/v2\/media\/3560"}],"wp:attachment":[{"href":"https:\/\/friburgonoticias.com.br\/temp\/wp-json\/wp\/v2\/media?parent=3559"}],"wp:term":[{"taxonomy":"category","embeddable":true,"href":"https:\/\/friburgonoticias.com.br\/temp\/wp-json\/wp\/v2\/categories?post=3559"},{"taxonomy":"post_tag","embeddable":true,"href":"https:\/\/friburgonoticias.com.br\/temp\/wp-json\/wp\/v2\/tags?post=3559"}],"curies":[{"name":"wp","href":"https:\/\/api.w.org\/{rel}","templated":true}]}}