{"id":3585,"date":"2025-09-02T12:30:48","date_gmt":"2025-09-02T12:30:48","guid":{"rendered":"https:\/\/friburgonoticias.com.br\/temp\/2025\/09\/02\/audiencia-na-camara-debate-a-revogacao-da-lei-da-alienacao-parental-noticias\/"},"modified":"2025-09-02T12:30:48","modified_gmt":"2025-09-02T12:30:48","slug":"audiencia-na-camara-debate-a-revogacao-da-lei-da-alienacao-parental-noticias","status":"publish","type":"post","link":"https:\/\/friburgonoticias.com.br\/temp\/2025\/09\/02\/audiencia-na-camara-debate-a-revogacao-da-lei-da-alienacao-parental-noticias\/","title":{"rendered":"Audi\u00eancia na C\u00e2mara debate a revoga\u00e7\u00e3o da Lei da Aliena\u00e7\u00e3o Parental &#8211; Not\u00edcias"},"content":{"rendered":"<p><\/p>\n<div>\n<div>\n<p class=\"g-artigo__data-hora\">\n                      02\/09\/2025 &#8211; 09:04 \u00a0\n                    <\/p>\n<div id=\"image-container-1195305\" class=\"image-container\" style=\"float: none; margin: 45px 0px; width: 100%;\" data-midia=\"1195305\">\n        <em>GettyImages<\/em><\/p>\n<p>        Cr\u00edticos da Lei da Aliena\u00e7\u00e3o Parental da lei dizem que ela n\u00e3o gera o efeito almejado\n        <\/p><\/div>\n<p>        A Comiss\u00e3o de Constitui\u00e7\u00e3o e Justi\u00e7a e de Cidadania da C\u00e2mara dos Deputados discute, nesta quarta-feira (3), a revoga\u00e7\u00e3o da <a href=\"https:\/\/www2.camara.gov.br\/legin\/fed\/lei\/2010\/lei-12318-26-agosto-2010-608120-norma-pl.html\">Lei de Aliena\u00e7\u00e3o Parental<\/a>. A revoga\u00e7\u00e3o \u00e9 tema do Projeto de Lei 2812\/22, em an\u00e1lise no colegiado.<br \/>\n        O debate foi solicitado pela deputada Laura Carneiro (PSD-RJ) e ser\u00e1 \u00e0s 14h30, no plen\u00e1rio 1.<\/p>\n<p>        <b>Controv\u00e9rsias<br \/><\/b>A Lei da Aliena\u00e7\u00e3o Parental foi criada h\u00e1 15 anos para coibir situa\u00e7\u00f5es em que um dos pais tenta afastar o outro da conviv\u00eancia com os filhos \u2014 desqualificando-o ou dificultando o contato.<br \/>\n        Cr\u00edticos afirmam, por\u00e9m, que pais e m\u00e3es acusados de abuso t\u00eam usado a lei para revidar, acusando de aliena\u00e7\u00e3o parental quem denuncia a viol\u00eancia.<br \/>\n        &#8220;O tema em an\u00e1lise \u00e9 de alta complexidade e sensibilidade social, havendo argumentos s\u00f3lidos tanto a favor quanto contra a revoga\u00e7\u00e3o&#8221;, afirma Laura Carneiro.<br \/>\n        Em abril, em outro debate na C\u00e2mara, <a href=\"https:\/\/www.camara.leg.br\/noticias\/1148583-MINISTRA-DAS-MULHERES-DEFENDE-REVOGACAO-DA-LEI-DE-ALIENACAO-PARENTAL\">a ministra das Mulheres, Cida Gon\u00e7alves, defendeu a revoga\u00e7\u00e3o da lei.<\/a><\/p>\n<p style=\"font-size: 0.8rem; font-weight: 700;\">Da Reda\u00e7\u00e3o &#8211; ND<\/p>\n<\/p><\/div>\n<\/p><\/div>\n<p><\/a><\/p>\n<p>Fonte: www.camara.leg.br<\/p>\n","protected":false},"excerpt":{"rendered":"<p>02\/09\/2025 &#8211; 09:04 \u00a0 GettyImages Cr\u00edticos da Lei da Aliena\u00e7\u00e3o Parental da lei dizem que ela n\u00e3o gera o efeito almejado A Comiss\u00e3o de Constitui\u00e7\u00e3o e Justi\u00e7a e de Cidadania da C\u00e2mara dos Deputados discute, nesta quarta-feira (3), a revoga\u00e7\u00e3o da Lei de Aliena\u00e7\u00e3o Parental. A revoga\u00e7\u00e3o \u00e9 tema do Projeto de Lei 2812\/22, em [&hellip;]<\/p>\n","protected":false},"author":3,"featured_media":3586,"comment_status":"open","ping_status":"open","sticky":false,"template":"","format":"standard","meta":{"advanced_seo_description":"","jetpack_seo_html_title":"","jetpack_seo_noindex":false,"fifu_image_url":"https:\/\/www.camara.leg.br\/midias\/image\/2025\/09\/gettyimages-2180696248-768x576.jpg","fifu_image_alt":"","_jetpack_memberships_contains_paid_content":false,"footnotes":"","jetpack_publicize_message":"","jetpack_publicize_feature_enabled":true,"jetpack_social_post_already_shared":true,"jetpack_social_options":{"image_generator_settings":{"template":"highway","default_image_id":0,"font":"","enabled":false},"version":2}},"categories":[106,1],"tags":[],"class_list":{"0":"post-3585","1":"post","2":"type-post","3":"status-publish","4":"format-standard","5":"has-post-thumbnail","7":"category-politica","8":"category-uncategorized"},"jetpack_publicize_connections":[],"jetpack_featured_media_url":"https:\/\/i0.wp.com\/www.camara.leg.br\/midias\/image\/2025\/09\/gettyimages-2180696248-768x576.jpg?fit=%2C&ssl=1","jetpack_sharing_enabled":true,"jetpack-related-posts":[],"_links":{"self":[{"href":"https:\/\/friburgonoticias.com.br\/temp\/wp-json\/wp\/v2\/posts\/3585","targetHints":{"allow":["GET"]}}],"collection":[{"href":"https:\/\/friburgonoticias.com.br\/temp\/wp-json\/wp\/v2\/posts"}],"about":[{"href":"https:\/\/friburgonoticias.com.br\/temp\/wp-json\/wp\/v2\/types\/post"}],"author":[{"embeddable":true,"href":"https:\/\/friburgonoticias.com.br\/temp\/wp-json\/wp\/v2\/users\/3"}],"replies":[{"embeddable":true,"href":"https:\/\/friburgonoticias.com.br\/temp\/wp-json\/wp\/v2\/comments?post=3585"}],"version-history":[{"count":0,"href":"https:\/\/friburgonoticias.com.br\/temp\/wp-json\/wp\/v2\/posts\/3585\/revisions"}],"wp:featuredmedia":[{"embeddable":true,"href":"https:\/\/friburgonoticias.com.br\/temp\/wp-json\/wp\/v2\/media\/3586"}],"wp:attachment":[{"href":"https:\/\/friburgonoticias.com.br\/temp\/wp-json\/wp\/v2\/media?parent=3585"}],"wp:term":[{"taxonomy":"category","embeddable":true,"href":"https:\/\/friburgonoticias.com.br\/temp\/wp-json\/wp\/v2\/categories?post=3585"},{"taxonomy":"post_tag","embeddable":true,"href":"https:\/\/friburgonoticias.com.br\/temp\/wp-json\/wp\/v2\/tags?post=3585"}],"curies":[{"name":"wp","href":"https:\/\/api.w.org\/{rel}","templated":true}]}}