{"id":3587,"date":"2025-09-02T12:40:29","date_gmt":"2025-09-02T12:40:29","guid":{"rendered":"https:\/\/friburgonoticias.com.br\/temp\/2025\/09\/02\/veja-este-golf-gti-abandonado-receber-sua-primeira-lavagem-em-10-anos\/"},"modified":"2025-09-02T12:40:29","modified_gmt":"2025-09-02T12:40:29","slug":"veja-este-golf-gti-abandonado-receber-sua-primeira-lavagem-em-10-anos","status":"publish","type":"post","link":"https:\/\/friburgonoticias.com.br\/temp\/2025\/09\/02\/veja-este-golf-gti-abandonado-receber-sua-primeira-lavagem-em-10-anos\/","title":{"rendered":"Veja este Golf GTI abandonado receber sua primeira lavagem em 10 anos"},"content":{"rendered":"<p><\/p>\n<div>\n<p>                        Para Larry Kosilla, cuidar do carro significa ir al\u00e9m, \u00e9 mais do que apenas remover a sujeira depois de uma chuva. Sua interpreta\u00e7\u00e3o de um ve\u00edculo limpo se traduz em um detalhamento completo por dentro e por fora, bem como no investimento em uma linha de produtos projetados para proteger o que voc\u00ea dirige por muitos anos.<\/p>\n<p>\u00c9 a\u00ed que entra a Ammo NYC, dando continuidade \u00e0 profecia de um servi\u00e7o de cuidados que come\u00e7ou com a abertura de seu pr\u00f3prio lava-r\u00e1pido em 2008. A Ammo nasceu para atender a uma necessidade de prote\u00e7\u00e3o da pintura, trabalhando com qu\u00edmicos para obter a mistura ideal que garantiria que as superf\u00edcies externas permanecessem com a apar\u00eancia de f\u00e1brica por muitos anos.<\/p>\n<p>O resultado \u00e9 uma empresa que atraiu uma clientela de alto n\u00edvel e, entre outras coisas, um canal no YouTube com 2,3 milh\u00f5es de assinantes. L\u00e1, voc\u00ea pode ver Larry e sua equipe dedicada lidando com cada ve\u00edculo com aten\u00e7\u00e3o precisa aos detalhes.<\/p>\n<p>Cada carro conta. Portanto, n\u00e3o \u00e9 de surpreender quando voc\u00ea considera o v\u00eddeo mais recente, que tem mais de 600.000 visualiza\u00e7\u00f5es no momento em que este artigo foi escrito. Porque o foco se volta para um <a href=\"https:\/\/motor1.uol.com.br\/volkswagen\/\" data-inline-widget=\"internal-links\">Volkswagen<\/a> Golf GTI que foi resgatado.<\/p>\n<section contenteditable=\"false\" draggable=\"true\" data-widget=\"video\">\n<div class=\"video-wrapper\"><img decoding=\"async\" class=\"sizer\" draggable=\"false\" src=\"data:image\/png;base64,iVBORw0KGgoAAAANSUhEUgAAABAAAAAJCAYAAAA7KqwyAAAAGXRFWHRTb2Z0d2FyZQBBZG9iZSBJbWFnZVJlYWR5ccllPAAAABpJREFUeNpi\/P\/\/PwMlgImBQjBqwLAwACDAAOVfAw9\/ZDvcAAAAAElFTkSuQmCC\" alt=\"\"\/> <iframe loading=\"lazy\" title=\"Abandoned VW GTI First Wash in 10 Years! Insane Barn Find Restoration\" width=\"1170\" height=\"658\" src=\"https:\/\/www.youtube.com\/embed\/SGJXR5GbJgo?feature=oembed\" frameborder=\"0\" allow=\"accelerometer; autoplay; clipboard-write; encrypted-media; gyroscope; picture-in-picture; web-share\" referrerpolicy=\"strict-origin-when-cross-origin\" allowfullscreen><\/iframe><\/p>\n<\/p><\/div>\n<\/section>\n<p>O v\u00eddeo de uma hora destaca um VW <a href=\"https:\/\/motor1.uol.com.br\/volkswagen\/golf\/\" data-inline-widget=\"internal-links\">Golf <\/a>GTI 1991 de segunda gera\u00e7\u00e3o, pintado de verde Montana, recebendo o tratamento completo de restaura\u00e7\u00e3o ap\u00f3s uma lavagem inicial com press\u00e3o. A primeira tarefa foi remover as algas e o l\u00edquen, nativos da regi\u00e3o de Ohio onde o carro foi encontrado.<\/p>\n<p>Em seguida, veio o processo meticuloso de restaurar o carro de cima a baixo. Assim, os para-choques e os acabamentos externos foram desmontados, o motor foi removido para manuten\u00e7\u00e3o mec\u00e2nica e o interior foi desmontado de seus assentos e painel originais para uma limpeza profunda em locais que a equipe da Ammo n\u00e3o conseguiria alcan\u00e7ar de outra forma.<\/p>\n<p>Antes de ser montado novamente, o GTI recebeu uma nova camada de primer e tinta verde Montana, chegando o mais pr\u00f3ximo poss\u00edvel da tonalidade original. No interior, a cabine estava notavelmente bem preservada, o que significa que a substitui\u00e7\u00e3o de pe\u00e7as foi reduzida ao m\u00ednimo. Os toques finais inclu\u00edram um volante Sparco e rodas BBS de \u00e9poca. Restaurado em sua gl\u00f3ria original, Larry o levou ao Lime Rock Park para comemorar a conquista da equipe.<\/p>\n<p>Se voc\u00ea tiver uma hora livre, vale a pena assistir, pois cada elemento do GTI de especifica\u00e7\u00e3o rara recebe o cuidado que merece. Voc\u00ea pode ver todos os participantes envolvidos, n\u00e3o apenas aqueles que fazem parte do c\u00edrculo da Ammo.<\/p>\n<section class=\"relatedContent-new\" contenteditable=\"false\" draggable=\"true\" data-widget=\"related-content\" data-widget-size=\"content\" data-params=\"%7B%22type_id%22%3A0%2C%22title_id%22%3A%22%22%2C%22items%22%3A%5B%7B%22article_edition_id%22%3A%22770482%22%2C%22title%22%3A%22Novo%20Golf%20GTI%3A%20importa%C3%A7%C3%A3o%20independente%20pode%20custar%20o%20mesmo%20e%20n%C3%A3o%20tem%20restri%C3%A7%C3%B5es%20da%20VW%22%2C%22alias%22%3A%22vw-golf-importado-indepente-exclusivo%22%2C%22section%22%3A%221%22%2C%22is_video%22%3A%220%22%2C%22images%22%3A%7B%22s5%22%3A%22https%3A%2F%2Fcdn.motor1.com%2Fimages%2Fmgl%2FW8qBjj%2Fs5%2Fvw-golf-gti-2026-brasil.jpg%22%7D%7D%2C%7B%22article_edition_id%22%3A%22769869%22%2C%22title%22%3A%22Novo%20VW%20Jetta%20GLI%202026%20ter%C3%A1%20231%20cv%20e%20lan%C3%A7amento%20em%20outubro%22%2C%22alias%22%3A%22apresentacao-novo-vw-jettagli-brasil%22%2C%22section%22%3A%221%22%2C%22is_video%22%3A%220%22%2C%22images%22%3A%7B%22s5%22%3A%22https%3A%2F%2Fcdn.motor1.com%2Fimages%2Fmgl%2FAk491y%2Fs5%2Fnovo-vw-jetta-gli-2026-brasil.jpg%22%7D%7D%2C%7B%22article_edition_id%22%3A%22769867%22%2C%22title%22%3A%22Agora%20vai!%20Novo%20VW%20Golf%20GTI%20come%C3%A7a%20a%20ser%20vendido%20no%20Brasil%20em%20setembro%22%2C%22alias%22%3A%22apresentacao-vw-golf-gti-brasil%22%2C%22section%22%3A%221%22%2C%22is_video%22%3A%220%22%2C%22images%22%3A%7B%22s5%22%3A%22https%3A%2F%2Fcdn.motor1.com%2Fimages%2Fmgl%2F0eO2Rk%2Fs5%2Fvw-golf-gti-2026-brasil.jpg%22%7D%7D%2C%7B%22article_edition_id%22%3A%22767653%22%2C%22title%22%3A%22VW%20Golf%20GTI%20ainda%20vai%20durar%20um%20bom%20tempo%2C%20mesmo%20h%C3%ADbrido%22%2C%22alias%22%3A%22vw-futuro-golf-gti-combustao%22%2C%22section%22%3A%221%22%2C%22is_video%22%3A%220%22%2C%22images%22%3A%7B%22s5%22%3A%22https%3A%2F%2Fcdn.motor1.com%2Fimages%2Fmgl%2FYAqeAq%2Fs5%2Fvolkswagen-vw-golf-gti-edition-50-2025.jpg%22%7D%7D%5D%7D\">   <\/section>\n<p>                                                                        <!-- new gallery place, attached gallery --><\/p>\n<div class=\"entityInfoBlock m-top\">\n<p class=\"source-link\">\n                                    Fonte:<\/p>\n<p>                                                                            <span class=\"item\"><span class=\"source\">Ammo NYC \/ YouTube<\/span><\/span>\n                            <\/div>\n<\/p><\/div>\n<p><\/a><\/p>\n<p>Fonte: motor1.uol.com.br<\/p>\n","protected":false},"excerpt":{"rendered":"<p>Para Larry Kosilla, cuidar do carro significa ir al\u00e9m, \u00e9 mais do que apenas remover a sujeira depois de uma chuva. Sua interpreta\u00e7\u00e3o de um ve\u00edculo limpo se traduz em um detalhamento completo por dentro e por fora, bem como no investimento em uma linha de produtos projetados para proteger o que voc\u00ea dirige por [&hellip;]<\/p>\n","protected":false},"author":3,"featured_media":3588,"comment_status":"open","ping_status":"open","sticky":false,"template":"","format":"standard","meta":{"advanced_seo_description":"","jetpack_seo_html_title":"","jetpack_seo_noindex":false,"fifu_image_url":"https:\/\/cdn.motor1.com\/images\/mgl\/VzBz7R\/s1\/volkswagen-golf-gti-barn-find-detail.jpg","fifu_image_alt":"","_jetpack_memberships_contains_paid_content":false,"footnotes":"","jetpack_publicize_message":"","jetpack_publicize_feature_enabled":true,"jetpack_social_post_already_shared":true,"jetpack_social_options":{"image_generator_settings":{"template":"highway","default_image_id":0,"font":"","enabled":false},"version":2}},"categories":[105],"tags":[],"class_list":{"0":"post-3587","1":"post","2":"type-post","3":"status-publish","4":"format-standard","5":"has-post-thumbnail","7":"category-entretenimento"},"jetpack_publicize_connections":[],"jetpack_featured_media_url":"https:\/\/i0.wp.com\/cdn.motor1.com\/images\/mgl\/VzBz7R\/s1\/volkswagen-golf-gti-barn-find-detail.jpg?fit=%2C&ssl=1","jetpack_sharing_enabled":true,"jetpack-related-posts":[],"_links":{"self":[{"href":"https:\/\/friburgonoticias.com.br\/temp\/wp-json\/wp\/v2\/posts\/3587","targetHints":{"allow":["GET"]}}],"collection":[{"href":"https:\/\/friburgonoticias.com.br\/temp\/wp-json\/wp\/v2\/posts"}],"about":[{"href":"https:\/\/friburgonoticias.com.br\/temp\/wp-json\/wp\/v2\/types\/post"}],"author":[{"embeddable":true,"href":"https:\/\/friburgonoticias.com.br\/temp\/wp-json\/wp\/v2\/users\/3"}],"replies":[{"embeddable":true,"href":"https:\/\/friburgonoticias.com.br\/temp\/wp-json\/wp\/v2\/comments?post=3587"}],"version-history":[{"count":0,"href":"https:\/\/friburgonoticias.com.br\/temp\/wp-json\/wp\/v2\/posts\/3587\/revisions"}],"wp:featuredmedia":[{"embeddable":true,"href":"https:\/\/friburgonoticias.com.br\/temp\/wp-json\/wp\/v2\/media\/3588"}],"wp:attachment":[{"href":"https:\/\/friburgonoticias.com.br\/temp\/wp-json\/wp\/v2\/media?parent=3587"}],"wp:term":[{"taxonomy":"category","embeddable":true,"href":"https:\/\/friburgonoticias.com.br\/temp\/wp-json\/wp\/v2\/categories?post=3587"},{"taxonomy":"post_tag","embeddable":true,"href":"https:\/\/friburgonoticias.com.br\/temp\/wp-json\/wp\/v2\/tags?post=3587"}],"curies":[{"name":"wp","href":"https:\/\/api.w.org\/{rel}","templated":true}]}}