{"id":3589,"date":"2025-09-02T12:52:25","date_gmt":"2025-09-02T12:52:25","guid":{"rendered":"https:\/\/friburgonoticias.com.br\/temp\/2025\/09\/02\/audiencia-discute-vantagens-da-nova-carteira-de-identidade-nacional-noticias\/"},"modified":"2025-09-02T12:52:25","modified_gmt":"2025-09-02T12:52:25","slug":"audiencia-discute-vantagens-da-nova-carteira-de-identidade-nacional-noticias","status":"publish","type":"post","link":"https:\/\/friburgonoticias.com.br\/temp\/2025\/09\/02\/audiencia-discute-vantagens-da-nova-carteira-de-identidade-nacional-noticias\/","title":{"rendered":"Audi\u00eancia discute vantagens da nova Carteira de Identidade Nacional &#8211; Not\u00edcias"},"content":{"rendered":"<p><\/p>\n<div>\n<div>\n<p class=\"g-artigo__data-hora\">\n                      02\/09\/2025 &#8211; 09:26 \u00a0\n                    <\/p>\n<div id=\"image-container-948352\" class=\"image-container\" style=\"float: none; margin: 45px 0px; width: 100%;\" data-midia=\"948352\">\n        <em>Depositphotos<\/em><\/p>\n<p>        Biometria desde o nascimento pode prevenir raptos\n        <\/p><\/div>\n<p>        A Comiss\u00e3o de Previd\u00eancia, Assist\u00eancia Social, Inf\u00e2ncia, Adolesc\u00eancia e Fam\u00edlia da C\u00e2mara dos Deputados realiza, nesta quarta-feira (3), audi\u00eancia p\u00fablica para debater o Programa de Identifica\u00e7\u00e3o do Brasil, com foco na identifica\u00e7\u00e3o neonatal e na subtra\u00e7\u00e3o de crian\u00e7as e adolescentes no pa\u00eds.<br \/>\n        O debate, solicitado pela deputada Fl\u00e1via Morais (PDT-GO), ser\u00e1 realizado a partir das 16 horas, no plen\u00e1rio 7.<\/p>\n<p data-start=\"836\" data-end=\"1057\"><strong>Desaparecidos<\/strong><br \/>Segundo a parlamentar, cerca de 50 mil crian\u00e7as e adolescentes desaparecem todos os anos no Brasil. \u201cTrata-se de uma amea\u00e7a real que bate \u00e0 porta da sociedade e que deve ser entendida como prioridade por todos\u201d, afirma.<\/p>\n<p data-start=\"1059\" data-end=\"1417\">Fl\u00e1via Morais acrescenta que muitos dos desaparecidos acabam envolvidos com tr\u00e1fico de pessoas e de \u00f3rg\u00e3os, ado\u00e7\u00f5es irregulares e explora\u00e7\u00e3o sexual. &#8220;Estima-se que cerca de 10% das crian\u00e7as e adolescentes desaparecidos jamais ser\u00e3o encontrados.&#8221;<\/p>\n<p data-start=\"1059\" data-end=\"1417\"><strong>Nova carteira<\/strong><br \/>O objetivo do debate \u00e9 engajar a sociedade na busca de solu\u00e7\u00f5es para esses problemas e divulgar o novo sistema de identifica\u00e7\u00e3o nacional, a Carteira de Identidade Nacional.<\/p>\n<p data-start=\"1419\" data-end=\"1733\">O novo documento adota o CPF como n\u00famero de registro geral e oferece maior seguran\u00e7a, com biometria e QR Code, al\u00e9m de integra\u00e7\u00e3o com a plataforma Gov.br.<\/p>\n<p data-start=\"1419\" data-end=\"1733\">A deputada lembra ainda que a identifica\u00e7\u00e3o neonatal, com o uso de biometria desde o nascimento, pode prevenir raptos e garantir maior seguran\u00e7a \u00e0s crian\u00e7as.<\/p>\n<p style=\"font-size: 0.8rem; font-weight: 700;\">Da Reda\u00e7\u00e3o &#8211; ND<\/p>\n<\/p><\/div>\n<\/p><\/div>\n<p><\/a><\/p>\n<p>Fonte: www.camara.leg.br<\/p>\n","protected":false},"excerpt":{"rendered":"<p>02\/09\/2025 &#8211; 09:26 \u00a0 Depositphotos Biometria desde o nascimento pode prevenir raptos A Comiss\u00e3o de Previd\u00eancia, Assist\u00eancia Social, Inf\u00e2ncia, Adolesc\u00eancia e Fam\u00edlia da C\u00e2mara dos Deputados realiza, nesta quarta-feira (3), audi\u00eancia p\u00fablica para debater o Programa de Identifica\u00e7\u00e3o do Brasil, com foco na identifica\u00e7\u00e3o neonatal e na subtra\u00e7\u00e3o de crian\u00e7as e adolescentes no pa\u00eds. O [&hellip;]<\/p>\n","protected":false},"author":3,"featured_media":3590,"comment_status":"open","ping_status":"open","sticky":false,"template":"","format":"standard","meta":{"advanced_seo_description":"","jetpack_seo_html_title":"","jetpack_seo_noindex":false,"fifu_image_url":"https:\/\/www.camara.leg.br\/midias\/image\/2023\/03\/licenca-paternidade-768x512.jpg","fifu_image_alt":"","_jetpack_memberships_contains_paid_content":false,"footnotes":"","jetpack_publicize_message":"","jetpack_publicize_feature_enabled":true,"jetpack_social_post_already_shared":true,"jetpack_social_options":{"image_generator_settings":{"template":"highway","default_image_id":0,"font":"","enabled":false},"version":2}},"categories":[106,1],"tags":[],"class_list":{"0":"post-3589","1":"post","2":"type-post","3":"status-publish","4":"format-standard","5":"has-post-thumbnail","7":"category-politica","8":"category-uncategorized"},"jetpack_publicize_connections":[],"jetpack_featured_media_url":"https:\/\/i0.wp.com\/www.camara.leg.br\/midias\/image\/2023\/03\/licenca-paternidade-768x512.jpg?fit=%2C&ssl=1","jetpack_sharing_enabled":true,"jetpack-related-posts":[],"_links":{"self":[{"href":"https:\/\/friburgonoticias.com.br\/temp\/wp-json\/wp\/v2\/posts\/3589","targetHints":{"allow":["GET"]}}],"collection":[{"href":"https:\/\/friburgonoticias.com.br\/temp\/wp-json\/wp\/v2\/posts"}],"about":[{"href":"https:\/\/friburgonoticias.com.br\/temp\/wp-json\/wp\/v2\/types\/post"}],"author":[{"embeddable":true,"href":"https:\/\/friburgonoticias.com.br\/temp\/wp-json\/wp\/v2\/users\/3"}],"replies":[{"embeddable":true,"href":"https:\/\/friburgonoticias.com.br\/temp\/wp-json\/wp\/v2\/comments?post=3589"}],"version-history":[{"count":0,"href":"https:\/\/friburgonoticias.com.br\/temp\/wp-json\/wp\/v2\/posts\/3589\/revisions"}],"wp:featuredmedia":[{"embeddable":true,"href":"https:\/\/friburgonoticias.com.br\/temp\/wp-json\/wp\/v2\/media\/3590"}],"wp:attachment":[{"href":"https:\/\/friburgonoticias.com.br\/temp\/wp-json\/wp\/v2\/media?parent=3589"}],"wp:term":[{"taxonomy":"category","embeddable":true,"href":"https:\/\/friburgonoticias.com.br\/temp\/wp-json\/wp\/v2\/categories?post=3589"},{"taxonomy":"post_tag","embeddable":true,"href":"https:\/\/friburgonoticias.com.br\/temp\/wp-json\/wp\/v2\/tags?post=3589"}],"curies":[{"name":"wp","href":"https:\/\/api.w.org\/{rel}","templated":true}]}}