{"id":3593,"date":"2025-09-02T13:25:06","date_gmt":"2025-09-02T13:25:06","guid":{"rendered":"https:\/\/friburgonoticias.com.br\/temp\/2025\/09\/02\/tarcisio-de-freitas-vai-a-brasilia-no-dia-do-julgamento-de-bolsonaro\/"},"modified":"2025-09-02T13:25:06","modified_gmt":"2025-09-02T13:25:06","slug":"tarcisio-de-freitas-vai-a-brasilia-no-dia-do-julgamento-de-bolsonaro","status":"publish","type":"post","link":"https:\/\/friburgonoticias.com.br\/temp\/2025\/09\/02\/tarcisio-de-freitas-vai-a-brasilia-no-dia-do-julgamento-de-bolsonaro\/","title":{"rendered":"Tarc\u00edsio de Freitas vai a Bras\u00edlia no dia do julgamento de Bolsonaro"},"content":{"rendered":"<p><\/p>\n<div id=\"hd80s9wa1h892edh8192\">\n        O governador de S\u00e3o Paulo, Tarc\u00edsio de Freitas, est\u00e1 em Bras\u00edlia, nesta ter\u00e7a-feira, 2.<\/p>\n<p>Freitas ter\u00e1 uma reuni\u00e3o com o diretor-geral da Ag\u00eancia Nacional de Energia El\u00e9trica, Sandoval Feitosa, \u00e0s 15 horas.<\/p>\n<p>A viagem do governador se deu no mesmo dia do come\u00e7o do julgamento do ex-presidente Jair Bolsonaro.<\/p>\n<p>Ainda n\u00e3o se sabe se Freitas vai visitar Bolsonaro.<\/p>\n<p><strong>Leia tamb\u00e9m: <a href=\"https:\/\/revistaoeste.com\/revista\/edicao-285\/a-fraude-exposta\/\" target=\"_blank\" rel=\"noreferrer noopener\">\u201cA fraude exposta\u201d<\/a>, reportagem publicada na Edi\u00e7\u00e3o 285 da Revista Oeste<\/strong><\/p>\n<p><related-posts class=\"border-y border-gray-300 py-5\"><\/p>\n<h2 class=\"!text-2xl text-black font-primary font-semibold leading-none mb-3\">\n    Confira ainda<br \/>\n  <\/h2>\n<p><\/related-posts><\/p><\/div>\n<p><\/a><\/p>\n<p>Fonte: revistaoeste.com<\/p>\n","protected":false},"excerpt":{"rendered":"<p>O governador de S\u00e3o Paulo, Tarc\u00edsio de Freitas, est\u00e1 em Bras\u00edlia, nesta ter\u00e7a-feira, 2. Freitas ter\u00e1 uma reuni\u00e3o com o diretor-geral da Ag\u00eancia Nacional de Energia El\u00e9trica, Sandoval Feitosa, \u00e0s 15 horas. A viagem do governador se deu no mesmo dia do come\u00e7o do julgamento do ex-presidente Jair Bolsonaro. Ainda n\u00e3o se sabe se Freitas [&hellip;]<\/p>\n","protected":false},"author":3,"featured_media":3594,"comment_status":"open","ping_status":"open","sticky":false,"template":"","format":"standard","meta":{"advanced_seo_description":"","jetpack_seo_html_title":"","jetpack_seo_noindex":false,"fifu_image_url":"https:\/\/medias.revistaoeste.com\/wp-content\/uploads\/2024\/12\/65622a56-9b9b-4388-beff-207a45b3b67c.jpg","fifu_image_alt":"","_jetpack_memberships_contains_paid_content":false,"footnotes":"","jetpack_publicize_message":"","jetpack_publicize_feature_enabled":true,"jetpack_social_post_already_shared":true,"jetpack_social_options":{"image_generator_settings":{"template":"highway","default_image_id":0,"font":"","enabled":false},"version":2}},"categories":[106,1],"tags":[],"class_list":{"0":"post-3593","1":"post","2":"type-post","3":"status-publish","4":"format-standard","5":"has-post-thumbnail","7":"category-politica","8":"category-uncategorized"},"jetpack_publicize_connections":[],"jetpack_featured_media_url":"https:\/\/i0.wp.com\/medias.revistaoeste.com\/wp-content\/uploads\/2024\/12\/65622a56-9b9b-4388-beff-207a45b3b67c.jpg?fit=%2C&ssl=1","jetpack_sharing_enabled":true,"jetpack-related-posts":[],"_links":{"self":[{"href":"https:\/\/friburgonoticias.com.br\/temp\/wp-json\/wp\/v2\/posts\/3593","targetHints":{"allow":["GET"]}}],"collection":[{"href":"https:\/\/friburgonoticias.com.br\/temp\/wp-json\/wp\/v2\/posts"}],"about":[{"href":"https:\/\/friburgonoticias.com.br\/temp\/wp-json\/wp\/v2\/types\/post"}],"author":[{"embeddable":true,"href":"https:\/\/friburgonoticias.com.br\/temp\/wp-json\/wp\/v2\/users\/3"}],"replies":[{"embeddable":true,"href":"https:\/\/friburgonoticias.com.br\/temp\/wp-json\/wp\/v2\/comments?post=3593"}],"version-history":[{"count":0,"href":"https:\/\/friburgonoticias.com.br\/temp\/wp-json\/wp\/v2\/posts\/3593\/revisions"}],"wp:featuredmedia":[{"embeddable":true,"href":"https:\/\/friburgonoticias.com.br\/temp\/wp-json\/wp\/v2\/media\/3594"}],"wp:attachment":[{"href":"https:\/\/friburgonoticias.com.br\/temp\/wp-json\/wp\/v2\/media?parent=3593"}],"wp:term":[{"taxonomy":"category","embeddable":true,"href":"https:\/\/friburgonoticias.com.br\/temp\/wp-json\/wp\/v2\/categories?post=3593"},{"taxonomy":"post_tag","embeddable":true,"href":"https:\/\/friburgonoticias.com.br\/temp\/wp-json\/wp\/v2\/tags?post=3593"}],"curies":[{"name":"wp","href":"https:\/\/api.w.org\/{rel}","templated":true}]}}