{"id":3605,"date":"2025-09-02T16:02:27","date_gmt":"2025-09-02T16:02:27","guid":{"rendered":"https:\/\/friburgonoticias.com.br\/temp\/2025\/09\/02\/oposicao-pressiona-por-votacao-de-anistia-e-diz-que-stf-faz-teatro-em-julgamento\/"},"modified":"2025-09-02T16:02:27","modified_gmt":"2025-09-02T16:02:27","slug":"oposicao-pressiona-por-votacao-de-anistia-e-diz-que-stf-faz-teatro-em-julgamento","status":"publish","type":"post","link":"https:\/\/friburgonoticias.com.br\/temp\/2025\/09\/02\/oposicao-pressiona-por-votacao-de-anistia-e-diz-que-stf-faz-teatro-em-julgamento\/","title":{"rendered":"Oposi\u00e7\u00e3o pressiona por vota\u00e7\u00e3o de anistia e diz que STF faz &#8216;teatro&#8217; em julgamento"},"content":{"rendered":"<p><\/p>\n<div id=\"hd80s9wa1h892edh8192\">\n        Deputados contr\u00e1rios ao governo de Luiz In\u00e1cio Lula da Silva (PT) querem pressionar o presidente da C\u00e2mara, <strong><a href=\"https:\/\/revistaoeste.com\/tag\/Hugo-Motta\" target=\"_blank\" rel=\"noreferrer noopener\">Hugo Motta<\/a><\/strong> (Republicanos-PB), para incluir na pauta a vota\u00e7\u00e3o da anistia aos envolvidos nos atos do dia 8 de janeiro. A expectativa do grupo \u00e9 que a proposta tamb\u00e9m contemple o ex-presidente Jair Bolsonaro (PL).<\/p>\n<p><strong>+ Leia mais not\u00edcias de\u00a0<a href=\"https:\/\/revistaoeste.com\/politica\" target=\"_blank\" rel=\"noreferrer noopener\">Pol\u00edtica<\/a>\u00a0em Oeste<\/strong><\/p>\n<p>O tema deve pautar a reuni\u00e3o de l\u00edderes partid\u00e1rios nesta ter\u00e7a-feira, 2, quando ser\u00e3o definidos os projetos que poder\u00e3o ir \u00e0 vota\u00e7\u00e3o no plen\u00e1rio ainda nesta semana. Apesar da press\u00e3o, lideran\u00e7as do Centr\u00e3o t\u00eam sinalizado pouca disposi\u00e7\u00e3o para apoiar a proposta de anistia.<\/p>\n<p>Luciano Zucco (PL-RS), l\u00edder da oposi\u00e7\u00e3o na C\u00e2mara, disse que espera Hugo Mota (Republicanos-PB) cumpra o acordo em pautar a anistia. \u201cUm homem tem palavra. A gente acredita que chegou a hora de ele <em>(Motta)<\/em> cumprir a palavra\u201d, enfatizou ao jornal <em>O Estado de S. Paulo<\/em>. \u201cCabe ao Congresso pautar uma pauta que pode pacificar o nosso Pa\u00eds.\u201d<\/p>\n<h2 class=\"wp-block-heading\" id=\"julgamento-no-stf-e-reacao-da-oposicao\">Julgamento no STF e rea\u00e7\u00e3o da oposi\u00e7\u00e3o<a href=\"https:\/\/wainews-homolog.streamlit.app\/~\/+\/#julgamento-no-stf-e-reacao-da-oposicao\"\/><\/h2>\n<p>Em meio ao julgamento no Supremo Tribunal Federal (<strong><a href=\"https:\/\/portal.stf.jus.br\/\" target=\"_blank\" rel=\"noreferrer noopener\">STF<\/a><\/strong>), parlamentares da oposi\u00e7\u00e3o avaliam que n\u00e3o h\u00e1 necessidade de ampla presen\u00e7a no plen\u00e1rio.<\/p>\n<p>\u201cA gente sabe que ir para esse julgamento \u00e9 s\u00f3 assistir a um teatro\u201d, afirmou o deputado. \u201cA gente tem sim inten\u00e7\u00e3o de sim acompanhar a fala do presidente Bolsonaro ou o voto dos ministros.\u201d<\/p>\n<p>A l\u00edder da minoria, Caroline de Toni (PL-SC), classificou o in\u00edcio do julgamento como um momento negativo. \u201cQue fique marcado o dia de hoje como o dia da vergonha nacional, o dia da plena persegui\u00e7\u00e3o e n\u00e3o nos calaremos\u201d, disse De Toni, segundo o jornal. Al\u00e9m das manifesta\u00e7\u00f5es parlamentares, opositores anunciaram que o 7 de Setembro ser\u00e1 marcado por protestos em v\u00e1rias capitais do pa\u00eds.<\/p>\n<p><strong>Leia tamb\u00e9m: <\/strong><a href=\"https:\/\/revistaoeste.com\/revista\/edicao-255\/a-anistia-inevitavel\/\"><strong>\u201cA anistia inevit\u00e1vel\u201d<\/strong><\/a><strong>, artigo de Augusto Nunes e Branca Nunes publicado na Edi\u00e7\u00e3o 255 da Revista Oeste<\/strong><\/p><\/div>\n<p><\/a><\/p>\n<p>Fonte: revistaoeste.com<\/p>\n","protected":false},"excerpt":{"rendered":"<p>Deputados contr\u00e1rios ao governo de Luiz In\u00e1cio Lula da Silva (PT) querem pressionar o presidente da C\u00e2mara, Hugo Motta (Republicanos-PB), para incluir na pauta a vota\u00e7\u00e3o da anistia aos envolvidos nos atos do dia 8 de janeiro. A expectativa do grupo \u00e9 que a proposta tamb\u00e9m contemple o ex-presidente Jair Bolsonaro (PL). + Leia mais [&hellip;]<\/p>\n","protected":false},"author":3,"featured_media":3606,"comment_status":"open","ping_status":"open","sticky":false,"template":"","format":"standard","meta":{"advanced_seo_description":"","jetpack_seo_html_title":"","jetpack_seo_noindex":false,"fifu_image_url":"https:\/\/medias.revistaoeste.com\/wp-content\/uploads\/2025\/05\/ti74htP4xOs-00-06-21-43-ARENA-OESTE-03-%E2%80%93-Luciano-Zucco-Deputado-Federal.jpg","fifu_image_alt":"","_jetpack_memberships_contains_paid_content":false,"footnotes":"","jetpack_publicize_message":"","jetpack_publicize_feature_enabled":true,"jetpack_social_post_already_shared":true,"jetpack_social_options":{"image_generator_settings":{"template":"highway","default_image_id":0,"font":"","enabled":false},"version":2}},"categories":[106,1],"tags":[],"class_list":{"0":"post-3605","1":"post","2":"type-post","3":"status-publish","4":"format-standard","5":"has-post-thumbnail","7":"category-politica","8":"category-uncategorized"},"jetpack_publicize_connections":[],"jetpack_featured_media_url":"https:\/\/i0.wp.com\/medias.revistaoeste.com\/wp-content\/uploads\/2025\/05\/ti74htP4xOs-00-06-21-43-ARENA-OESTE-03-%E2%80%93-Luciano-Zucco-Deputado-Federal.jpg?fit=%2C&ssl=1","jetpack_sharing_enabled":true,"jetpack-related-posts":[],"_links":{"self":[{"href":"https:\/\/friburgonoticias.com.br\/temp\/wp-json\/wp\/v2\/posts\/3605","targetHints":{"allow":["GET"]}}],"collection":[{"href":"https:\/\/friburgonoticias.com.br\/temp\/wp-json\/wp\/v2\/posts"}],"about":[{"href":"https:\/\/friburgonoticias.com.br\/temp\/wp-json\/wp\/v2\/types\/post"}],"author":[{"embeddable":true,"href":"https:\/\/friburgonoticias.com.br\/temp\/wp-json\/wp\/v2\/users\/3"}],"replies":[{"embeddable":true,"href":"https:\/\/friburgonoticias.com.br\/temp\/wp-json\/wp\/v2\/comments?post=3605"}],"version-history":[{"count":0,"href":"https:\/\/friburgonoticias.com.br\/temp\/wp-json\/wp\/v2\/posts\/3605\/revisions"}],"wp:featuredmedia":[{"embeddable":true,"href":"https:\/\/friburgonoticias.com.br\/temp\/wp-json\/wp\/v2\/media\/3606"}],"wp:attachment":[{"href":"https:\/\/friburgonoticias.com.br\/temp\/wp-json\/wp\/v2\/media?parent=3605"}],"wp:term":[{"taxonomy":"category","embeddable":true,"href":"https:\/\/friburgonoticias.com.br\/temp\/wp-json\/wp\/v2\/categories?post=3605"},{"taxonomy":"post_tag","embeddable":true,"href":"https:\/\/friburgonoticias.com.br\/temp\/wp-json\/wp\/v2\/tags?post=3605"}],"curies":[{"name":"wp","href":"https:\/\/api.w.org\/{rel}","templated":true}]}}