{"id":3607,"date":"2025-09-02T16:37:25","date_gmt":"2025-09-02T16:37:25","guid":{"rendered":"https:\/\/friburgonoticias.com.br\/temp\/2025\/09\/02\/comissao-da-alerj-aprova-nomes-indicados-por-castro-para-a-agenersa\/"},"modified":"2025-09-02T16:37:25","modified_gmt":"2025-09-02T16:37:25","slug":"comissao-da-alerj-aprova-nomes-indicados-por-castro-para-a-agenersa","status":"publish","type":"post","link":"https:\/\/friburgonoticias.com.br\/temp\/2025\/09\/02\/comissao-da-alerj-aprova-nomes-indicados-por-castro-para-a-agenersa\/","title":{"rendered":"Comiss\u00e3o da Alerj aprova nomes indicados por Castro para a Agenersa"},"content":{"rendered":"<p><\/p>\n<div itemprop=\"articleBody\">\nA Comiss\u00e3o de Normas Internas e Proposi\u00e7\u00f5es Externas da Assembleia Legislativa (Alerj) aprovou, em sabatina nesta ter\u00e7a-feira (2), os <a href=\"https:\/\/temporealrj.com\/comissao-da-alerj-convoca-para-esta-terca-feira-02-a-sabatina-dos-indicados-por-castro-para-a-agenersa\/\">nomes indicados pelo governador Cl\u00e1udio Castro (PL) para a Ag\u00eancia Reguladora de Energia e Saneamento B\u00e1sico do Estado (Agenersa)<\/a>.<\/p>\n<p>O delegado Rafael Menezes, atual presidente da ag\u00eancia, foi aprovado para um novo mandato de quatro anos como conselheiro. Antenor Lopes Martins Junior recebeu aval para substituir Marcos Cipriano de Oliveira Mello, cujo mandato se encerra em 30 de setembro.<\/p>\n<p>Com a aprova\u00e7\u00e3o na comiss\u00e3o, as indica\u00e7\u00f5es seguem agora para vota\u00e7\u00e3o no plen\u00e1rio da Assembleia Legislativa do Rio. <\/p>\n<p>Em atualiza\u00e7\u00e3o.\n<\/p><\/div>\n<p><\/a><\/p>\n<p>Fonte: temporealrj.com<\/p>\n","protected":false},"excerpt":{"rendered":"<p>A Comiss\u00e3o de Normas Internas e Proposi\u00e7\u00f5es Externas da Assembleia Legislativa (Alerj) aprovou, em sabatina nesta ter\u00e7a-feira (2), os nomes indicados pelo governador Cl\u00e1udio Castro (PL) para a Ag\u00eancia Reguladora de Energia e Saneamento B\u00e1sico do Estado (Agenersa). O delegado Rafael Menezes, atual presidente da ag\u00eancia, foi aprovado para um novo mandato de quatro anos [&hellip;]<\/p>\n","protected":false},"author":3,"featured_media":3608,"comment_status":"open","ping_status":"open","sticky":false,"template":"","format":"standard","meta":{"advanced_seo_description":"","jetpack_seo_html_title":"","jetpack_seo_noindex":false,"fifu_image_url":"https:\/\/temporealrj.com\/wp-content\/uploads\/2025\/09\/Geral_02_09_2025_ThiagoLontra-23-scaled-e1756830645674.jpg","fifu_image_alt":"","_jetpack_memberships_contains_paid_content":false,"footnotes":"","jetpack_publicize_message":"","jetpack_publicize_feature_enabled":true,"jetpack_social_post_already_shared":true,"jetpack_social_options":{"image_generator_settings":{"template":"highway","default_image_id":0,"font":"","enabled":false},"version":2}},"categories":[107],"tags":[],"class_list":{"0":"post-3607","1":"post","2":"type-post","3":"status-publish","4":"format-standard","5":"has-post-thumbnail","7":"category-economia"},"jetpack_publicize_connections":[],"jetpack_featured_media_url":"https:\/\/i0.wp.com\/temporealrj.com\/wp-content\/uploads\/2025\/09\/Geral_02_09_2025_ThiagoLontra-23-scaled-e1756830645674.jpg?fit=%2C&ssl=1","jetpack_sharing_enabled":true,"jetpack-related-posts":[],"_links":{"self":[{"href":"https:\/\/friburgonoticias.com.br\/temp\/wp-json\/wp\/v2\/posts\/3607","targetHints":{"allow":["GET"]}}],"collection":[{"href":"https:\/\/friburgonoticias.com.br\/temp\/wp-json\/wp\/v2\/posts"}],"about":[{"href":"https:\/\/friburgonoticias.com.br\/temp\/wp-json\/wp\/v2\/types\/post"}],"author":[{"embeddable":true,"href":"https:\/\/friburgonoticias.com.br\/temp\/wp-json\/wp\/v2\/users\/3"}],"replies":[{"embeddable":true,"href":"https:\/\/friburgonoticias.com.br\/temp\/wp-json\/wp\/v2\/comments?post=3607"}],"version-history":[{"count":0,"href":"https:\/\/friburgonoticias.com.br\/temp\/wp-json\/wp\/v2\/posts\/3607\/revisions"}],"wp:featuredmedia":[{"embeddable":true,"href":"https:\/\/friburgonoticias.com.br\/temp\/wp-json\/wp\/v2\/media\/3608"}],"wp:attachment":[{"href":"https:\/\/friburgonoticias.com.br\/temp\/wp-json\/wp\/v2\/media?parent=3607"}],"wp:term":[{"taxonomy":"category","embeddable":true,"href":"https:\/\/friburgonoticias.com.br\/temp\/wp-json\/wp\/v2\/categories?post=3607"},{"taxonomy":"post_tag","embeddable":true,"href":"https:\/\/friburgonoticias.com.br\/temp\/wp-json\/wp\/v2\/tags?post=3607"}],"curies":[{"name":"wp","href":"https:\/\/api.w.org\/{rel}","templated":true}]}}