{"id":3611,"date":"2025-09-02T18:02:23","date_gmt":"2025-09-02T18:02:23","guid":{"rendered":"https:\/\/friburgonoticias.com.br\/temp\/2025\/09\/02\/eleicao-suplementar-de-tres-rios-tem-cinco-candidatos-a-prefeito-registrados-veja-a-lista\/"},"modified":"2025-09-02T18:02:23","modified_gmt":"2025-09-02T18:02:23","slug":"eleicao-suplementar-de-tres-rios-tem-cinco-candidatos-a-prefeito-registrados-veja-a-lista","status":"publish","type":"post","link":"https:\/\/friburgonoticias.com.br\/temp\/2025\/09\/02\/eleicao-suplementar-de-tres-rios-tem-cinco-candidatos-a-prefeito-registrados-veja-a-lista\/","title":{"rendered":"Elei\u00e7\u00e3o suplementar de Tr\u00eas Rios tem cinco candidatos a prefeito registrados; veja a lista"},"content":{"rendered":"<p><\/p>\n<div itemprop=\"articleBody\">\nCinco chapas disputam a elei\u00e7\u00e3o suplementar para prefeito e vice em Tr\u00eas Rios, na Regi\u00e3o Centro-Sul Fluminense, marcada para 5 de outubro. O prazo para requerimento do registro de candidatura no Ju\u00edzo da 174\u00aa Zona Eleitoral encerrou na sexta-feira (29). A propaganda eleitoral dos candidatos teve in\u00edcio no \u00faltimo dia 30.<\/p>\n<p>Por ordem alfab\u00e9tica, os concorrentes ao pleito s\u00e3o: Anderson Bento de Medeiros, o <a href=\"https:\/\/temporealrj.com\/puro-sangue-professor-anderson-muricoca-tera-vice-do-prd-na-disputa-em-tres-rios\/\">professor Anderson Muri\u00e7oca<\/a>, concorre pelo Partido Renova\u00e7\u00e3o Democr\u00e1tica (PRD), tendo como vice, Jozemar de Lima, do mesmo partido. Beatriz Retto Bogossian, a <a href=\"https:\/\/temporealrj.com\/bia-bogossian-firma-candidatura-em-tres-rios-com-chapa-puro-sangue-do-psd\/\">Bia Bogossian<\/a>, \u00e9 a candidata do Partido Social Democr\u00e1tico (PSD); e Juliano Maia, tamb\u00e9m do PSD, \u00e9 o vice da chapa.<\/p>\n<p>Jonas Mascarenhas Macedo, o<a href=\"https:\/\/temporealrj.com\/eleicao-em-tres-rios-presidente-da-camara-e-o-candidato-de-joa-o-prefeito-reeleito-que-perdeu-o-direito-a-cadeira\/\"> Jonas Dico<\/a>, do Podemos, encabe\u00e7a a chapa da Coliga\u00e7\u00e3o Tr\u00eas Rios N\u00e3o Pode Parar (Podemos\/MDB), que tem Arsonval Macedo Liliu, do MDB, figurando como candidato a vice-prefeito. O candidato a prefeito Jorge Luis de Almeida e o vice Luis Fernando Coelho s\u00e3o os nomes que disputam o pleito pelo Democracia Crist\u00e3 (DC).<\/p>\n<p>Juarez de Souza Pereira, o <a href=\"https:\/\/temporealrj.com\/solidariedade-bate-o-martelo-e-oficializa-juarez-da-saude-como-candidato-em-tres-rios-preterido-marcio-poncio-apoia-o-escolhido\/\">Juarez da Sa\u00fade<\/a>, do Solidariedade, \u00e9 o candidato da Coliga\u00e7\u00e3o Tr\u00eas Rios Merece Mais (Solidariedade\/Novo). O vice da chapa \u00e9 Jacqueson Martins Lima, o Professor Jacqueson, do Novo.<\/p>\n<h2 class=\"wp-block-heading\">An\u00e1lise das candidaturas ao executivo de Tr\u00eas Rios<\/h2>\n<p>Os dados dos candidatos tanto para o cargo de prefeito quanto de vice podem ser consultados na plataforma DivulgaCandContas, do Tribunal Superior Eleitoral (TSE). Por meio desse sistema, \u00e9 poss\u00edvel obter informa\u00e7\u00f5es como bens do candidato e propostas de governo, entre outras.<\/p>\n<p>Os procedimentos para an\u00e1lise e processamento das solicita\u00e7\u00f5es est\u00e3o previstos na Resolu\u00e7\u00e3o TRE-RJ 1371\/25, que definiu o calend\u00e1rio das elei\u00e7\u00f5es suplementares. De acordo com a norma, os pedidos de registro de candidaturas dever\u00e3o ser julgados pelo Ju\u00edzo da 174\u00aa ZE at\u00e9 o dia 19 de setembro.<\/p>\n<p>As regras da propaganda eleitoral no pleito suplementar de Tr\u00eas Rios s\u00e3o reguladas pela Lei 9.504\/97, inclusive quanto aos respectivos prazos processuais e, no que couber, pelas resolu\u00e7\u00f5es TSE 23.608\/19 e 23.610\/2019. N\u00e3o haver\u00e1 propaganda eleitoral gratuita em <a href=\"https:\/\/www.instagram.com\/temporealrio\/\" target=\"_blank\" rel=\"noopener\">r\u00e1dio e televis\u00e3o<\/a>.\n<\/div>\n<p><script async src=\"\/\/www.instagram.com\/embed.js\"><\/script><br \/>\n<br \/><\/a><\/p>\n<p>Fonte: temporealrj.com<\/p>\n","protected":false},"excerpt":{"rendered":"<p>Cinco chapas disputam a elei\u00e7\u00e3o suplementar para prefeito e vice em Tr\u00eas Rios, na Regi\u00e3o Centro-Sul Fluminense, marcada para 5 de outubro. O prazo para requerimento do registro de candidatura no Ju\u00edzo da 174\u00aa Zona Eleitoral encerrou na sexta-feira (29). A propaganda eleitoral dos candidatos teve in\u00edcio no \u00faltimo dia 30. Por ordem alfab\u00e9tica, os [&hellip;]<\/p>\n","protected":false},"author":3,"featured_media":3612,"comment_status":"open","ping_status":"open","sticky":false,"template":"","format":"standard","meta":{"advanced_seo_description":"","jetpack_seo_html_title":"","jetpack_seo_noindex":false,"fifu_image_url":"https:\/\/temporealrj.com\/wp-content\/uploads\/2024\/09\/image-74-e1726068232623.png","fifu_image_alt":"","_jetpack_memberships_contains_paid_content":false,"footnotes":"","jetpack_publicize_message":"","jetpack_publicize_feature_enabled":true,"jetpack_social_post_already_shared":true,"jetpack_social_options":{"image_generator_settings":{"template":"highway","default_image_id":0,"font":"","enabled":false},"version":2}},"categories":[107],"tags":[],"class_list":{"0":"post-3611","1":"post","2":"type-post","3":"status-publish","4":"format-standard","5":"has-post-thumbnail","7":"category-economia"},"jetpack_publicize_connections":[],"jetpack_featured_media_url":"https:\/\/i0.wp.com\/temporealrj.com\/wp-content\/uploads\/2024\/09\/image-74-e1726068232623.png?fit=%2C&ssl=1","jetpack_sharing_enabled":true,"jetpack-related-posts":[],"_links":{"self":[{"href":"https:\/\/friburgonoticias.com.br\/temp\/wp-json\/wp\/v2\/posts\/3611","targetHints":{"allow":["GET"]}}],"collection":[{"href":"https:\/\/friburgonoticias.com.br\/temp\/wp-json\/wp\/v2\/posts"}],"about":[{"href":"https:\/\/friburgonoticias.com.br\/temp\/wp-json\/wp\/v2\/types\/post"}],"author":[{"embeddable":true,"href":"https:\/\/friburgonoticias.com.br\/temp\/wp-json\/wp\/v2\/users\/3"}],"replies":[{"embeddable":true,"href":"https:\/\/friburgonoticias.com.br\/temp\/wp-json\/wp\/v2\/comments?post=3611"}],"version-history":[{"count":0,"href":"https:\/\/friburgonoticias.com.br\/temp\/wp-json\/wp\/v2\/posts\/3611\/revisions"}],"wp:featuredmedia":[{"embeddable":true,"href":"https:\/\/friburgonoticias.com.br\/temp\/wp-json\/wp\/v2\/media\/3612"}],"wp:attachment":[{"href":"https:\/\/friburgonoticias.com.br\/temp\/wp-json\/wp\/v2\/media?parent=3611"}],"wp:term":[{"taxonomy":"category","embeddable":true,"href":"https:\/\/friburgonoticias.com.br\/temp\/wp-json\/wp\/v2\/categories?post=3611"},{"taxonomy":"post_tag","embeddable":true,"href":"https:\/\/friburgonoticias.com.br\/temp\/wp-json\/wp\/v2\/tags?post=3611"}],"curies":[{"name":"wp","href":"https:\/\/api.w.org\/{rel}","templated":true}]}}