{"id":3615,"date":"2025-09-02T19:42:27","date_gmt":"2025-09-02T19:42:27","guid":{"rendered":"https:\/\/friburgonoticias.com.br\/temp\/2025\/09\/02\/defesa-de-ramagem-diz-que-pgr-cometeu-equivoco-muito-grave\/"},"modified":"2025-09-02T19:42:27","modified_gmt":"2025-09-02T19:42:27","slug":"defesa-de-ramagem-diz-que-pgr-cometeu-equivoco-muito-grave","status":"publish","type":"post","link":"https:\/\/friburgonoticias.com.br\/temp\/2025\/09\/02\/defesa-de-ramagem-diz-que-pgr-cometeu-equivoco-muito-grave\/","title":{"rendered":"Defesa de Ramagem diz que PGR cometeu \u2018equ\u00edvoco muito grave\u2019"},"content":{"rendered":"<p><\/p>\n<div id=\"hd80s9wa1h892edh8192\">\n        Em sustenta\u00e7\u00e3o oral no julgamento da Primeira Turma do Supremo Tribunal Federal (STF), o advogado Paulo Renato Garcia, que representa o deputado Alexandre Ramagem (PL-RJ), centrou a defesa na falta de tempo h\u00e1bil para an\u00e1lise de novas provas e na utiliza\u00e7\u00e3o, pela acusa\u00e7\u00e3o, de trechos do relat\u00f3rio final da PET 11.108.\u00a0<\/p>\n<p><strong>+ <a href=\"https:\/\/revistaoeste.com\/politica\/stf-retoma-julgamento-de-bolsonaro-acompanhe\/\" target=\"_blank\" rel=\"noreferrer noopener\">STF retoma julgamento de Bolsonaro; acompanhe<\/a><\/strong><\/p>\n<p>Segundo Garcia, o documento foi publicizado dias antes do in\u00edcio do prazo para as alega\u00e7\u00f5es finais, o que teria impedido o exerc\u00edcio pleno do contradit\u00f3rio: \u201cN\u00e3o houve momento h\u00e1bil para que a defesa produzisse contra fato dessas provas\u201d.\u00a0<\/p>\n<blockquote class=\"wp-block-quote is-layout-flow wp-block-quote-is-layout-flow\"><p>\u201cA Procuradoria-Geral da Rep\u00fablica n\u00e3o teve claramente tempo h\u00e1bil para se debru\u00e7ar sobre as informa\u00e7\u00f5es, tanto que houve nas alega\u00e7\u00f5es finais do Minist\u00e9rio P\u00fablico Federal um equ\u00edvoco muito grave em rela\u00e7\u00e3o ao Alexandre Ramagem\u201d, argumentou.<\/p>\n<\/blockquote>\n<figure class=\"wp-block-embed is-type-video is-provider-youtube wp-block-embed-youtube wp-embed-aspect-4-3 wp-has-aspect-ratio\">\n<div class=\"wp-block-embed__wrapper\">\n<div class=\"perfmatters-lazy-youtube\" data-src=\"https:\/\/www.youtube.com\/embed\/6PASj_x30C4\" data-id=\"6PASj_x30C4\" data-query=\"feature=oembed\" onclick=\"perfmattersLazyLoadYouTube(this);\">\n<div><img loading=\"lazy\" decoding=\"async\" alt=\"YouTube video\" width=\"480\" height=\"360\" data-pin-nopin=\"true\" nopin=\"nopin\" class=\"perfmatters-lazy\" src=\"https:\/\/i.ytimg.com\/vi\/6PASj_x30C4\/hqdefault.jpg\"\/><img loading=\"lazy\" decoding=\"async\" src=\"https:\/\/i.ytimg.com\/vi\/6PASj_x30C4\/hqdefault.jpg\" alt=\"YouTube video\" width=\"480\" height=\"360\" data-pin-nopin=\"true\" nopin=\"nopin\"\/><\/div>\n<\/div>\n<p><noscript><iframe loading=\"lazy\" title=\"Primeira Turma do STF -  julgamento da AP 2668 (N\u00facleo 1) - 2\/9\/2025 (tarde)\" width=\"1170\" height=\"878\" src=\"https:\/\/www.youtube.com\/embed\/6PASj_x30C4?feature=oembed\" frameborder=\"0\" allow=\"accelerometer; autoplay; clipboard-write; encrypted-media; gyroscope; picture-in-picture; web-share\" referrerpolicy=\"strict-origin-when-cross-origin\" allowfullscreen><\/iframe><\/noscript>\n<\/div>\n<\/figure>\n<p><strong>+ <a href=\"https:\/\/revistaoeste.com\/no-ponto\/parlamentares-esquerdistas-participam-de-julgamento-de-bolsonaro\/\" target=\"_blank\" rel=\"noreferrer noopener\">Parlamentares esquerdistas participam de julgamento de Bolsonaro<\/a><\/strong><\/p>\n<p>O advogado pediu que elementos extra\u00eddos da peti\u00e7\u00e3o n\u00e3o sejam utilizados neste julgamento. \u201cPor essas raz\u00f5es, sim, aten\u00e7\u00e3o ao contradit\u00f3rio, \u00e0 defesa, ao devido processo legal (\u2026), a defesa pede para que esses elementos n\u00e3o sejam analisados neste julgamento\u201d, disse.<\/p>\n<h2 class=\"wp-block-heading\" id=\"h-defesa-de-ramagem-critica-inclusao-da-peticao\"><strong>Defesa de Ramagem critica inclus\u00e3o da peti\u00e7\u00e3o<\/strong><\/h2>\n<figure class=\"wp-block-image aligncenter size-full\"><picture><source data-srcset=\"https:\/\/medias.revistaoeste.com\/wp-content\/uploads\/2025\/05\/STF-RAMAGEM.jpeg.webp 1000w, https:\/\/medias.revistaoeste.com\/wp-content\/uploads\/2025\/05\/STF-RAMAGEM-300x185.jpeg.webp 300w, https:\/\/medias.revistaoeste.com\/wp-content\/uploads\/2025\/05\/STF-RAMAGEM-150x92.jpeg.webp 150w\" data-sizes=\"(max-width: 1000px) 100vw, 1000px\" type=\"image\/webp\"><img loading=\"lazy\" decoding=\"async\" width=\"1000\" height=\"616\" alt=\"O deputado federal Alexandre Ramagem (PL\/RJ): mais um piv\u00f4 no clima de tens\u00e3o entre Legislativo e Judici\u00e1rio | Foto: Bruno Spada \/ C\u00e2mara dos Deputados\" class=\"wp-image-1996118 perfmatters-lazy\" data-eio=\"p\" src=\"https:\/\/medias.revistaoeste.com\/wp-content\/uploads\/2025\/05\/STF-RAMAGEM.jpeg\" srcset=\"https:\/\/medias.revistaoeste.com\/wp-content\/uploads\/2025\/05\/STF-RAMAGEM.jpeg 1000w, https:\/\/medias.revistaoeste.com\/wp-content\/uploads\/2025\/05\/STF-RAMAGEM-300x185.jpeg 300w, https:\/\/medias.revistaoeste.com\/wp-content\/uploads\/2025\/05\/STF-RAMAGEM-150x92.jpeg 150w\" data-sizes=\"(max-width: 1000px) 100vw, 1000px\"\/><img loading=\"lazy\" decoding=\"async\" width=\"1000\" height=\"616\" src=\"https:\/\/medias.revistaoeste.com\/wp-content\/uploads\/2025\/05\/STF-RAMAGEM.jpeg\" alt=\"O deputado federal Alexandre Ramagem (PL\/RJ): mais um piv\u00f4 no clima de tens\u00e3o entre Legislativo e Judici\u00e1rio | Foto: Bruno Spada \/ C\u00e2mara dos Deputados\" class=\"wp-image-1996118\" srcset=\"https:\/\/medias.revistaoeste.com\/wp-content\/uploads\/2025\/05\/STF-RAMAGEM.jpeg 1000w, https:\/\/medias.revistaoeste.com\/wp-content\/uploads\/2025\/05\/STF-RAMAGEM-300x185.jpeg 300w, https:\/\/medias.revistaoeste.com\/wp-content\/uploads\/2025\/05\/STF-RAMAGEM-150x92.jpeg 150w\" sizes=\"auto, (max-width: 1000px) 100vw, 1000px\" data-eio=\"p\"\/><\/source><\/picture><figcaption class=\"wp-element-caption\">O deputado federal Alexandre Ramagem (PL\/RJ): mais um piv\u00f4 no clima de tens\u00e3o entre Legislativo e Judici\u00e1rio | Foto: Bruno Spada \/ C\u00e2mara dos Deputados<\/figcaption><\/figure>\n<p>A defesa ainda relatou que a decis\u00e3o que deu publicidade ao relat\u00f3rio ocorreu \u201cem 18 de junho de 2025\u201d, poucos dias antes do in\u00edcio do prazo para manifesta\u00e7\u00f5es, e que os fatos trazidos ali \u201cn\u00e3o constavam da den\u00fancia\u201d nem foram objeto de instru\u00e7\u00e3o probat\u00f3ria.\u00a0<\/p>\n<blockquote class=\"wp-block-quote is-layout-flow wp-block-quote-is-layout-flow\">\n<p>\u201cOs fatos foram apresentados naquele relat\u00f3rio que n\u00e3o constavam da den\u00fancia apresentada pela Procuradoria-Geral da Rep\u00fablica\u201d, alegou Garcia. \u201cE quando esses fatos foram efetivamente formalizados, n\u00f3s j\u00e1 est\u00e1vamos efetivamente no fim da instru\u00e7\u00e3o desta a\u00e7\u00e3o penal.\u201d<\/p>\n<\/blockquote>\n<p>Um dos pontos enfatizados foi o epis\u00f3dio do \u201clog de acesso\u201d. De acordo com Garcia, as alega\u00e7\u00f5es finais do MPF teriam interpretado como acesso ao sistema um registro que, na verdade, seria de entrada f\u00edsica na sede da ag\u00eancia.\u00a0<\/p>\n<p><strong>+ <a href=\"https:\/\/revistaoeste.com\/politica\/flavio-compara-julgamento-de-bolsonaro-ao-caso-dreyfus-erro-judiciario-historico-na-franca\/\" target=\"_blank\" rel=\"noreferrer noopener\">Fl\u00e1vio compara julgamento de Bolsonaro ao caso Dreyfus, erro judicial hist\u00f3rico<\/a><\/strong><\/p>\n<blockquote class=\"wp-block-quote is-layout-flow wp-block-quote-is-layout-flow\">\n<p>\u201cO Minist\u00e9rio P\u00fablico Federal afirmou que Alexandre Ramagem tinha acesso ao sistema, citando esse log e a data deste log, 15 de maio de 2019\u201d, relatou. \u201cOcorre que a autoridade policial n\u00e3o fez alus\u00e3o a log de acesso a sistema algum. Na verdade, esse registro de 15 de maio de 2019 era de acesso \u00e0s depend\u00eancias f\u00edsicas da Abin.\u201d\u00a0<\/p>\n<\/blockquote>\n<p>Para ele, o relat\u00f3rio re\u00fane grande volume de informa\u00e7\u00f5es novas e \u201c\u00e9 um apanhado avassalador de informa\u00e7\u00f5es que n\u00e3o constavam na a\u00e7\u00e3o penal 2668 ora em julgamento.\u201d<\/p>\n<p>Ao final, Garcia reiterou o pedido para afastamento dos elementos novos trazidos ao processo pela PET 11.108 e a preserva\u00e7\u00e3o do devido processo: \u201cN\u00e3o houve tempo para analisar esse volume de informa\u00e7\u00f5es, tanto que manteve esse equ\u00edvoco grave nas alega\u00e7\u00f5es finais\u201d. \u201cA Defesa pede para que esses elementos n\u00e3o sejam analisados neste julgamento\u201d, acrescentou.<\/p>\n<p><strong>+ Leia mais not\u00edcias de <a href=\"https:\/\/revistaoeste.com\/politica\/\" target=\"_blank\" rel=\"noreferrer noopener\">Pol\u00edtica<\/a> em Oeste<\/strong><\/p><\/div>\n<p><\/a><\/p>\n<p>Fonte: revistaoeste.com<\/p>\n","protected":false},"excerpt":{"rendered":"<p>Em sustenta\u00e7\u00e3o oral no julgamento da Primeira Turma do Supremo Tribunal Federal (STF), o advogado Paulo Renato Garcia, que representa o deputado Alexandre Ramagem (PL-RJ), centrou a defesa na falta de tempo h\u00e1bil para an\u00e1lise de novas provas e na utiliza\u00e7\u00e3o, pela acusa\u00e7\u00e3o, de trechos do relat\u00f3rio final da PET 11.108.\u00a0 + STF retoma julgamento [&hellip;]<\/p>\n","protected":false},"author":3,"featured_media":3616,"comment_status":"open","ping_status":"open","sticky":false,"template":"","format":"standard","meta":{"advanced_seo_description":"","jetpack_seo_html_title":"","jetpack_seo_noindex":false,"fifu_image_url":"https:\/\/medias.revistaoeste.com\/wp-content\/uploads\/2025\/09\/Paulo-Renato-Garcia.jpg","fifu_image_alt":"","_jetpack_memberships_contains_paid_content":false,"footnotes":"","jetpack_publicize_message":"","jetpack_publicize_feature_enabled":true,"jetpack_social_post_already_shared":true,"jetpack_social_options":{"image_generator_settings":{"template":"highway","default_image_id":0,"font":"","enabled":false},"version":2}},"categories":[106,1],"tags":[],"class_list":{"0":"post-3615","1":"post","2":"type-post","3":"status-publish","4":"format-standard","5":"has-post-thumbnail","7":"category-politica","8":"category-uncategorized"},"jetpack_publicize_connections":[],"jetpack_featured_media_url":"https:\/\/i0.wp.com\/medias.revistaoeste.com\/wp-content\/uploads\/2025\/09\/Paulo-Renato-Garcia.jpg?fit=%2C&ssl=1","jetpack_sharing_enabled":true,"jetpack-related-posts":[],"_links":{"self":[{"href":"https:\/\/friburgonoticias.com.br\/temp\/wp-json\/wp\/v2\/posts\/3615","targetHints":{"allow":["GET"]}}],"collection":[{"href":"https:\/\/friburgonoticias.com.br\/temp\/wp-json\/wp\/v2\/posts"}],"about":[{"href":"https:\/\/friburgonoticias.com.br\/temp\/wp-json\/wp\/v2\/types\/post"}],"author":[{"embeddable":true,"href":"https:\/\/friburgonoticias.com.br\/temp\/wp-json\/wp\/v2\/users\/3"}],"replies":[{"embeddable":true,"href":"https:\/\/friburgonoticias.com.br\/temp\/wp-json\/wp\/v2\/comments?post=3615"}],"version-history":[{"count":0,"href":"https:\/\/friburgonoticias.com.br\/temp\/wp-json\/wp\/v2\/posts\/3615\/revisions"}],"wp:featuredmedia":[{"embeddable":true,"href":"https:\/\/friburgonoticias.com.br\/temp\/wp-json\/wp\/v2\/media\/3616"}],"wp:attachment":[{"href":"https:\/\/friburgonoticias.com.br\/temp\/wp-json\/wp\/v2\/media?parent=3615"}],"wp:term":[{"taxonomy":"category","embeddable":true,"href":"https:\/\/friburgonoticias.com.br\/temp\/wp-json\/wp\/v2\/categories?post=3615"},{"taxonomy":"post_tag","embeddable":true,"href":"https:\/\/friburgonoticias.com.br\/temp\/wp-json\/wp\/v2\/tags?post=3615"}],"curies":[{"name":"wp","href":"https:\/\/api.w.org\/{rel}","templated":true}]}}