{"id":3643,"date":"2025-09-03T03:40:02","date_gmt":"2025-09-03T03:40:02","guid":{"rendered":"https:\/\/friburgonoticias.com.br\/temp\/2025\/09\/03\/camara-aprova-aumento-de-pena-para-maus-tratos-contra-pessoa-com-deficiencia-noticias\/"},"modified":"2025-09-03T03:40:02","modified_gmt":"2025-09-03T03:40:02","slug":"camara-aprova-aumento-de-pena-para-maus-tratos-contra-pessoa-com-deficiencia-noticias","status":"publish","type":"post","link":"https:\/\/friburgonoticias.com.br\/temp\/2025\/09\/03\/camara-aprova-aumento-de-pena-para-maus-tratos-contra-pessoa-com-deficiencia-noticias\/","title":{"rendered":"C\u00e2mara aprova aumento de pena para maus-tratos contra pessoa com defici\u00eancia &#8211; Not\u00edcias"},"content":{"rendered":"<p><\/p>\n<div>\n<div>\n<p class=\"g-artigo__data-hora\">\n                      02\/09\/2025 &#8211; 20:29 \u00a0\n                    <\/p>\n<div id=\"image-container-1195773\" class=\"image-container\" style=\"float: none; margin: 45px 0px; width: 100%;\" data-midia=\"1195773\">\n        <em>Kayo Magalh\u00e3es\/C\u00e2mara dos Deputados<\/em><\/p>\n<p>        Z\u00e9 Haroldo Cathedral, relator do projeto\n        <\/p><\/div>\n<p>        A C\u00e2mara dos Deputados aprovou projeto de lei que aumenta a pena para o crime de maus-tratos contra pessoa com defici\u00eancia. A proposta ser\u00e1 enviada ao Senado.<br \/>\n        De autoria do deputado Ribamar Silva (PSD-SP), o Projeto de Lei 1978\/25 foi aprovado nesta ter\u00e7a-feira (2) na forma de um <span id=\"4098\" class=\"termoGlossario\" title=\"Nome que se d\u00e1 ao texto que altera substancialmente o conte\u00fado original da proposta. O substitutivo \u00e9 apresentado pelo relator e tem prefer\u00eancia na vota\u00e7\u00e3o sobre o projeto original.\" contenteditable=\"false\" data-toggle=\"tooltip\" data-placement=\"top\">substitutivo<\/span> do relator, deputado Z\u00e9 Haroldo Cathedral (PSD-RR).<br \/>\n        O texto aumenta em 1\/3 a pena de <span id=\"4303\" class=\"termoGlossario\" title=\"A reclus\u00e3o \u00e9 a mais severa entre as penas privativas de liberdade. Destina-se a crimes dolosos (com inten\u00e7\u00e3o).\" contenteditable=\"false\" data-toggle=\"tooltip\" data-placement=\"top\">reclus\u00e3o<\/span> de 2 a 5 anos de quem for condenado por expor a perigo a vida ou a sa\u00fade de pessoa sob sua autoridade, guarda ou vigil\u00e2ncia. Esse tipo de autoridade pode ser para fins de educa\u00e7\u00e3o, ensino, tratamento ou cust\u00f3dia.<br \/>\n        Os maus-tratos s\u00e3o caracterizados como a priva\u00e7\u00e3o de alimenta\u00e7\u00e3o ou cuidados indispens\u00e1veis; sujei\u00e7\u00e3o a trabalho excessivo ou inadequado; ou abuso de meios de corre\u00e7\u00e3o ou disciplina.<br \/>\n        Z\u00e9 Haroldo Cathedral afirmou que as pessoas com defici\u00eancia possuem uma vulnerabilidade mais acentuada e que a viol\u00eancia contra elas precisa ser reprimida pelo Estado. &#8220;O reconhecimento da vulnerabilidade \u00e9 a origem das a\u00e7\u00f5es concretas \u00e0 promo\u00e7\u00e3o da isonomia e do livre exerc\u00edcio de direitos&#8221;, declarou.<br \/>\n        <a href=\"https:\/\/www.camara.leg.br\/noticias\/573454-SAIBA-MAIS-SOBRE-A-TRAMITACAO-DE-PROJETOS-DE-LEI\">Saiba mais sobre a tramita\u00e7\u00e3o de projetos de lei<\/a><\/p>\n<p style=\"font-size: 0.8rem; font-weight: 700;\">Reportagem \u2013 Eduardo Piovesan e Tiago Miranda<br \/>Edi\u00e7\u00e3o \u2013 Pierre Triboli<\/p>\n<\/p><\/div>\n<\/p><\/div>\n<p><\/a><\/p>\n<p>Fonte: www.camara.leg.br<\/p>\n","protected":false},"excerpt":{"rendered":"<p>02\/09\/2025 &#8211; 20:29 \u00a0 Kayo Magalh\u00e3es\/C\u00e2mara dos Deputados Z\u00e9 Haroldo Cathedral, relator do projeto A C\u00e2mara dos Deputados aprovou projeto de lei que aumenta a pena para o crime de maus-tratos contra pessoa com defici\u00eancia. A proposta ser\u00e1 enviada ao Senado. De autoria do deputado Ribamar Silva (PSD-SP), o Projeto de Lei 1978\/25 foi aprovado [&hellip;]<\/p>\n","protected":false},"author":3,"featured_media":3644,"comment_status":"open","ping_status":"open","sticky":false,"template":"","format":"standard","meta":{"advanced_seo_description":"","jetpack_seo_html_title":"","jetpack_seo_noindex":false,"fifu_image_url":"https:\/\/www.camara.leg.br\/midias\/image\/2025\/09\/img20250902145635742-768x473.jpg","fifu_image_alt":"","_jetpack_memberships_contains_paid_content":false,"footnotes":"","jetpack_publicize_message":"","jetpack_publicize_feature_enabled":true,"jetpack_social_post_already_shared":true,"jetpack_social_options":{"image_generator_settings":{"template":"highway","default_image_id":0,"font":"","enabled":false},"version":2}},"categories":[106,1],"tags":[],"class_list":{"0":"post-3643","1":"post","2":"type-post","3":"status-publish","4":"format-standard","5":"has-post-thumbnail","7":"category-politica","8":"category-uncategorized"},"jetpack_publicize_connections":[],"jetpack_featured_media_url":"https:\/\/i0.wp.com\/www.camara.leg.br\/midias\/image\/2025\/09\/img20250902145635742-768x473.jpg?fit=%2C&ssl=1","jetpack_sharing_enabled":true,"jetpack-related-posts":[],"_links":{"self":[{"href":"https:\/\/friburgonoticias.com.br\/temp\/wp-json\/wp\/v2\/posts\/3643","targetHints":{"allow":["GET"]}}],"collection":[{"href":"https:\/\/friburgonoticias.com.br\/temp\/wp-json\/wp\/v2\/posts"}],"about":[{"href":"https:\/\/friburgonoticias.com.br\/temp\/wp-json\/wp\/v2\/types\/post"}],"author":[{"embeddable":true,"href":"https:\/\/friburgonoticias.com.br\/temp\/wp-json\/wp\/v2\/users\/3"}],"replies":[{"embeddable":true,"href":"https:\/\/friburgonoticias.com.br\/temp\/wp-json\/wp\/v2\/comments?post=3643"}],"version-history":[{"count":0,"href":"https:\/\/friburgonoticias.com.br\/temp\/wp-json\/wp\/v2\/posts\/3643\/revisions"}],"wp:featuredmedia":[{"embeddable":true,"href":"https:\/\/friburgonoticias.com.br\/temp\/wp-json\/wp\/v2\/media\/3644"}],"wp:attachment":[{"href":"https:\/\/friburgonoticias.com.br\/temp\/wp-json\/wp\/v2\/media?parent=3643"}],"wp:term":[{"taxonomy":"category","embeddable":true,"href":"https:\/\/friburgonoticias.com.br\/temp\/wp-json\/wp\/v2\/categories?post=3643"},{"taxonomy":"post_tag","embeddable":true,"href":"https:\/\/friburgonoticias.com.br\/temp\/wp-json\/wp\/v2\/tags?post=3643"}],"curies":[{"name":"wp","href":"https:\/\/api.w.org\/{rel}","templated":true}]}}