{"id":3645,"date":"2025-09-03T03:59:42","date_gmt":"2025-09-03T03:59:42","guid":{"rendered":"https:\/\/friburgonoticias.com.br\/temp\/2025\/09\/03\/camara-aprova-uso-de-indicadores-do-ibge-para-ampliar-acesso-da-populacao-a-alimentos-noticias\/"},"modified":"2025-09-03T03:59:42","modified_gmt":"2025-09-03T03:59:42","slug":"camara-aprova-uso-de-indicadores-do-ibge-para-ampliar-acesso-da-populacao-a-alimentos-noticias","status":"publish","type":"post","link":"https:\/\/friburgonoticias.com.br\/temp\/2025\/09\/03\/camara-aprova-uso-de-indicadores-do-ibge-para-ampliar-acesso-da-populacao-a-alimentos-noticias\/","title":{"rendered":"C\u00e2mara aprova uso de indicadores do IBGE para ampliar acesso da popula\u00e7\u00e3o a alimentos &#8211; Not\u00edcias"},"content":{"rendered":"<p><\/p>\n<div>\n<p class=\"g-artigo__data-hora\">\n                      02\/09\/2025 &#8211; 21:31 \u00a0\n                    <\/p>\n<div id=\"image-container-1195821\" class=\"image-container\" style=\"float: none; margin: 45px 0px; width: 100%;\" data-midia=\"1195821\">\n        <em>Vinicius Loures\/C\u00e2mara dos Deputados<\/em><\/p>\n<p>        Henderson Pinto, relator do projeto\n        <\/p><\/div>\n<p>        A C\u00e2mara dos Deputados aprovou projeto de lei que determina o uso de indicadores de seguran\u00e7a alimentar e nutricional do Instituto Brasileiro de Geografia e Estat\u00edstica (<span id=\"4178\" class=\"termoGlossario\" title=\"\u00d3rg\u00e3o da administra\u00e7\u00e3o p\u00fablica federal, subordinado ao Minist\u00e9rio do Planejamento, Or\u00e7amento e Gest\u00e3o. \u00c9 o principal provedor de dados oficiais do Pa\u00eds, sendo respons\u00e1vel pela produ\u00e7\u00e3o, an\u00e1lise, pesquisa e dissemina\u00e7\u00e3o de informa\u00e7\u00f5es de natureza estat\u00edstica (demogr\u00e1fica, social e econ\u00f4mica), geogr\u00e1fica, cartogr\u00e1fica, geod\u00e9sica e ambiental.\" contenteditable=\"false\" data-toggle=\"tooltip\" data-placement=\"top\">IBGE<\/span>) para ampliar o acesso a alimentos pela popula\u00e7\u00e3o necessitada. A proposta ser\u00e1 enviada \u00e0 san\u00e7\u00e3o presidencial.<br \/>\n        De autoria do Senado, o Projeto de Lei 800\/24 foi aprovado nesta ter\u00e7a-feira (2) com parecer favor\u00e1vel do relator, deputado Henderson Pinto (MDB-PA). O texto inclui dispositivos na lei que estabelece defini\u00e7\u00f5es, princ\u00edpios, diretrizes, objetivos e composi\u00e7\u00e3o do Sistema Nacional de Seguran\u00e7a Alimentar e Nutricional (Sisan).<br \/>\n        Segundo o texto aprovado, os indicadores do IBGE ser\u00e3o aqueles obtidos em pesquisas oficiais e em dados dos cadastros administrativos de pol\u00edticas e programas sociais.<br \/>\n        Poder\u00e3o ser usados, de forma complementar, outras fontes de informa\u00e7\u00e3o, como o \u00cdndice de Desenvolvimento Humano (<span id=\"4176\" class=\"termoGlossario\" title=\"\u00c9 uma medida resumida para aferir o avan\u00e7o na qualidade de vida de uma popula\u00e7\u00e3o, levando em conta tr\u00eas dimens\u00f5es b\u00e1sicas do desenvolvimento humano: sa\u00fade, educa\u00e7\u00e3o e renda. O IDH \u00e9 calculado pelo Programa das Na\u00e7\u00f5es Unidas para o Desenvolvimento, \u00f3rg\u00e3o da ONU, e varia de 0 a 1 (quanto mais pr\u00f3ximo de 1, maior a qualidade de vida no pa\u00eds). No Brasil, o governo e as administra\u00e7\u00f5es regionais acompanham a situa\u00e7\u00e3o socioecon\u00f4mica dos estados, do Distrito Federal e dos munic\u00edpios por meio do IDH-Municipal, que pode ser consultado no banco de dados eletr\u00f4nico chamado Atlas do Desenvolvimento Humano no Brasil.\" contenteditable=\"false\" data-toggle=\"tooltip\" data-placement=\"top\">IDH<\/span>) e o \u00cdndice de Desenvolvimento Humano Municipal (IDHM).<br \/>\n        Isso valer\u00e1 inclusive para definir os crit\u00e9rios para participa\u00e7\u00e3o no Sisan, a serem definidos pelo Conselho Nacional de Seguran\u00e7a Alimentar e Nutricional (Consea) e pela C\u00e2mara Interministerial de Seguran\u00e7a Alimentar e Nutricional.<br \/>\n        <strong>Apoio social<\/strong><br \/>Para o relator, a medida prestigia o princ\u00edpio da equidade, ao buscar maior aten\u00e7\u00e3o para os mais desassistidos, que mais necessitam do apoio social. &#8220;A seguran\u00e7a alimentar e nutricional, tanto sob a perspectiva quantitativa, quanto qualitativa, possui elevada relev\u00e2ncia para o desenvolvimento sustent\u00e1vel, pois articula sa\u00fade, direitos humanos, equidade social, economia solid\u00e1ria e preserva\u00e7\u00e3o ambiental&#8221;, disse Henderson Pinto.<br \/>\n        J\u00e1 o deputado Bohn Gass (PT-RS) lembrou que, pela segunda vez, o Brasil saiu do Mapa da Fome gra\u00e7as a pol\u00edticas p\u00fablicas do governo federal. &#8220;Trabalhamos intensamente ao ponto que, o que desej\u00e1vamos fazer ano que vem, j\u00e1 agora tivemos novamente esse t\u00edtulo&#8221;, disse.<br \/>\n        O Mapa da Fome \u00e9 elaborado pela FAO, ag\u00eancia da Organiza\u00e7\u00e3o das Na\u00e7\u00f5es Unidas (ONU) especializada em alimenta\u00e7\u00e3o e agricultura, e mede o acesso da popula\u00e7\u00e3o \u00e0 alimenta\u00e7\u00e3o suficiente para uma vida ativa e saud\u00e1vel.<br \/>\n        <a href=\"https:\/\/www.camara.leg.br\/noticias\/573454-SAIBA-MAIS-SOBRE-A-TRAMITACAO-DE-PROJETOS-DE-LEI\">Saiba mais sobre a tramita\u00e7\u00e3o de projetos de lei<\/a><\/p>\n<p style=\"font-size: 0.8rem; font-weight: 700;\">Reportagem \u2013 Eduardo Piovesan e Tiago Miranda<br \/>Edi\u00e7\u00e3o \u2013 Pierre Triboli<\/p>\n<\/p><\/div>\n<p><\/a><\/p>\n<p>Fonte: www.camara.leg.br<\/p>\n","protected":false},"excerpt":{"rendered":"<p>02\/09\/2025 &#8211; 21:31 \u00a0 Vinicius Loures\/C\u00e2mara dos Deputados Henderson Pinto, relator do projeto A C\u00e2mara dos Deputados aprovou projeto de lei que determina o uso de indicadores de seguran\u00e7a alimentar e nutricional do Instituto Brasileiro de Geografia e Estat\u00edstica (IBGE) para ampliar o acesso a alimentos pela popula\u00e7\u00e3o necessitada. A proposta ser\u00e1 enviada \u00e0 san\u00e7\u00e3o [&hellip;]<\/p>\n","protected":false},"author":3,"featured_media":3646,"comment_status":"open","ping_status":"open","sticky":false,"template":"","format":"standard","meta":{"advanced_seo_description":"","jetpack_seo_html_title":"","jetpack_seo_noindex":false,"fifu_image_url":"https:\/\/www.camara.leg.br\/midias\/image\/2025\/09\/img20250827113139649-768x473.jpg","fifu_image_alt":"","_jetpack_memberships_contains_paid_content":false,"footnotes":"","jetpack_publicize_message":"","jetpack_publicize_feature_enabled":true,"jetpack_social_post_already_shared":true,"jetpack_social_options":{"image_generator_settings":{"template":"highway","default_image_id":0,"font":"","enabled":false},"version":2}},"categories":[106,1],"tags":[],"class_list":{"0":"post-3645","1":"post","2":"type-post","3":"status-publish","4":"format-standard","5":"has-post-thumbnail","7":"category-politica","8":"category-uncategorized"},"jetpack_publicize_connections":[],"jetpack_featured_media_url":"https:\/\/i0.wp.com\/www.camara.leg.br\/midias\/image\/2025\/09\/img20250827113139649-768x473.jpg?fit=%2C&ssl=1","jetpack_sharing_enabled":true,"jetpack-related-posts":[],"_links":{"self":[{"href":"https:\/\/friburgonoticias.com.br\/temp\/wp-json\/wp\/v2\/posts\/3645","targetHints":{"allow":["GET"]}}],"collection":[{"href":"https:\/\/friburgonoticias.com.br\/temp\/wp-json\/wp\/v2\/posts"}],"about":[{"href":"https:\/\/friburgonoticias.com.br\/temp\/wp-json\/wp\/v2\/types\/post"}],"author":[{"embeddable":true,"href":"https:\/\/friburgonoticias.com.br\/temp\/wp-json\/wp\/v2\/users\/3"}],"replies":[{"embeddable":true,"href":"https:\/\/friburgonoticias.com.br\/temp\/wp-json\/wp\/v2\/comments?post=3645"}],"version-history":[{"count":0,"href":"https:\/\/friburgonoticias.com.br\/temp\/wp-json\/wp\/v2\/posts\/3645\/revisions"}],"wp:featuredmedia":[{"embeddable":true,"href":"https:\/\/friburgonoticias.com.br\/temp\/wp-json\/wp\/v2\/media\/3646"}],"wp:attachment":[{"href":"https:\/\/friburgonoticias.com.br\/temp\/wp-json\/wp\/v2\/media?parent=3645"}],"wp:term":[{"taxonomy":"category","embeddable":true,"href":"https:\/\/friburgonoticias.com.br\/temp\/wp-json\/wp\/v2\/categories?post=3645"},{"taxonomy":"post_tag","embeddable":true,"href":"https:\/\/friburgonoticias.com.br\/temp\/wp-json\/wp\/v2\/tags?post=3645"}],"curies":[{"name":"wp","href":"https:\/\/api.w.org\/{rel}","templated":true}]}}