{"id":3687,"date":"2025-09-03T20:23:49","date_gmt":"2025-09-03T20:23:49","guid":{"rendered":"https:\/\/friburgonoticias.com.br\/temp\/2025\/09\/03\/castro-publica-exoneracao-de-rafael-picciani-o-agora-ex-secretario-vai-assumir-o-lugar-de-th-joias-na-assembleia-legislativa\/"},"modified":"2025-09-03T20:23:49","modified_gmt":"2025-09-03T20:23:49","slug":"castro-publica-exoneracao-de-rafael-picciani-o-agora-ex-secretario-vai-assumir-o-lugar-de-th-joias-na-assembleia-legislativa","status":"publish","type":"post","link":"https:\/\/friburgonoticias.com.br\/temp\/2025\/09\/03\/castro-publica-exoneracao-de-rafael-picciani-o-agora-ex-secretario-vai-assumir-o-lugar-de-th-joias-na-assembleia-legislativa\/","title":{"rendered":"Castro publica exonera\u00e7\u00e3o de Rafael Picciani; o agora ex-secret\u00e1rio vai assumir o lugar de TH Joias na Assembleia Legislativa"},"content":{"rendered":"<p><\/p>\n<div itemprop=\"articleBody\">\nO governador Cl\u00e1udio Castro (PL) <a href=\"https:\/\/temporealrj.com\/todos-os-secretarios-deputados-retornam-a-alerj-para-votar-o-pacotao-de-projetos-do-governo-picciani-retoma-vaga-que-esta-com-th-joias\/\">exonerou, em edi\u00e7\u00e3o extraordin\u00e1ria do Di\u00e1rio Oficial desta quarta-feira (03), o secret\u00e1rio de Esportes, Rafael Picciani (MDB).<\/a><\/p>\n<p>Ele vai reassumir o seu cargo de deputado estadual no lugar do suplente TH Joias \u2014 que foi preso, nesta manh\u00e3, sob a acusa\u00e7\u00e3o de tr\u00e1fico internacional de drogas, corrup\u00e7\u00e3o, lavagem de dinheiro e fornecimento de armas \u00e0 fac\u00e7\u00e3o criminosa Comando Vermelho (CV). <\/p>\n<p>Quando Picciani tomar posse, TH volta a ser um cidad\u00e3o comum \u2014 e a Assembleia n\u00e3o vai precisar autorizar ou n\u00e3o a pris\u00e3o do deputado.<\/p>\n<p>Na mesma edi\u00e7\u00e3o do Di\u00e1rio Oficial, Castro designou o subsecret\u00e1rio Rodrigo Dantas Scorzelli para responder interinamente pelo expediente. <\/p>\n<figure class=\"wp-block-image size-large\"><img loading=\"lazy\" decoding=\"async\" width=\"911\" height=\"1024\" src=\"https:\/\/temporealrj.com\/wp-content\/uploads\/2025\/09\/WhatsApp-Image-2025-09-03-at-16.31.15-911x1024.jpeg\" alt=\"WhatsApp Image 2025 09 03 at 16.31.15\" class=\"wp-image-93186\" title=\"Castro publica exonera\u00e7\u00e3o de Rafael Picciani; o agora ex-secret\u00e1rio vai assumir o lugar de TH Joias na Assembleia Legislativa 62\" srcset=\"https:\/\/temporealrj.com\/wp-content\/uploads\/2025\/09\/WhatsApp-Image-2025-09-03-at-16.31.15-911x1024.jpeg 911w, https:\/\/temporealrj.com\/wp-content\/uploads\/2025\/09\/WhatsApp-Image-2025-09-03-at-16.31.15-267x300.jpeg 267w, https:\/\/temporealrj.com\/wp-content\/uploads\/2025\/09\/WhatsApp-Image-2025-09-03-at-16.31.15-768x863.jpeg 768w, https:\/\/temporealrj.com\/wp-content\/uploads\/2025\/09\/WhatsApp-Image-2025-09-03-at-16.31.15-860x966.jpeg 860w, https:\/\/temporealrj.com\/wp-content\/uploads\/2025\/09\/WhatsApp-Image-2025-09-03-at-16.31.15.jpeg 1091w\" sizes=\"auto, (max-width: 911px) 100vw, 911px\"\/><\/figure>\n<\/div>\n<p><\/a><\/p>\n<p>Fonte: temporealrj.com<\/p>\n","protected":false},"excerpt":{"rendered":"<p>O governador Cl\u00e1udio Castro (PL) exonerou, em edi\u00e7\u00e3o extraordin\u00e1ria do Di\u00e1rio Oficial desta quarta-feira (03), o secret\u00e1rio de Esportes, Rafael Picciani (MDB). Ele vai reassumir o seu cargo de deputado estadual no lugar do suplente TH Joias \u2014 que foi preso, nesta manh\u00e3, sob a acusa\u00e7\u00e3o de tr\u00e1fico internacional de drogas, corrup\u00e7\u00e3o, lavagem de dinheiro [&hellip;]<\/p>\n","protected":false},"author":3,"featured_media":3688,"comment_status":"open","ping_status":"open","sticky":false,"template":"","format":"standard","meta":{"advanced_seo_description":"","jetpack_seo_html_title":"","jetpack_seo_noindex":false,"fifu_image_url":"https:\/\/temporealrj.com\/wp-content\/uploads\/2025\/09\/WhatsApp-Image-2025-09-03-at-16.33.53-e1756928601841.jpeg","fifu_image_alt":"","_jetpack_memberships_contains_paid_content":false,"footnotes":"","jetpack_publicize_message":"","jetpack_publicize_feature_enabled":true,"jetpack_social_post_already_shared":true,"jetpack_social_options":{"image_generator_settings":{"template":"highway","default_image_id":0,"font":"","enabled":false},"version":2}},"categories":[107],"tags":[],"class_list":{"0":"post-3687","1":"post","2":"type-post","3":"status-publish","4":"format-standard","5":"has-post-thumbnail","7":"category-economia"},"jetpack_publicize_connections":[],"jetpack_featured_media_url":"https:\/\/i0.wp.com\/temporealrj.com\/wp-content\/uploads\/2025\/09\/WhatsApp-Image-2025-09-03-at-16.33.53-e1756928601841.jpeg?fit=%2C&ssl=1","jetpack_sharing_enabled":true,"jetpack-related-posts":[],"_links":{"self":[{"href":"https:\/\/friburgonoticias.com.br\/temp\/wp-json\/wp\/v2\/posts\/3687","targetHints":{"allow":["GET"]}}],"collection":[{"href":"https:\/\/friburgonoticias.com.br\/temp\/wp-json\/wp\/v2\/posts"}],"about":[{"href":"https:\/\/friburgonoticias.com.br\/temp\/wp-json\/wp\/v2\/types\/post"}],"author":[{"embeddable":true,"href":"https:\/\/friburgonoticias.com.br\/temp\/wp-json\/wp\/v2\/users\/3"}],"replies":[{"embeddable":true,"href":"https:\/\/friburgonoticias.com.br\/temp\/wp-json\/wp\/v2\/comments?post=3687"}],"version-history":[{"count":0,"href":"https:\/\/friburgonoticias.com.br\/temp\/wp-json\/wp\/v2\/posts\/3687\/revisions"}],"wp:featuredmedia":[{"embeddable":true,"href":"https:\/\/friburgonoticias.com.br\/temp\/wp-json\/wp\/v2\/media\/3688"}],"wp:attachment":[{"href":"https:\/\/friburgonoticias.com.br\/temp\/wp-json\/wp\/v2\/media?parent=3687"}],"wp:term":[{"taxonomy":"category","embeddable":true,"href":"https:\/\/friburgonoticias.com.br\/temp\/wp-json\/wp\/v2\/categories?post=3687"},{"taxonomy":"post_tag","embeddable":true,"href":"https:\/\/friburgonoticias.com.br\/temp\/wp-json\/wp\/v2\/tags?post=3687"}],"curies":[{"name":"wp","href":"https:\/\/api.w.org\/{rel}","templated":true}]}}