{"id":3781,"date":"2025-09-05T21:20:53","date_gmt":"2025-09-05T21:20:53","guid":{"rendered":"https:\/\/friburgonoticias.com.br\/temp\/2025\/09\/05\/eduardo-leite-reage-a-vaias-na-abertura-da-expointer-no-rs\/"},"modified":"2025-09-05T21:20:53","modified_gmt":"2025-09-05T21:20:53","slug":"eduardo-leite-reage-a-vaias-na-abertura-da-expointer-no-rs","status":"publish","type":"post","link":"https:\/\/friburgonoticias.com.br\/temp\/2025\/09\/05\/eduardo-leite-reage-a-vaias-na-abertura-da-expointer-no-rs\/","title":{"rendered":"Eduardo Leite reage a vaias na abertura da Expointer, no RS"},"content":{"rendered":"<p><\/p>\n<div id=\"hd80s9wa1h892edh8192\">\n        O governador do Rio de Grande do Sul, <a href=\"https:\/\/revistaoeste.com\/politica\/eduardo-leite-critica-decisao-de-moraes-contra-bolsonaro\/\" target=\"_blank\" rel=\"noreferrer noopener\"><strong>Eduardo Leite (PSD)<\/strong><\/a>, foi alvo de vaias ao discursar na abertura da <a href=\"https:\/\/revistaoeste.com\/agronegocio\/expointer-fatura-r-81-bilhoes-em-primeira-edicao-depois-de-enchentes-no-rs\/\" target=\"_blank\" rel=\"noreferrer noopener\"><strong>48\u00aa Expointer<\/strong><\/a>, nesta sexta-feira, 5, em Esteio, na Regi\u00e3o Metropolitana de Porto Alegre. Embora tenha recebido alguns aplausos discretos, as manifesta\u00e7\u00f5es contr\u00e1rias predominaram durante a sua fala.<\/p>\n<figure class=\"wp-block-embed is-type-rich is-provider-twitter wp-block-embed-twitter\">\n<div class=\"wp-block-embed__wrapper\">\n<blockquote class=\"twitter-tweet\" data-width=\"500\" data-dnt=\"true\">\n<p lang=\"pt\" dir=\"ltr\">\ud83d\udea8URGENTE \u2013 Eduardo Leite \u00e9 vaiado durante a Expointer, vai a loucura e come\u00e7a a gritar<\/p>\n<p>\u201cN\u00e3o tem problema em me vaiar. Eu fui vereador em Pelotas e sobre vaias, virei prefeito. Era prefeito, tomei vaia e virei governador. Como governador tomei vaia e fui reeleito\u201d <a href=\"https:\/\/t.co\/oS9AQgCZW9\">pic.twitter.com\/oS9AQgCZW9<\/a><\/p>\n<p>\u2014 SPACE LIBERDADE \uea00 (@NewsLiberdade) <a href=\"https:\/\/twitter.com\/NewsLiberdade\/status\/1964055008179089833?ref_src=twsrc%5Etfw\">September 5, 2025<\/a><\/p><\/blockquote>\n<\/div>\n<\/figure>\n<p>A Expointer \u00e9 a maior feira agropecu\u00e1ria da Am\u00e9rica Latina. Re\u00fane produtores rurais, cooperativas e principalmente empresas ligadas ao setor do agroneg\u00f3cio. A cerim\u00f4nia de abertura contou com a presen\u00e7a de autoridades estaduais e federais, em um ambiente marcado sobretudo pela cobran\u00e7a de medidas mais efetivas para enfrentar a crise no campo ga\u00facho.<\/p>\n<h2 class=\"wp-block-heading\" id=\"h-leite-nao-tem-problema-em-me-vaiar\"><strong>Leite: \u201cN\u00e3o tem problema em me vaiar\u201d<\/strong>\u00a0<\/h2>\n<p>Em sua fala, Leite buscou responder \u00e0s cr\u00edticas e acusou setores pol\u00edticos de tentarem se apropriar da pauta ruralista. \u201cEmbora haja uma manifesta\u00e7\u00e3o leg\u00edtima de produtores, estamos vendo um movimento de tentativa de captura pol\u00edtica. Ela n\u00e3o colabora com a luta justa, que deve ser descarregada em rela\u00e7\u00e3o aos nossos produtores\u201d.<\/p>\n<p>Do mesmo modo, o governador minimizou as vaias recebidas, recordando situa\u00e7\u00f5es semelhantes em sua carreira pol\u00edtica. \u201cN\u00e3o tem problema em me vaiar. Eu fui vereador em Pelotas e, sob vaias, virei prefeito. Como prefeito, tomei vaia e virei governador. Fui o primeiro governador reeleito na hist\u00f3ria desse Estado. Com a vaia de voc\u00eas, consegui seguir em frente na minha carreira pol\u00edtica, para decidir o que \u00e9 certo e o que \u00e9 justo\u201d.<\/p>\n<figure class=\"wp-block-embed is-type-video is-provider-youtube wp-block-embed-youtube wp-embed-aspect-16-9 wp-has-aspect-ratio\">\n<div class=\"wp-block-embed__wrapper\">\n<div class=\"perfmatters-lazy-youtube\" data-src=\"https:\/\/www.youtube.com\/embed\/ssdwigNZoic\" data-id=\"ssdwigNZoic\" data-query=\"feature=oembed\" onclick=\"perfmattersLazyLoadYouTube(this);\">\n<div><img loading=\"lazy\" decoding=\"async\" alt=\"YouTube video\" width=\"480\" height=\"360\" data-pin-nopin=\"true\" nopin=\"nopin\" class=\"perfmatters-lazy\" src=\"https:\/\/i.ytimg.com\/vi\/ssdwigNZoic\/hqdefault.jpg\"\/><img loading=\"lazy\" decoding=\"async\" src=\"https:\/\/i.ytimg.com\/vi\/ssdwigNZoic\/hqdefault.jpg\" alt=\"YouTube video\" width=\"480\" height=\"360\" data-pin-nopin=\"true\" nopin=\"nopin\"\/><\/div>\n<\/div>\n<p><noscript><iframe loading=\"lazy\" title=\"Eduardo Leite confirma sa\u00edda do PSDB e filia\u00e7\u00e3o ao PSD\" width=\"1170\" height=\"658\" src=\"https:\/\/www.youtube.com\/embed\/ssdwigNZoic?feature=oembed\" frameborder=\"0\" allow=\"accelerometer; autoplay; clipboard-write; encrypted-media; gyroscope; picture-in-picture; web-share\" referrerpolicy=\"strict-origin-when-cross-origin\" allowfullscreen><\/iframe><\/noscript>\n<\/div>\n<\/figure>\n<p>Tamb\u00e9m participaram da abertura os ministros Carlos F\u00e1varo, da Agricultura, e Paulo Teixeira, do Desenvolvimento Agr\u00e1rio. Ambos chegaram ao Parque de Exposi\u00e7\u00f5es Assis Brasil em meio \u00e0 expectativa de an\u00fancios do governo federal sobre o endividamento dos produtores no Rio Grande do Sul.<\/p>\n<p>+ <strong>Leia mais not\u00edcias de <\/strong><a href=\"https:\/\/revistaoeste.com\/politica\/\" target=\"_blank\" rel=\"noreferrer noopener\"><strong>Pol\u00edtica<\/strong><\/a><strong> na Oeste<\/strong><\/p><\/div>\n<p><script async src=\"\/\/platform.twitter.com\/widgets.js\" charset=\"utf-8\"><\/script><br \/>\n<br \/><\/a><\/p>\n<p>Fonte: revistaoeste.com<\/p>\n","protected":false},"excerpt":{"rendered":"<p>O governador do Rio de Grande do Sul, Eduardo Leite (PSD), foi alvo de vaias ao discursar na abertura da 48\u00aa Expointer, nesta sexta-feira, 5, em Esteio, na Regi\u00e3o Metropolitana de Porto Alegre. Embora tenha recebido alguns aplausos discretos, as manifesta\u00e7\u00f5es contr\u00e1rias predominaram durante a sua fala. \ud83d\udea8URGENTE \u2013 Eduardo Leite \u00e9 vaiado durante a [&hellip;]<\/p>\n","protected":false},"author":3,"featured_media":3782,"comment_status":"open","ping_status":"open","sticky":false,"template":"","format":"standard","meta":{"advanced_seo_description":"","jetpack_seo_html_title":"","jetpack_seo_noindex":false,"fifu_image_url":"https:\/\/medias.revistaoeste.com\/wp-content\/uploads\/2025\/09\/Leite-RS.jpeg","fifu_image_alt":"","_jetpack_memberships_contains_paid_content":false,"footnotes":"","jetpack_publicize_message":"","jetpack_publicize_feature_enabled":true,"jetpack_social_post_already_shared":true,"jetpack_social_options":{"image_generator_settings":{"template":"highway","default_image_id":0,"font":"","enabled":false},"version":2}},"categories":[106,1],"tags":[],"class_list":{"0":"post-3781","1":"post","2":"type-post","3":"status-publish","4":"format-standard","5":"has-post-thumbnail","7":"category-politica","8":"category-uncategorized"},"jetpack_publicize_connections":[],"jetpack_featured_media_url":"https:\/\/i0.wp.com\/medias.revistaoeste.com\/wp-content\/uploads\/2025\/09\/Leite-RS.jpeg?fit=%2C&ssl=1","jetpack_sharing_enabled":true,"jetpack-related-posts":[],"_links":{"self":[{"href":"https:\/\/friburgonoticias.com.br\/temp\/wp-json\/wp\/v2\/posts\/3781","targetHints":{"allow":["GET"]}}],"collection":[{"href":"https:\/\/friburgonoticias.com.br\/temp\/wp-json\/wp\/v2\/posts"}],"about":[{"href":"https:\/\/friburgonoticias.com.br\/temp\/wp-json\/wp\/v2\/types\/post"}],"author":[{"embeddable":true,"href":"https:\/\/friburgonoticias.com.br\/temp\/wp-json\/wp\/v2\/users\/3"}],"replies":[{"embeddable":true,"href":"https:\/\/friburgonoticias.com.br\/temp\/wp-json\/wp\/v2\/comments?post=3781"}],"version-history":[{"count":0,"href":"https:\/\/friburgonoticias.com.br\/temp\/wp-json\/wp\/v2\/posts\/3781\/revisions"}],"wp:featuredmedia":[{"embeddable":true,"href":"https:\/\/friburgonoticias.com.br\/temp\/wp-json\/wp\/v2\/media\/3782"}],"wp:attachment":[{"href":"https:\/\/friburgonoticias.com.br\/temp\/wp-json\/wp\/v2\/media?parent=3781"}],"wp:term":[{"taxonomy":"category","embeddable":true,"href":"https:\/\/friburgonoticias.com.br\/temp\/wp-json\/wp\/v2\/categories?post=3781"},{"taxonomy":"post_tag","embeddable":true,"href":"https:\/\/friburgonoticias.com.br\/temp\/wp-json\/wp\/v2\/tags?post=3781"}],"curies":[{"name":"wp","href":"https:\/\/api.w.org\/{rel}","templated":true}]}}