{"id":3783,"date":"2025-09-05T21:55:50","date_gmt":"2025-09-05T21:55:50","guid":{"rendered":"https:\/\/friburgonoticias.com.br\/temp\/2025\/09\/05\/comissao-aprova-autorizacao-para-refugiados-trazerem-animais-ao-brasil-noticias\/"},"modified":"2025-09-05T21:55:50","modified_gmt":"2025-09-05T21:55:50","slug":"comissao-aprova-autorizacao-para-refugiados-trazerem-animais-ao-brasil-noticias","status":"publish","type":"post","link":"https:\/\/friburgonoticias.com.br\/temp\/2025\/09\/05\/comissao-aprova-autorizacao-para-refugiados-trazerem-animais-ao-brasil-noticias\/","title":{"rendered":"Comiss\u00e3o aprova autoriza\u00e7\u00e3o para refugiados trazerem animais ao Brasil &#8211; Not\u00edcias"},"content":{"rendered":"<p><\/p>\n<div>\n<p class=\"g-artigo__data-hora\">\n                      05\/09\/2025 &#8211; 17:15 \u00a0\n                    <\/p>\n<div id=\"image-container-1197399\" class=\"image-container\" style=\"float: none; margin: 45px 0px; width: 100%;\" data-midia=\"1197399\">\n        <em>Vinicius Loures\/C\u00e2mara dos Deputados<\/em><\/p>\n<p>        Ganem: projeto preenche lacuna verificada em muitos regimes de migra\u00e7\u00e3o\n        <\/p><\/div>\n<p>        A Comiss\u00e3o de Meio Ambiente e Desenvolvimento Sustent\u00e1vel da C\u00e2mara dos Deputados aprovou o Projeto de Lei 3446\/23, do deputado Felipe Becari (Uni\u00e3o-SP), que autoriza refugiados a trazer ao Brasil animais de companhia, de assist\u00eancia emocional ou de servi\u00e7o. O benef\u00edcio tamb\u00e9m se estende a emigrante ou migrante em situa\u00e7\u00e3o de vulnerabilidade.<br \/>\n        A comiss\u00e3o aprovou o parecer do relator, deputado Bruno Ganem (Pode-SP), favor\u00e1vel ao projeto.<br \/>\n        Segundo Ganem, &#8220;a qualquer cidad\u00e3o deve causar estranheza a necessidade de uma lei para permitir algo t\u00e3o simples, mas o projeto tem fundamentos f\u00e1ticos&#8221;.<br \/>\n        Felipe Becari apresentou a proposta ap\u00f3s repercuss\u00e3o do caso de uma brasileira impedida de embarcar com o cachorro durante resgate da Ucr\u00e2nia em voo da For\u00e7a A\u00e9rea Brasileira.<br \/>\n        <strong>Como \u00e9 hoje<\/strong><br \/>Atualmente, o ingresso de animais de estima\u00e7\u00e3o vindos do exterior \u00e9 regulamentado pelo Minist\u00e9rio da Agricultura e Pecu\u00e1ria. A Instru\u00e7\u00e3o Normativa 5\/13 exige certificado veterin\u00e1rio internacional e, em alguns casos, passaporte de animais de estima\u00e7\u00e3o.<br \/>\n        O relator observa que, em emerg\u00eancias, a documenta\u00e7\u00e3o pode ser prec\u00e1ria, o que impede o tr\u00e2nsito de animais de refugiados, emigrantes ou migrantes vulner\u00e1veis.<br \/>\n        Para Ganem, a decis\u00e3o de permitir a entrada desses animais \u00e9 uma medida de pol\u00edtica p\u00fablica que reconhece a import\u00e2ncia da promo\u00e7\u00e3o do bem-estar de todos durante deslocamentos for\u00e7ados.<br \/>\n        <strong>Tramita\u00e7\u00e3o<\/strong><br \/>O projeto, que tramita em <span id=\"4322\" class=\"termoGlossario\" title=\"Rito de tramita\u00e7\u00e3o pelo qual o projeto \u00e9 votado apenas pelas comiss\u00f5es designadas para analis\u00e1-lo, dispensada a delibera\u00e7\u00e3o do Plen\u00e1rio. O projeto perde o car\u00e1ter conclusivo se houver decis\u00e3o divergente entre as comiss\u00f5es ou se, independentemente de ser aprovado ou rejeitado, houver recurso assinado por 52 deputados para a aprecia\u00e7\u00e3o da mat\u00e9ria no Plen\u00e1rio.\" contenteditable=\"false\" data-toggle=\"tooltip\" data-placement=\"top\">car\u00e1ter conclusivo<\/span>, segue para a an\u00e1lise das comiss\u00f5es de Rela\u00e7\u00f5es Exteriores e de Defesa Nacional; e de Constitui\u00e7\u00e3o e Justi\u00e7a e de Cidadania.<br \/>\n        Para virar lei, a proposta precisa ser aprovada pela C\u00e2mara e pelo Senado.<\/p>\n<p style=\"font-size: 0.8rem; font-weight: 700;\">Reportagem &#8211; Francisco Brand\u00e3o<br \/>Edi\u00e7\u00e3o \u2013 Natalia Doederlein<\/p>\n<\/p><\/div>\n<p><\/a><\/p>\n<p>Fonte: www.camara.leg.br<\/p>\n","protected":false},"excerpt":{"rendered":"<p>05\/09\/2025 &#8211; 17:15 \u00a0 Vinicius Loures\/C\u00e2mara dos Deputados Ganem: projeto preenche lacuna verificada em muitos regimes de migra\u00e7\u00e3o A Comiss\u00e3o de Meio Ambiente e Desenvolvimento Sustent\u00e1vel da C\u00e2mara dos Deputados aprovou o Projeto de Lei 3446\/23, do deputado Felipe Becari (Uni\u00e3o-SP), que autoriza refugiados a trazer ao Brasil animais de companhia, de assist\u00eancia emocional ou [&hellip;]<\/p>\n","protected":false},"author":3,"featured_media":3784,"comment_status":"open","ping_status":"open","sticky":false,"template":"","format":"standard","meta":{"advanced_seo_description":"","jetpack_seo_html_title":"","jetpack_seo_noindex":false,"fifu_image_url":"https:\/\/www.camara.leg.br\/midias\/image\/2025\/09\/img20250520170338431-768x473.jpg","fifu_image_alt":"","_jetpack_memberships_contains_paid_content":false,"footnotes":"","jetpack_publicize_message":"","jetpack_publicize_feature_enabled":true,"jetpack_social_post_already_shared":true,"jetpack_social_options":{"image_generator_settings":{"template":"highway","default_image_id":0,"font":"","enabled":false},"version":2}},"categories":[106,1],"tags":[],"class_list":{"0":"post-3783","1":"post","2":"type-post","3":"status-publish","4":"format-standard","5":"has-post-thumbnail","7":"category-politica","8":"category-uncategorized"},"jetpack_publicize_connections":[],"jetpack_featured_media_url":"https:\/\/i0.wp.com\/www.camara.leg.br\/midias\/image\/2025\/09\/img20250520170338431-768x473.jpg?fit=%2C&ssl=1","jetpack_sharing_enabled":true,"jetpack-related-posts":[],"_links":{"self":[{"href":"https:\/\/friburgonoticias.com.br\/temp\/wp-json\/wp\/v2\/posts\/3783","targetHints":{"allow":["GET"]}}],"collection":[{"href":"https:\/\/friburgonoticias.com.br\/temp\/wp-json\/wp\/v2\/posts"}],"about":[{"href":"https:\/\/friburgonoticias.com.br\/temp\/wp-json\/wp\/v2\/types\/post"}],"author":[{"embeddable":true,"href":"https:\/\/friburgonoticias.com.br\/temp\/wp-json\/wp\/v2\/users\/3"}],"replies":[{"embeddable":true,"href":"https:\/\/friburgonoticias.com.br\/temp\/wp-json\/wp\/v2\/comments?post=3783"}],"version-history":[{"count":0,"href":"https:\/\/friburgonoticias.com.br\/temp\/wp-json\/wp\/v2\/posts\/3783\/revisions"}],"wp:featuredmedia":[{"embeddable":true,"href":"https:\/\/friburgonoticias.com.br\/temp\/wp-json\/wp\/v2\/media\/3784"}],"wp:attachment":[{"href":"https:\/\/friburgonoticias.com.br\/temp\/wp-json\/wp\/v2\/media?parent=3783"}],"wp:term":[{"taxonomy":"category","embeddable":true,"href":"https:\/\/friburgonoticias.com.br\/temp\/wp-json\/wp\/v2\/categories?post=3783"},{"taxonomy":"post_tag","embeddable":true,"href":"https:\/\/friburgonoticias.com.br\/temp\/wp-json\/wp\/v2\/tags?post=3783"}],"curies":[{"name":"wp","href":"https:\/\/api.w.org\/{rel}","templated":true}]}}