{"id":3807,"date":"2025-09-06T15:02:28","date_gmt":"2025-09-06T15:02:28","guid":{"rendered":"https:\/\/friburgonoticias.com.br\/temp\/2025\/09\/06\/setembro-mes-de-aniversario-em-sao-goncalo-e-sinonimo-de-pajelanca-garantida\/"},"modified":"2025-09-06T15:02:28","modified_gmt":"2025-09-06T15:02:28","slug":"setembro-mes-de-aniversario-em-sao-goncalo-e-sinonimo-de-pajelanca-garantida","status":"publish","type":"post","link":"https:\/\/friburgonoticias.com.br\/temp\/2025\/09\/06\/setembro-mes-de-aniversario-em-sao-goncalo-e-sinonimo-de-pajelanca-garantida\/","title":{"rendered":"Setembro, m\u00eas de anivers\u00e1rio em S\u00e3o Gon\u00e7alo, \u00e9 sin\u00f4nimo de pajelan\u00e7a garantida"},"content":{"rendered":"<p><\/p>\n<div itemprop=\"articleBody\">\nM\u00eas de setembro \u00e9 sin\u00f4nimo de pajelan\u00e7a em <a href=\"https:\/\/temporealrj.com\/tigrinho-do-capitao-prefeitura-firma-contrato-para-pagamentos-da-loteria-de-sao-goncalo\/\">S\u00e3o Gon\u00e7alo<\/a>, na Regi\u00e3o Metropolitana do <a href=\"https:\/\/www.instagram.com\/temporealrio\/\" target=\"_blank\" rel=\"noopener\">Rio<\/a>. A cidade comemora o anivers\u00e1rio de 135 anos de sua emancipa\u00e7\u00e3o de Niter\u00f3i, e ter\u00e1 agito de todo jeito \u2014 de megashows a inaugura\u00e7\u00f5es de obras, com o ponto alto na segunda-feira, dia 22 \u2014 feriado municipal.<\/p>\n<p>Nos bastidores, \u00e9 certa a realiza\u00e7\u00e3o de lan\u00e7amentos e inaugura\u00e7\u00f5es de obras por toda a cidade \u2014 com a presen\u00e7a, claro, de caciques ilustres da pol\u00edtica gon\u00e7alense, encabe\u00e7ados pelo prefeito Capit\u00e3o Nelson (PL). Al\u00e9m disso, tamb\u00e9m haver\u00e1 programa\u00e7\u00e3o cultural para todos os gostos.<\/p>\n<p>Em 19 de setembro, no Teatro Municipal, a prefeitura promove uma noite cultural especial com a Orquestra Municipal. J\u00e1 entre os dias 18 a 22, ter\u00e1 o \u201cS\u00e3o Gon\u00e7alo Fest\u201d, na Arena S\u00e3o Gon\u00e7alo, em Alc\u00e2ntara, com entrada gratuita e atra\u00e7\u00f5es do calibre de Simone Mendes e Alexandre Pires.<\/p>\n<p>O megaevento, ali\u00e1s, \u00e9 realizado por uma produtora particular, mas com conta com apoio da prefeitura. O munic\u00edpio vai garantir refor\u00e7o na seguran\u00e7a, com a Guarda Municipal; organiza\u00e7\u00e3o do tr\u00e2nsito, com a Secretaria de Meio Ambiente e Transportes; manuten\u00e7\u00e3o e limpeza do espa\u00e7o onde ocorre o evento, com a Conserva\u00e7\u00e3o; apoio na divulga\u00e7\u00e3o, atrav\u00e9s da Comunica\u00e7\u00e3o Social, entre outros.<\/p>\n<p>\u201cO munic\u00edpio arca com parte da estrutura, como som, palcos e banheiros. N\u00e3o h\u00e1 pagamento de cach\u00eas de artistas pela prefeitura. S\u00e3o financiados por empresas privadas patrocinadoras\u201d, informou a prefeitura.<\/p>\n<p>N\u00e3o para por a\u00ed. Ainda ter\u00e1 a sess\u00e3o solene na C\u00e2mara Municipal, com a entrega de mo\u00e7\u00f5es e de t\u00edtulos, assim como o tradicional desfile c\u00edvico no Centro da cidade.\n<\/p><\/div>\n<p><script async src=\"\/\/www.instagram.com\/embed.js\"><\/script><br \/>\n<br \/><\/a><\/p>\n<p>Fonte: temporealrj.com<\/p>\n","protected":false},"excerpt":{"rendered":"<p>M\u00eas de setembro \u00e9 sin\u00f4nimo de pajelan\u00e7a em S\u00e3o Gon\u00e7alo, na Regi\u00e3o Metropolitana do Rio. A cidade comemora o anivers\u00e1rio de 135 anos de sua emancipa\u00e7\u00e3o de Niter\u00f3i, e ter\u00e1 agito de todo jeito \u2014 de megashows a inaugura\u00e7\u00f5es de obras, com o ponto alto na segunda-feira, dia 22 \u2014 feriado municipal. Nos bastidores, \u00e9 [&hellip;]<\/p>\n","protected":false},"author":3,"featured_media":3808,"comment_status":"open","ping_status":"open","sticky":false,"template":"","format":"standard","meta":{"advanced_seo_description":"","jetpack_seo_html_title":"","jetpack_seo_noindex":false,"fifu_image_url":"https:\/\/temporealrj.com\/wp-content\/uploads\/2025\/09\/WhatsApp-Image-2025-09-02-at-18.16.42-e1756847850451.jpeg","fifu_image_alt":"","_jetpack_memberships_contains_paid_content":false,"footnotes":"","jetpack_publicize_message":"","jetpack_publicize_feature_enabled":true,"jetpack_social_post_already_shared":true,"jetpack_social_options":{"image_generator_settings":{"template":"highway","default_image_id":0,"font":"","enabled":false},"version":2}},"categories":[107],"tags":[],"class_list":{"0":"post-3807","1":"post","2":"type-post","3":"status-publish","4":"format-standard","5":"has-post-thumbnail","7":"category-economia"},"jetpack_publicize_connections":[],"jetpack_featured_media_url":"https:\/\/i0.wp.com\/temporealrj.com\/wp-content\/uploads\/2025\/09\/WhatsApp-Image-2025-09-02-at-18.16.42-e1756847850451.jpeg?fit=%2C&ssl=1","jetpack_sharing_enabled":true,"jetpack-related-posts":[],"_links":{"self":[{"href":"https:\/\/friburgonoticias.com.br\/temp\/wp-json\/wp\/v2\/posts\/3807","targetHints":{"allow":["GET"]}}],"collection":[{"href":"https:\/\/friburgonoticias.com.br\/temp\/wp-json\/wp\/v2\/posts"}],"about":[{"href":"https:\/\/friburgonoticias.com.br\/temp\/wp-json\/wp\/v2\/types\/post"}],"author":[{"embeddable":true,"href":"https:\/\/friburgonoticias.com.br\/temp\/wp-json\/wp\/v2\/users\/3"}],"replies":[{"embeddable":true,"href":"https:\/\/friburgonoticias.com.br\/temp\/wp-json\/wp\/v2\/comments?post=3807"}],"version-history":[{"count":0,"href":"https:\/\/friburgonoticias.com.br\/temp\/wp-json\/wp\/v2\/posts\/3807\/revisions"}],"wp:featuredmedia":[{"embeddable":true,"href":"https:\/\/friburgonoticias.com.br\/temp\/wp-json\/wp\/v2\/media\/3808"}],"wp:attachment":[{"href":"https:\/\/friburgonoticias.com.br\/temp\/wp-json\/wp\/v2\/media?parent=3807"}],"wp:term":[{"taxonomy":"category","embeddable":true,"href":"https:\/\/friburgonoticias.com.br\/temp\/wp-json\/wp\/v2\/categories?post=3807"},{"taxonomy":"post_tag","embeddable":true,"href":"https:\/\/friburgonoticias.com.br\/temp\/wp-json\/wp\/v2\/tags?post=3807"}],"curies":[{"name":"wp","href":"https:\/\/api.w.org\/{rel}","templated":true}]}}