{"id":3841,"date":"2025-09-07T20:17:36","date_gmt":"2025-09-07T20:17:36","guid":{"rendered":"https:\/\/friburgonoticias.com.br\/temp\/2025\/09\/07\/veja-imagens-do-7-de-setembro-na-paulista\/"},"modified":"2025-09-07T20:17:36","modified_gmt":"2025-09-07T20:17:36","slug":"veja-imagens-do-7-de-setembro-na-paulista","status":"publish","type":"post","link":"https:\/\/friburgonoticias.com.br\/temp\/2025\/09\/07\/veja-imagens-do-7-de-setembro-na-paulista\/","title":{"rendered":"Veja imagens do 7 de Setembro na Paulista"},"content":{"rendered":"<p><\/p>\n<div id=\"\">\n<picture><source data-srcset=\"https:\/\/medias.revistaoeste.com\/wp-content\/uploads\/2020\/03\/augusto-nunes-1-150x150.jpg.webp 150w, https:\/\/medias.revistaoeste.com\/wp-content\/uploads\/2020\/03\/augusto-nunes-1-300x300.jpg.webp 300w, https:\/\/medias.revistaoeste.com\/wp-content\/uploads\/2020\/03\/augusto-nunes-1-90x90.jpg.webp 90w, https:\/\/medias.revistaoeste.com\/wp-content\/uploads\/2020\/03\/augusto-nunes-1-370x370.jpg.webp 370w, https:\/\/medias.revistaoeste.com\/wp-content\/uploads\/2020\/03\/augusto-nunes-1.jpg.webp 400w\" data-sizes=\"(max-width: 150px) 100vw, 150px\" type=\"image\/webp\"><img loading=\"lazy\" width=\"150\" height=\"150\" class=\"grayscale card-author__image perfmatters-lazy\" alt=\"\" decoding=\"async\" data-eio=\"p\" src=\"https:\/\/medias.revistaoeste.com\/wp-content\/uploads\/2020\/03\/augusto-nunes-1-150x150.jpg\" srcset=\"https:\/\/medias.revistaoeste.com\/wp-content\/uploads\/2020\/03\/augusto-nunes-1-150x150.jpg 150w, https:\/\/medias.revistaoeste.com\/wp-content\/uploads\/2020\/03\/augusto-nunes-1-300x300.jpg 300w, https:\/\/medias.revistaoeste.com\/wp-content\/uploads\/2020\/03\/augusto-nunes-1-90x90.jpg 90w, https:\/\/medias.revistaoeste.com\/wp-content\/uploads\/2020\/03\/augusto-nunes-1-370x370.jpg 370w, https:\/\/medias.revistaoeste.com\/wp-content\/uploads\/2020\/03\/augusto-nunes-1.jpg 400w\" data-sizes=\"(max-width: 150px) 100vw, 150px\"\/><img loading=\"lazy\" width=\"150\" height=\"150\" src=\"https:\/\/medias.revistaoeste.com\/wp-content\/uploads\/2020\/03\/augusto-nunes-1-150x150.jpg\" class=\"grayscale card-author__image\" alt=\"\" decoding=\"async\" srcset=\"https:\/\/medias.revistaoeste.com\/wp-content\/uploads\/2020\/03\/augusto-nunes-1-150x150.jpg 150w, https:\/\/medias.revistaoeste.com\/wp-content\/uploads\/2020\/03\/augusto-nunes-1-300x300.jpg 300w, https:\/\/medias.revistaoeste.com\/wp-content\/uploads\/2020\/03\/augusto-nunes-1-90x90.jpg 90w, https:\/\/medias.revistaoeste.com\/wp-content\/uploads\/2020\/03\/augusto-nunes-1-370x370.jpg 370w, https:\/\/medias.revistaoeste.com\/wp-content\/uploads\/2020\/03\/augusto-nunes-1.jpg 400w\" sizes=\"auto, (max-width: 150px) 100vw, 150px\" data-eio=\"p\"\/><\/source><\/picture>\n<p>          Augusto Nunes<\/p>\n<p>        <time class=\"card-author__time\" datetime=\"2025-09-07T17:05:16-03:00\"><br \/>\n          <span class=\"card-author__time--date\">07 set 2025<\/span><br \/>\n            &#8211; 17h05        <\/time><\/p>\n<p class=\"card-author__description hidden\">Integrante do Conselho Editorial de Oeste, foi redator-chefe da revista Veja e diretor de reda\u00e7\u00e3o do Jornal do Brasil, do Estado de S. Paulo, do Zero Hora e da revista \u00c9poca. Atualmente, \u00e9 colunista da revista Oeste e integrante do programa oeste Sem Filtro. Apresentou durante oito anos o programa Roda Viva, da TV Cultura, e foi um dos seis jornalistas entrevistados no livro Eles Mudaram a Imprensa, organizado pela Funda\u00e7\u00e3o Getulio Vargas. Entre outros, escreveu os livros Minha Raz\u00e3o de Viver \u2014 Mem\u00f3rias de Samuel Wainer e A Esperan\u00e7a Estilha\u00e7ada \u2014 Cr\u00f4nica da Crise que Abalou o PT.<\/p>\n<p class=\"card-author__show-more hidden\">\n      Veja mais<br \/>\n      <svg xmlns=\"http:\/\/www.w3.org\/2000\/svg\" class=\"card-author__show-more-icon hidden\" width=\"16\" height=\"16\" viewbox=\"0 0 16 16\" fill=\"none\">\n<path fill-rule=\"evenodd\" clip-rule=\"evenodd\" d=\"M8.23438 2.63462C8.3844 2.48464 8.58784 2.40039 8.79998 2.40039C9.01211 2.40039 9.21555 2.48464 9.36557 2.63462L14.1656 7.43462C14.3156 7.58464 14.3998 7.78809 14.3998 8.00022C14.3998 8.21235 14.3156 8.4158 14.1656 8.56582L9.36557 13.3658C9.21469 13.5115 9.01261 13.5922 8.80285 13.5904C8.5931 13.5885 8.39245 13.5044 8.24412 13.3561C8.09579 13.2077 8.01166 13.0071 8.00984 12.7973C8.00801 12.5876 8.08865 12.3855 8.23438 12.2346L11.6688 8.80022H2.39998C2.1878 8.80022 1.98432 8.71593 1.83429 8.5659C1.68426 8.41588 1.59998 8.21239 1.59998 8.00022C1.59998 7.78805 1.68426 7.58456 1.83429 7.43453C1.98432 7.28451 2.1878 7.20022 2.39998 7.20022H11.6688L8.23438 3.76582C8.0844 3.6158 8.00015 3.41235 8.00015 3.20022C8.00015 2.98809 8.0844 2.78464 8.23438 2.63462V2.63462Z\" fill=\"#BD8E27\"\/>\n<\/svg>    <\/p>\n<\/p><\/div>\n<div id=\"\">\n<picture><source data-srcset=\"https:\/\/medias.revistaoeste.com\/wp-content\/uploads\/2021\/05\/j-r-guzzo-02-150x150.jpg.webp 150w, https:\/\/medias.revistaoeste.com\/wp-content\/uploads\/2021\/05\/j-r-guzzo-02-300x300.jpg.webp 300w, https:\/\/medias.revistaoeste.com\/wp-content\/uploads\/2021\/05\/j-r-guzzo-02-60x60.jpg.webp 60w, https:\/\/medias.revistaoeste.com\/wp-content\/uploads\/2021\/05\/j-r-guzzo-02-240x240.jpg.webp 240w, https:\/\/medias.revistaoeste.com\/wp-content\/uploads\/2021\/05\/j-r-guzzo-02.jpg.webp 400w\" data-sizes=\"(max-width: 150px) 100vw, 150px\" type=\"image\/webp\"><img loading=\"lazy\" width=\"150\" height=\"150\" class=\"grayscale card-author__image perfmatters-lazy\" alt=\"\" decoding=\"async\" data-eio=\"p\" src=\"https:\/\/medias.revistaoeste.com\/wp-content\/uploads\/2021\/05\/j-r-guzzo-02-150x150.jpg\" srcset=\"https:\/\/medias.revistaoeste.com\/wp-content\/uploads\/2021\/05\/j-r-guzzo-02-150x150.jpg 150w, https:\/\/medias.revistaoeste.com\/wp-content\/uploads\/2021\/05\/j-r-guzzo-02-300x300.jpg 300w, https:\/\/medias.revistaoeste.com\/wp-content\/uploads\/2021\/05\/j-r-guzzo-02-60x60.jpg 60w, https:\/\/medias.revistaoeste.com\/wp-content\/uploads\/2021\/05\/j-r-guzzo-02-240x240.jpg 240w, https:\/\/medias.revistaoeste.com\/wp-content\/uploads\/2021\/05\/j-r-guzzo-02.jpg 400w\" data-sizes=\"(max-width: 150px) 100vw, 150px\"\/><img loading=\"lazy\" width=\"150\" height=\"150\" src=\"https:\/\/medias.revistaoeste.com\/wp-content\/uploads\/2021\/05\/j-r-guzzo-02-150x150.jpg\" class=\"grayscale card-author__image\" alt=\"\" decoding=\"async\" srcset=\"https:\/\/medias.revistaoeste.com\/wp-content\/uploads\/2021\/05\/j-r-guzzo-02-150x150.jpg 150w, https:\/\/medias.revistaoeste.com\/wp-content\/uploads\/2021\/05\/j-r-guzzo-02-300x300.jpg 300w, https:\/\/medias.revistaoeste.com\/wp-content\/uploads\/2021\/05\/j-r-guzzo-02-60x60.jpg 60w, https:\/\/medias.revistaoeste.com\/wp-content\/uploads\/2021\/05\/j-r-guzzo-02-240x240.jpg 240w, https:\/\/medias.revistaoeste.com\/wp-content\/uploads\/2021\/05\/j-r-guzzo-02.jpg 400w\" sizes=\"auto, (max-width: 150px) 100vw, 150px\" data-eio=\"p\"\/><\/source><\/picture>\n<p>          J. R. Guzzo<\/p>\n<p>        <time class=\"card-author__time\" datetime=\"2025-09-07T17:05:16-03:00\"><br \/>\n          <span class=\"card-author__time--date\">07 set 2025<\/span><br \/>\n            &#8211; 17h05        <\/time><\/p>\n<p class=\"card-author__description hidden\">J.R. Guzzo \u00e9 jornalista. Integrante do Conselho Editorial de Oeste, foi um dos criadores da Veja, revista que dirigiu durante quinze anos, a partir de 1976, per\u00edodo em que sua circula\u00e7\u00e3o passou de 175.000 para 1 milh\u00e3o de exemplares semanais. Correspondente em Paris e Nova York, cobriu a guerra do Vietn\u00e3 e esteve na visita do presidente Richard Nixon \u00e0 China, em 1972. Respons\u00e1vel pela cria\u00e7\u00e3o da revista Exame, atualmente escreve no Estado de S. Paulo e na Gazeta do Povo.<\/p>\n<p class=\"card-author__show-more hidden\">\n      Veja mais<br \/>\n      <svg xmlns=\"http:\/\/www.w3.org\/2000\/svg\" class=\"card-author__show-more-icon hidden\" width=\"16\" height=\"16\" viewbox=\"0 0 16 16\" fill=\"none\">\n<path fill-rule=\"evenodd\" clip-rule=\"evenodd\" d=\"M8.23438 2.63462C8.3844 2.48464 8.58784 2.40039 8.79998 2.40039C9.01211 2.40039 9.21555 2.48464 9.36557 2.63462L14.1656 7.43462C14.3156 7.58464 14.3998 7.78809 14.3998 8.00022C14.3998 8.21235 14.3156 8.4158 14.1656 8.56582L9.36557 13.3658C9.21469 13.5115 9.01261 13.5922 8.80285 13.5904C8.5931 13.5885 8.39245 13.5044 8.24412 13.3561C8.09579 13.2077 8.01166 13.0071 8.00984 12.7973C8.00801 12.5876 8.08865 12.3855 8.23438 12.2346L11.6688 8.80022H2.39998C2.1878 8.80022 1.98432 8.71593 1.83429 8.5659C1.68426 8.41588 1.59998 8.21239 1.59998 8.00022C1.59998 7.78805 1.68426 7.58456 1.83429 7.43453C1.98432 7.28451 2.1878 7.20022 2.39998 7.20022H11.6688L8.23438 3.76582C8.0844 3.6158 8.00015 3.41235 8.00015 3.20022C8.00015 2.98809 8.0844 2.78464 8.23438 2.63462V2.63462Z\" fill=\"#BD8E27\"\/>\n<\/svg>    <\/p>\n<\/p><\/div>\n<div id=\"\">\n<picture><source data-srcset=\"https:\/\/medias.revistaoeste.com\/wp-content\/uploads\/2020\/03\/ana-paula-henkel-150x150.jpg.webp 150w, https:\/\/medias.revistaoeste.com\/wp-content\/uploads\/2020\/03\/ana-paula-henkel-300x300.jpg.webp 300w, https:\/\/medias.revistaoeste.com\/wp-content\/uploads\/2020\/03\/ana-paula-henkel-90x90.jpg.webp 90w, https:\/\/medias.revistaoeste.com\/wp-content\/uploads\/2020\/03\/ana-paula-henkel-370x370.jpg.webp 370w, https:\/\/medias.revistaoeste.com\/wp-content\/uploads\/2020\/03\/ana-paula-henkel.jpg.webp 400w\" data-sizes=\"(max-width: 150px) 100vw, 150px\" type=\"image\/webp\"><img loading=\"lazy\" width=\"150\" height=\"150\" class=\"grayscale card-author__image perfmatters-lazy\" alt=\"\" decoding=\"async\" data-eio=\"p\" src=\"https:\/\/medias.revistaoeste.com\/wp-content\/uploads\/2020\/03\/ana-paula-henkel-150x150.jpg\" srcset=\"https:\/\/medias.revistaoeste.com\/wp-content\/uploads\/2020\/03\/ana-paula-henkel-150x150.jpg 150w, https:\/\/medias.revistaoeste.com\/wp-content\/uploads\/2020\/03\/ana-paula-henkel-300x300.jpg 300w, https:\/\/medias.revistaoeste.com\/wp-content\/uploads\/2020\/03\/ana-paula-henkel-90x90.jpg 90w, https:\/\/medias.revistaoeste.com\/wp-content\/uploads\/2020\/03\/ana-paula-henkel-370x370.jpg 370w, https:\/\/medias.revistaoeste.com\/wp-content\/uploads\/2020\/03\/ana-paula-henkel.jpg 400w\" data-sizes=\"(max-width: 150px) 100vw, 150px\"\/><img loading=\"lazy\" width=\"150\" height=\"150\" src=\"https:\/\/medias.revistaoeste.com\/wp-content\/uploads\/2020\/03\/ana-paula-henkel-150x150.jpg\" class=\"grayscale card-author__image\" alt=\"\" decoding=\"async\" srcset=\"https:\/\/medias.revistaoeste.com\/wp-content\/uploads\/2020\/03\/ana-paula-henkel-150x150.jpg 150w, https:\/\/medias.revistaoeste.com\/wp-content\/uploads\/2020\/03\/ana-paula-henkel-300x300.jpg 300w, https:\/\/medias.revistaoeste.com\/wp-content\/uploads\/2020\/03\/ana-paula-henkel-90x90.jpg 90w, https:\/\/medias.revistaoeste.com\/wp-content\/uploads\/2020\/03\/ana-paula-henkel-370x370.jpg 370w, https:\/\/medias.revistaoeste.com\/wp-content\/uploads\/2020\/03\/ana-paula-henkel.jpg 400w\" sizes=\"auto, (max-width: 150px) 100vw, 150px\" data-eio=\"p\"\/><\/source><\/picture>\n<p>          Ana Paula Henkel<\/p>\n<p>        <time class=\"card-author__time\" datetime=\"2025-09-07T17:05:16-03:00\"><br \/>\n          <span class=\"card-author__time--date\">07 set 2025<\/span><br \/>\n            &#8211; 17h05        <\/time><\/p>\n<p class=\"card-author__description hidden\">Pesquisadora associada do Instituto Ronald Reagan, \u00e9 hoje arquiteta e analista pol\u00edtica. Ex-atleta, atuou pela Sele\u00e7\u00e3o Brasileira de Voleibol e disputou quatro Olimp\u00edadas. Foi medalha de bronze nos Jogos Ol\u00edmpicos de 1996, em Atlanta, Estados Unidos, pelo v\u00f4lei de quadra. \u00c9 bicampe\u00e3 mundial no v\u00f4lei de praia. Tornou-se um dos principais nomes femininos do pensamento liberal-conservador. Vive em Los Angeles, onde cursa Ci\u00eancia Pol\u00edtica pela Ucla.<\/p>\n<p class=\"card-author__show-more hidden\">\n      Veja mais<br \/>\n      <svg xmlns=\"http:\/\/www.w3.org\/2000\/svg\" class=\"card-author__show-more-icon hidden\" width=\"16\" height=\"16\" viewbox=\"0 0 16 16\" fill=\"none\">\n<path fill-rule=\"evenodd\" clip-rule=\"evenodd\" d=\"M8.23438 2.63462C8.3844 2.48464 8.58784 2.40039 8.79998 2.40039C9.01211 2.40039 9.21555 2.48464 9.36557 2.63462L14.1656 7.43462C14.3156 7.58464 14.3998 7.78809 14.3998 8.00022C14.3998 8.21235 14.3156 8.4158 14.1656 8.56582L9.36557 13.3658C9.21469 13.5115 9.01261 13.5922 8.80285 13.5904C8.5931 13.5885 8.39245 13.5044 8.24412 13.3561C8.09579 13.2077 8.01166 13.0071 8.00984 12.7973C8.00801 12.5876 8.08865 12.3855 8.23438 12.2346L11.6688 8.80022H2.39998C2.1878 8.80022 1.98432 8.71593 1.83429 8.5659C1.68426 8.41588 1.59998 8.21239 1.59998 8.00022C1.59998 7.78805 1.68426 7.58456 1.83429 7.43453C1.98432 7.28451 2.1878 7.20022 2.39998 7.20022H11.6688L8.23438 3.76582C8.0844 3.6158 8.00015 3.41235 8.00015 3.20022C8.00015 2.98809 8.0844 2.78464 8.23438 2.63462V2.63462Z\" fill=\"#BD8E27\"\/>\n<\/svg>    <\/p>\n<\/p><\/div>\n<div id=\"\">\n<picture><source data-srcset=\"https:\/\/medias.revistaoeste.com\/wp-content\/uploads\/2021\/03\/guilherme-fiuza-02-150x150.jpg.webp 150w, https:\/\/medias.revistaoeste.com\/wp-content\/uploads\/2021\/03\/guilherme-fiuza-02-300x300.jpg.webp 300w, https:\/\/medias.revistaoeste.com\/wp-content\/uploads\/2021\/03\/guilherme-fiuza-02-60x60.jpg.webp 60w, https:\/\/medias.revistaoeste.com\/wp-content\/uploads\/2021\/03\/guilherme-fiuza-02-240x240.jpg.webp 240w, https:\/\/medias.revistaoeste.com\/wp-content\/uploads\/2021\/03\/guilherme-fiuza-02.jpg.webp 400w\" data-sizes=\"(max-width: 150px) 100vw, 150px\" type=\"image\/webp\"><img loading=\"lazy\" width=\"150\" height=\"150\" class=\"grayscale card-author__image perfmatters-lazy\" alt=\"\" decoding=\"async\" data-eio=\"p\" src=\"https:\/\/medias.revistaoeste.com\/wp-content\/uploads\/2021\/03\/guilherme-fiuza-02-150x150.jpg\" srcset=\"https:\/\/medias.revistaoeste.com\/wp-content\/uploads\/2021\/03\/guilherme-fiuza-02-150x150.jpg 150w, https:\/\/medias.revistaoeste.com\/wp-content\/uploads\/2021\/03\/guilherme-fiuza-02-300x300.jpg 300w, https:\/\/medias.revistaoeste.com\/wp-content\/uploads\/2021\/03\/guilherme-fiuza-02-60x60.jpg 60w, https:\/\/medias.revistaoeste.com\/wp-content\/uploads\/2021\/03\/guilherme-fiuza-02-240x240.jpg 240w, https:\/\/medias.revistaoeste.com\/wp-content\/uploads\/2021\/03\/guilherme-fiuza-02.jpg 400w\" data-sizes=\"(max-width: 150px) 100vw, 150px\"\/><img loading=\"lazy\" width=\"150\" height=\"150\" src=\"https:\/\/medias.revistaoeste.com\/wp-content\/uploads\/2021\/03\/guilherme-fiuza-02-150x150.jpg\" class=\"grayscale card-author__image\" alt=\"\" decoding=\"async\" srcset=\"https:\/\/medias.revistaoeste.com\/wp-content\/uploads\/2021\/03\/guilherme-fiuza-02-150x150.jpg 150w, https:\/\/medias.revistaoeste.com\/wp-content\/uploads\/2021\/03\/guilherme-fiuza-02-300x300.jpg 300w, https:\/\/medias.revistaoeste.com\/wp-content\/uploads\/2021\/03\/guilherme-fiuza-02-60x60.jpg 60w, https:\/\/medias.revistaoeste.com\/wp-content\/uploads\/2021\/03\/guilherme-fiuza-02-240x240.jpg 240w, https:\/\/medias.revistaoeste.com\/wp-content\/uploads\/2021\/03\/guilherme-fiuza-02.jpg 400w\" sizes=\"auto, (max-width: 150px) 100vw, 150px\" data-eio=\"p\"\/><\/source><\/picture>\n<p>          Guilherme Fiuza<\/p>\n<p>        <time class=\"card-author__time\" datetime=\"2025-09-07T17:05:16-03:00\"><br \/>\n          <span class=\"card-author__time--date\">07 set 2025<\/span><br \/>\n            &#8211; 17h05        <\/time><\/p>\n<p class=\"card-author__description hidden\">Jornalista e escritor carioca, \u00e9 autor de t\u00edtulos como Manual do Covarde (2018), O Imp\u00e9rio do Oprimido (2016), 3.000 Dias no Bunker (2006) e Meu Nome N\u00e3o \u00c9 Johnny (2004). Tamb\u00e9m roteirista de TV, autor de teatro e analista pol\u00edtico, \u00e9 uma voz de destaque no debate contempor\u00e2neo.<\/p>\n<p class=\"card-author__show-more hidden\">\n      Veja mais<br \/>\n      <svg xmlns=\"http:\/\/www.w3.org\/2000\/svg\" class=\"card-author__show-more-icon hidden\" width=\"16\" height=\"16\" viewbox=\"0 0 16 16\" fill=\"none\">\n<path fill-rule=\"evenodd\" clip-rule=\"evenodd\" d=\"M8.23438 2.63462C8.3844 2.48464 8.58784 2.40039 8.79998 2.40039C9.01211 2.40039 9.21555 2.48464 9.36557 2.63462L14.1656 7.43462C14.3156 7.58464 14.3998 7.78809 14.3998 8.00022C14.3998 8.21235 14.3156 8.4158 14.1656 8.56582L9.36557 13.3658C9.21469 13.5115 9.01261 13.5922 8.80285 13.5904C8.5931 13.5885 8.39245 13.5044 8.24412 13.3561C8.09579 13.2077 8.01166 13.0071 8.00984 12.7973C8.00801 12.5876 8.08865 12.3855 8.23438 12.2346L11.6688 8.80022H2.39998C2.1878 8.80022 1.98432 8.71593 1.83429 8.5659C1.68426 8.41588 1.59998 8.21239 1.59998 8.00022C1.59998 7.78805 1.68426 7.58456 1.83429 7.43453C1.98432 7.28451 2.1878 7.20022 2.39998 7.20022H11.6688L8.23438 3.76582C8.0844 3.6158 8.00015 3.41235 8.00015 3.20022C8.00015 2.98809 8.0844 2.78464 8.23438 2.63462V2.63462Z\" fill=\"#BD8E27\"\/>\n<\/svg>    <\/p>\n<\/p><\/div>\n<div id=\"\">\n<picture><source data-srcset=\"https:\/\/medias.revistaoeste.com\/wp-content\/uploads\/2022\/02\/whatsapp-image-2022-02-25-at-08-47-54-150x150.jpeg.webp\" type=\"image\/webp\"><img loading=\"lazy\" width=\"150\" height=\"150\" class=\"grayscale card-author__image perfmatters-lazy\" alt=\"\" decoding=\"async\" data-eio=\"p\" src=\"https:\/\/medias.revistaoeste.com\/wp-content\/uploads\/2022\/02\/whatsapp-image-2022-02-25-at-08-47-54-150x150.jpeg\"\/><img loading=\"lazy\" width=\"150\" height=\"150\" src=\"https:\/\/medias.revistaoeste.com\/wp-content\/uploads\/2022\/02\/whatsapp-image-2022-02-25-at-08-47-54-150x150.jpeg\" class=\"grayscale card-author__image\" alt=\"\" decoding=\"async\" data-eio=\"p\"\/><\/source><\/picture>\n<p>          Flavio Morgenstern<\/p>\n<p>        <time class=\"card-author__time\" datetime=\"2025-09-07T17:05:16-03:00\"><br \/>\n          <span class=\"card-author__time--date\">07 set 2025<\/span><br \/>\n            &#8211; 17h05        <\/time><\/p>\n<p class=\"card-author__description hidden\">Escritor, analista pol\u00edtico, palestrante e tradutor. \u00c9 autor do livro &#8220;Por tr\u00e1s da m\u00e1scara: do passe livre aos black blocs&#8221;. Tem passagens pela Jovem Pan, RedeTV!, Gazeta do Povo e Die Weltwoche, na Su\u00ed\u00e7a.<\/p>\n<p class=\"card-author__show-more hidden\">\n      Veja mais<br \/>\n      <svg xmlns=\"http:\/\/www.w3.org\/2000\/svg\" class=\"card-author__show-more-icon hidden\" width=\"16\" height=\"16\" viewbox=\"0 0 16 16\" fill=\"none\">\n<path fill-rule=\"evenodd\" clip-rule=\"evenodd\" d=\"M8.23438 2.63462C8.3844 2.48464 8.58784 2.40039 8.79998 2.40039C9.01211 2.40039 9.21555 2.48464 9.36557 2.63462L14.1656 7.43462C14.3156 7.58464 14.3998 7.78809 14.3998 8.00022C14.3998 8.21235 14.3156 8.4158 14.1656 8.56582L9.36557 13.3658C9.21469 13.5115 9.01261 13.5922 8.80285 13.5904C8.5931 13.5885 8.39245 13.5044 8.24412 13.3561C8.09579 13.2077 8.01166 13.0071 8.00984 12.7973C8.00801 12.5876 8.08865 12.3855 8.23438 12.2346L11.6688 8.80022H2.39998C2.1878 8.80022 1.98432 8.71593 1.83429 8.5659C1.68426 8.41588 1.59998 8.21239 1.59998 8.00022C1.59998 7.78805 1.68426 7.58456 1.83429 7.43453C1.98432 7.28451 2.1878 7.20022 2.39998 7.20022H11.6688L8.23438 3.76582C8.0844 3.6158 8.00015 3.41235 8.00015 3.20022C8.00015 2.98809 8.0844 2.78464 8.23438 2.63462V2.63462Z\" fill=\"#BD8E27\"\/>\n<\/svg>    <\/p>\n<\/p><\/div>\n<div id=\"\">\n<picture><source data-srcset=\"https:\/\/medias.revistaoeste.com\/wp-content\/uploads\/2022\/08\/whatsapp-image-2022-08-10-at-15-09-18-150x150.jpeg.webp\" type=\"image\/webp\"><img loading=\"lazy\" width=\"150\" height=\"150\" class=\"grayscale card-author__image perfmatters-lazy\" alt=\"\" decoding=\"async\" data-eio=\"p\" src=\"https:\/\/medias.revistaoeste.com\/wp-content\/uploads\/2022\/08\/whatsapp-image-2022-08-10-at-15-09-18-150x150.jpeg\"\/><img loading=\"lazy\" width=\"150\" height=\"150\" src=\"https:\/\/medias.revistaoeste.com\/wp-content\/uploads\/2022\/08\/whatsapp-image-2022-08-10-at-15-09-18-150x150.jpeg\" class=\"grayscale card-author__image\" alt=\"\" decoding=\"async\" data-eio=\"p\"\/><\/source><\/picture>\n<p>          Roberto Motta<\/p>\n<p>        <time class=\"card-author__time\" datetime=\"2025-09-07T17:05:16-03:00\"><br \/>\n          <span class=\"card-author__time--date\">07 set 2025<\/span><br \/>\n            &#8211; 17h05        <\/time><\/p>\n<p class=\"card-author__description hidden\">Roberto Motta \u00e9 Engenheiro Civil pela PUC-RJ e Mestre em Gest\u00e3o pela FGV-RJ . H\u00e1 mais de 10 anos, estuda seguran\u00e7a p\u00fablica e, em 2018, foi Secret\u00e1rio Executivo do Conselho de Seguran\u00e7a do Estado do Rio de Janeiro. Entre outros livros, publicou &#8220;Os Inocentes do Leblon\u201d e &#8220;A Constru\u00e7\u00e3o da Maldade&#8221;, sobre a crise de seguran\u00e7a p\u00fablica do Brasil. Um dos criadores do Partido Novo, do qual se desligou em 2016, atualmente \u00e9 colunista do Instituto Millenium, do Instituto Liberal, da Gazeta do Povo e comentarista da Rede Jovem Pan.<\/p>\n<p class=\"card-author__show-more hidden\">\n      Veja mais<br \/>\n      <svg xmlns=\"http:\/\/www.w3.org\/2000\/svg\" class=\"card-author__show-more-icon hidden\" width=\"16\" height=\"16\" viewbox=\"0 0 16 16\" fill=\"none\">\n<path fill-rule=\"evenodd\" clip-rule=\"evenodd\" d=\"M8.23438 2.63462C8.3844 2.48464 8.58784 2.40039 8.79998 2.40039C9.01211 2.40039 9.21555 2.48464 9.36557 2.63462L14.1656 7.43462C14.3156 7.58464 14.3998 7.78809 14.3998 8.00022C14.3998 8.21235 14.3156 8.4158 14.1656 8.56582L9.36557 13.3658C9.21469 13.5115 9.01261 13.5922 8.80285 13.5904C8.5931 13.5885 8.39245 13.5044 8.24412 13.3561C8.09579 13.2077 8.01166 13.0071 8.00984 12.7973C8.00801 12.5876 8.08865 12.3855 8.23438 12.2346L11.6688 8.80022H2.39998C2.1878 8.80022 1.98432 8.71593 1.83429 8.5659C1.68426 8.41588 1.59998 8.21239 1.59998 8.00022C1.59998 7.78805 1.68426 7.58456 1.83429 7.43453C1.98432 7.28451 2.1878 7.20022 2.39998 7.20022H11.6688L8.23438 3.76582C8.0844 3.6158 8.00015 3.41235 8.00015 3.20022C8.00015 2.98809 8.0844 2.78464 8.23438 2.63462V2.63462Z\" fill=\"#BD8E27\"\/>\n<\/svg>    <\/p>\n<\/p><\/div>\n<div id=\"\">\n<picture><source data-srcset=\"https:\/\/medias.revistaoeste.com\/wp-content\/uploads\/2021\/01\/frank-furedi-1-150x150.png.webp 150w, https:\/\/medias.revistaoeste.com\/wp-content\/uploads\/2021\/01\/frank-furedi-1-300x300.png.webp 300w, https:\/\/medias.revistaoeste.com\/wp-content\/uploads\/2021\/01\/frank-furedi-1-60x60.png.webp 60w, https:\/\/medias.revistaoeste.com\/wp-content\/uploads\/2021\/01\/frank-furedi-1-240x240.png.webp 240w, https:\/\/medias.revistaoeste.com\/wp-content\/uploads\/2021\/01\/frank-furedi-1.png.webp 400w\" data-sizes=\"(max-width: 150px) 100vw, 150px\" type=\"image\/webp\"><img loading=\"lazy\" width=\"150\" height=\"150\" class=\"grayscale card-author__image perfmatters-lazy\" alt=\"\" decoding=\"async\" data-eio=\"p\" src=\"https:\/\/medias.revistaoeste.com\/wp-content\/uploads\/2021\/01\/frank-furedi-1-150x150.png\" srcset=\"https:\/\/medias.revistaoeste.com\/wp-content\/uploads\/2021\/01\/frank-furedi-1-150x150.png 150w, https:\/\/medias.revistaoeste.com\/wp-content\/uploads\/2021\/01\/frank-furedi-1-300x300.png 300w, https:\/\/medias.revistaoeste.com\/wp-content\/uploads\/2021\/01\/frank-furedi-1-60x60.png 60w, https:\/\/medias.revistaoeste.com\/wp-content\/uploads\/2021\/01\/frank-furedi-1-240x240.png 240w, https:\/\/medias.revistaoeste.com\/wp-content\/uploads\/2021\/01\/frank-furedi-1.png 400w\" data-sizes=\"(max-width: 150px) 100vw, 150px\"\/><img loading=\"lazy\" width=\"150\" height=\"150\" src=\"https:\/\/medias.revistaoeste.com\/wp-content\/uploads\/2021\/01\/frank-furedi-1-150x150.png\" class=\"grayscale card-author__image\" alt=\"\" decoding=\"async\" srcset=\"https:\/\/medias.revistaoeste.com\/wp-content\/uploads\/2021\/01\/frank-furedi-1-150x150.png 150w, https:\/\/medias.revistaoeste.com\/wp-content\/uploads\/2021\/01\/frank-furedi-1-300x300.png 300w, https:\/\/medias.revistaoeste.com\/wp-content\/uploads\/2021\/01\/frank-furedi-1-60x60.png 60w, https:\/\/medias.revistaoeste.com\/wp-content\/uploads\/2021\/01\/frank-furedi-1-240x240.png 240w, https:\/\/medias.revistaoeste.com\/wp-content\/uploads\/2021\/01\/frank-furedi-1.png 400w\" sizes=\"auto, (max-width: 150px) 100vw, 150px\" data-eio=\"p\"\/><\/source><\/picture>\n<p>          Frank Furedi<\/p>\n<p>        <time class=\"card-author__time\" datetime=\"2025-09-07T17:05:16-03:00\"><br \/>\n          <span class=\"card-author__time--date\">07 set 2025<\/span><br \/>\n            &#8211; 17h05        <\/time><\/p>\n<p class=\"card-author__description hidden\">Professor em\u00e9rito de Sociologia na Universidade de Kent, na Inglaterra. Colunista da Spike Magazine, \u00e9 autor de livros considerados cl\u00e1ssicos sobre temas como medo, paranoia e guerra cultural, como How Fear Works (2018) e First World War \u2014 Still No End in Sight (2016).<\/p>\n<p class=\"card-author__show-more hidden\">\n      Veja mais<br \/>\n      <svg xmlns=\"http:\/\/www.w3.org\/2000\/svg\" class=\"card-author__show-more-icon hidden\" width=\"16\" height=\"16\" viewbox=\"0 0 16 16\" fill=\"none\">\n<path fill-rule=\"evenodd\" clip-rule=\"evenodd\" d=\"M8.23438 2.63462C8.3844 2.48464 8.58784 2.40039 8.79998 2.40039C9.01211 2.40039 9.21555 2.48464 9.36557 2.63462L14.1656 7.43462C14.3156 7.58464 14.3998 7.78809 14.3998 8.00022C14.3998 8.21235 14.3156 8.4158 14.1656 8.56582L9.36557 13.3658C9.21469 13.5115 9.01261 13.5922 8.80285 13.5904C8.5931 13.5885 8.39245 13.5044 8.24412 13.3561C8.09579 13.2077 8.01166 13.0071 8.00984 12.7973C8.00801 12.5876 8.08865 12.3855 8.23438 12.2346L11.6688 8.80022H2.39998C2.1878 8.80022 1.98432 8.71593 1.83429 8.5659C1.68426 8.41588 1.59998 8.21239 1.59998 8.00022C1.59998 7.78805 1.68426 7.58456 1.83429 7.43453C1.98432 7.28451 2.1878 7.20022 2.39998 7.20022H11.6688L8.23438 3.76582C8.0844 3.6158 8.00015 3.41235 8.00015 3.20022C8.00015 2.98809 8.0844 2.78464 8.23438 2.63462V2.63462Z\" fill=\"#BD8E27\"\/>\n<\/svg>    <\/p>\n<\/p><\/div>\n<div id=\"\">\n<picture><source data-srcset=\"https:\/\/medias.revistaoeste.com\/wp-content\/uploads\/2020\/03\/theodore-dalrymple-150x150.jpg.webp 150w, https:\/\/medias.revistaoeste.com\/wp-content\/uploads\/2020\/03\/theodore-dalrymple-300x300.jpg.webp 300w, https:\/\/medias.revistaoeste.com\/wp-content\/uploads\/2020\/03\/theodore-dalrymple-90x90.jpg.webp 90w, https:\/\/medias.revistaoeste.com\/wp-content\/uploads\/2020\/03\/theodore-dalrymple-370x370.jpg.webp 370w, https:\/\/medias.revistaoeste.com\/wp-content\/uploads\/2020\/03\/theodore-dalrymple.jpg.webp 400w\" data-sizes=\"(max-width: 150px) 100vw, 150px\" type=\"image\/webp\"><img loading=\"lazy\" width=\"150\" height=\"150\" class=\"grayscale card-author__image perfmatters-lazy\" alt=\"\" decoding=\"async\" data-eio=\"p\" src=\"https:\/\/medias.revistaoeste.com\/wp-content\/uploads\/2020\/03\/theodore-dalrymple-150x150.jpg\" srcset=\"https:\/\/medias.revistaoeste.com\/wp-content\/uploads\/2020\/03\/theodore-dalrymple-150x150.jpg 150w, https:\/\/medias.revistaoeste.com\/wp-content\/uploads\/2020\/03\/theodore-dalrymple-300x300.jpg 300w, https:\/\/medias.revistaoeste.com\/wp-content\/uploads\/2020\/03\/theodore-dalrymple-90x90.jpg 90w, https:\/\/medias.revistaoeste.com\/wp-content\/uploads\/2020\/03\/theodore-dalrymple-370x370.jpg 370w, https:\/\/medias.revistaoeste.com\/wp-content\/uploads\/2020\/03\/theodore-dalrymple.jpg 400w\" data-sizes=\"(max-width: 150px) 100vw, 150px\"\/><img loading=\"lazy\" width=\"150\" height=\"150\" src=\"https:\/\/medias.revistaoeste.com\/wp-content\/uploads\/2020\/03\/theodore-dalrymple-150x150.jpg\" class=\"grayscale card-author__image\" alt=\"\" decoding=\"async\" srcset=\"https:\/\/medias.revistaoeste.com\/wp-content\/uploads\/2020\/03\/theodore-dalrymple-150x150.jpg 150w, https:\/\/medias.revistaoeste.com\/wp-content\/uploads\/2020\/03\/theodore-dalrymple-300x300.jpg 300w, https:\/\/medias.revistaoeste.com\/wp-content\/uploads\/2020\/03\/theodore-dalrymple-90x90.jpg 90w, https:\/\/medias.revistaoeste.com\/wp-content\/uploads\/2020\/03\/theodore-dalrymple-370x370.jpg 370w, https:\/\/medias.revistaoeste.com\/wp-content\/uploads\/2020\/03\/theodore-dalrymple.jpg 400w\" sizes=\"auto, (max-width: 150px) 100vw, 150px\" data-eio=\"p\"\/><\/source><\/picture>\n<p>          Theodore Dalrymple<\/p>\n<p>        <time class=\"card-author__time\" datetime=\"2025-09-07T17:05:16-03:00\"><br \/>\n          <span class=\"card-author__time--date\">07 set 2025<\/span><br \/>\n            &#8211; 17h05        <\/time><\/p>\n<p class=\"card-author__description hidden\">Pseud\u00f4nimo do psiquiatra brit\u00e2nico Anthony Daniels. \u00c9 autor de mais de trinta livros sobre os mais diversos temas. Entre seus cl\u00e1ssicos (publicados no Brasil pela editora \u00c9 Realiza\u00e7\u00f5es), est\u00e3o A Vida na Sarjeta, Nossa Cultura\u2026 ou O que Restou Dela e A Faca Entrou. \u00c9 um nome de destaque global do pensamento conservador contempor\u00e2neo. Colabora com frequ\u00eancia para reconhecidos ve\u00edculos de imprensa, como The New Criterion, The Spectator e City Journal.<\/p>\n<p class=\"card-author__show-more hidden\">\n      Veja mais<br \/>\n      <svg xmlns=\"http:\/\/www.w3.org\/2000\/svg\" class=\"card-author__show-more-icon hidden\" width=\"16\" height=\"16\" viewbox=\"0 0 16 16\" fill=\"none\">\n<path fill-rule=\"evenodd\" clip-rule=\"evenodd\" d=\"M8.23438 2.63462C8.3844 2.48464 8.58784 2.40039 8.79998 2.40039C9.01211 2.40039 9.21555 2.48464 9.36557 2.63462L14.1656 7.43462C14.3156 7.58464 14.3998 7.78809 14.3998 8.00022C14.3998 8.21235 14.3156 8.4158 14.1656 8.56582L9.36557 13.3658C9.21469 13.5115 9.01261 13.5922 8.80285 13.5904C8.5931 13.5885 8.39245 13.5044 8.24412 13.3561C8.09579 13.2077 8.01166 13.0071 8.00984 12.7973C8.00801 12.5876 8.08865 12.3855 8.23438 12.2346L11.6688 8.80022H2.39998C2.1878 8.80022 1.98432 8.71593 1.83429 8.5659C1.68426 8.41588 1.59998 8.21239 1.59998 8.00022C1.59998 7.78805 1.68426 7.58456 1.83429 7.43453C1.98432 7.28451 2.1878 7.20022 2.39998 7.20022H11.6688L8.23438 3.76582C8.0844 3.6158 8.00015 3.41235 8.00015 3.20022C8.00015 2.98809 8.0844 2.78464 8.23438 2.63462V2.63462Z\" fill=\"#BD8E27\"\/>\n<\/svg>    <\/p>\n<\/p><\/div>\n<p><\/a><\/p>\n<p>Fonte: revistaoeste.com<\/p>\n","protected":false},"excerpt":{"rendered":"<p>Augusto Nunes 07 set 2025 &#8211; 17h05 Integrante do Conselho Editorial de Oeste, foi redator-chefe da revista Veja e diretor de reda\u00e7\u00e3o do Jornal do Brasil, do Estado de S. Paulo, do Zero Hora e da revista \u00c9poca. Atualmente, \u00e9 colunista da revista Oeste e integrante do programa oeste Sem Filtro. Apresentou durante oito anos [&hellip;]<\/p>\n","protected":false},"author":3,"featured_media":3842,"comment_status":"open","ping_status":"open","sticky":false,"template":"","format":"standard","meta":{"advanced_seo_description":"","jetpack_seo_html_title":"","jetpack_seo_noindex":false,"fifu_image_url":"https:\/\/medias.revistaoeste.com\/wp-content\/uploads\/2025\/09\/7-de-Setembro-5.jpg","fifu_image_alt":"","_jetpack_memberships_contains_paid_content":false,"footnotes":"","jetpack_publicize_message":"","jetpack_publicize_feature_enabled":true,"jetpack_social_post_already_shared":true,"jetpack_social_options":{"image_generator_settings":{"template":"highway","default_image_id":0,"font":"","enabled":false},"version":2}},"categories":[106,1],"tags":[],"class_list":{"0":"post-3841","1":"post","2":"type-post","3":"status-publish","4":"format-standard","5":"has-post-thumbnail","7":"category-politica","8":"category-uncategorized"},"jetpack_publicize_connections":[],"jetpack_featured_media_url":"https:\/\/i0.wp.com\/medias.revistaoeste.com\/wp-content\/uploads\/2025\/09\/7-de-Setembro-5.jpg?fit=%2C&ssl=1","jetpack_sharing_enabled":true,"jetpack-related-posts":[],"_links":{"self":[{"href":"https:\/\/friburgonoticias.com.br\/temp\/wp-json\/wp\/v2\/posts\/3841","targetHints":{"allow":["GET"]}}],"collection":[{"href":"https:\/\/friburgonoticias.com.br\/temp\/wp-json\/wp\/v2\/posts"}],"about":[{"href":"https:\/\/friburgonoticias.com.br\/temp\/wp-json\/wp\/v2\/types\/post"}],"author":[{"embeddable":true,"href":"https:\/\/friburgonoticias.com.br\/temp\/wp-json\/wp\/v2\/users\/3"}],"replies":[{"embeddable":true,"href":"https:\/\/friburgonoticias.com.br\/temp\/wp-json\/wp\/v2\/comments?post=3841"}],"version-history":[{"count":0,"href":"https:\/\/friburgonoticias.com.br\/temp\/wp-json\/wp\/v2\/posts\/3841\/revisions"}],"wp:featuredmedia":[{"embeddable":true,"href":"https:\/\/friburgonoticias.com.br\/temp\/wp-json\/wp\/v2\/media\/3842"}],"wp:attachment":[{"href":"https:\/\/friburgonoticias.com.br\/temp\/wp-json\/wp\/v2\/media?parent=3841"}],"wp:term":[{"taxonomy":"category","embeddable":true,"href":"https:\/\/friburgonoticias.com.br\/temp\/wp-json\/wp\/v2\/categories?post=3841"},{"taxonomy":"post_tag","embeddable":true,"href":"https:\/\/friburgonoticias.com.br\/temp\/wp-json\/wp\/v2\/tags?post=3841"}],"curies":[{"name":"wp","href":"https:\/\/api.w.org\/{rel}","templated":true}]}}