{"id":3857,"date":"2025-09-08T14:37:31","date_gmt":"2025-09-08T14:37:31","guid":{"rendered":"https:\/\/friburgonoticias.com.br\/temp\/2025\/09\/08\/rejeicao-a-lula-atinge-56-em-sao-paulo\/"},"modified":"2025-09-08T14:37:31","modified_gmt":"2025-09-08T14:37:31","slug":"rejeicao-a-lula-atinge-56-em-sao-paulo","status":"publish","type":"post","link":"https:\/\/friburgonoticias.com.br\/temp\/2025\/09\/08\/rejeicao-a-lula-atinge-56-em-sao-paulo\/","title":{"rendered":"rejei\u00e7\u00e3o a Lula atinge 56% em S\u00e3o Paulo"},"content":{"rendered":"<p><\/p>\n<div id=\"hd80s9wa1h892edh8192\">\n        Uma pesquisa da <strong><a href=\"https:\/\/atlasintel.org\/\" target=\"_blank\" rel=\"noreferrer noopener\">AtlasIntel<\/a><\/strong> publicada nesta segunda-feira, 8, mostra que a maioria dos eleitores de S\u00e3o Paulo reprova a gest\u00e3o do presidente Luiz In\u00e1cio Lula da Silva. O \u00edndice de desaprova\u00e7\u00e3o alcan\u00e7a 56%, enquanto 42% demonstram apoio \u00e0 atual administra\u00e7\u00e3o petista. Outros 2% preferiram n\u00e3o opinar.<\/p>\n<p><strong>+ Leia mais not\u00edcias de <a href=\"https:\/\/revistaoeste.com\/politica\/\" target=\"_blank\" rel=\"noreferrer noopener\">Pol\u00edtica<\/a> em Oeste <\/strong><\/p>\n<p>O estudo tamb\u00e9m mediu a percep\u00e7\u00e3o sobre o desempenho do governo. Segundo os dados, 50,3% dos entrevistados classificaram a atua\u00e7\u00e3o de Lula como \u201cruim\u201d ou \u201cp\u00e9ssima\u201d. J\u00e1 36,7% optaram por \u201c\u00f3timo\u201d ou \u201cbom\u201d. Para 13%, a gest\u00e3o federal merece a avalia\u00e7\u00e3o \u201cregular\u201d.<\/p>\n<p>A AtlasIntel realizou as entrevistas entre os dias 29 de agosto e 3 de setembro com 2.059 eleitores do Estado de S\u00e3o Paulo. A coleta de dados utilizou a metodologia de recrutamento digital aleat\u00f3rio (Atlas RDR). A margem de erro \u00e9 de 2 pontos porcentuais, com 95% de n\u00edvel de confian\u00e7a.<\/p>\n<figure class=\"wp-block-embed aligncenter is-type-video is-provider-youtube wp-block-embed-youtube wp-embed-aspect-16-9 wp-has-aspect-ratio\">\n<div class=\"wp-block-embed__wrapper\">\n<div class=\"perfmatters-lazy-youtube\" data-src=\"https:\/\/www.youtube.com\/embed\/3M97vTZtZYA\" data-id=\"3M97vTZtZYA\" data-query=\"feature=oembed\" onclick=\"perfmattersLazyLoadYouTube(this);\">\n<div><img loading=\"lazy\" decoding=\"async\" alt=\"YouTube video\" width=\"480\" height=\"360\" data-pin-nopin=\"true\" nopin=\"nopin\" class=\"perfmatters-lazy\" src=\"https:\/\/i.ytimg.com\/vi\/3M97vTZtZYA\/hqdefault.jpg\"\/><img loading=\"lazy\" decoding=\"async\" src=\"https:\/\/i.ytimg.com\/vi\/3M97vTZtZYA\/hqdefault.jpg\" alt=\"YouTube video\" width=\"480\" height=\"360\" data-pin-nopin=\"true\" nopin=\"nopin\"\/><\/div>\n<\/div>\n<p><noscript><iframe loading=\"lazy\" title=\"Lula fala em &#039;batalha&#039; e escancara conspira\u00e7\u00e3o com objetivo de barrar PL da Anistia\" width=\"1170\" height=\"658\" src=\"https:\/\/www.youtube.com\/embed\/3M97vTZtZYA?feature=oembed\" frameborder=\"0\" allow=\"accelerometer; autoplay; clipboard-write; encrypted-media; gyroscope; picture-in-picture; web-share\" referrerpolicy=\"strict-origin-when-cross-origin\" allowfullscreen><\/iframe><\/noscript>\n<\/div>\n<\/figure>\n<h2 class=\"wp-block-heading\" id=\"h-tarcisio-lidera-corrida-presidencial-entre-os-paulistas\"><strong>Tarc\u00edsio lidera corrida presidencial entre os paulistas<\/strong><\/h2>\n<p>No mesmo estudo, o governador <strong><a href=\"https:\/\/revistaoeste.com\/tag\/tarcisio-de-freitas\/\" target=\"_blank\" rel=\"noreferrer noopener\">Tarc\u00edsio de Freitas (Republicanos)<\/a><\/strong> aparece com vantagem num\u00e9rica sobre Lula em inten\u00e7\u00f5es de voto para a Presid\u00eancia da Rep\u00fablica. Entre os eleitores paulistas, 38% votariam em Tarc\u00edsio, contra 34% que preferem o atual presidente.<\/p>\n<p>Ciro Gomes (PDT) surge em terceiro lugar, com 9%, seguido por Ratinho J\u00fanior (PSD) e Ronaldo Caiado (Uni\u00e3o Brasil), ambos com 4%.<\/p>\n<p>No primeiro cen\u00e1rio de simula\u00e7\u00e3o de primeiro turno, Tarc\u00edsio vence, com 47,3% das inten\u00e7\u00f5es de voto, enquanto Guilherme Boulos (Psol) aparece com 22,6% e M\u00e1rcio Fran\u00e7a (PSB), com 18,2%. Felipe D\u2019\u00c1vila (Novo) registra 1,8%, e Paulo Serra soma 0,6%.<\/p>\n<p><strong>+ Leia tamb\u00e9m:<\/strong> <strong><a href=\"https:\/\/revistaoeste.com\/politica\/tarcisio-de-freitas-conta-com-aprovacao-de-53-dos-eleitores-em-sp-aponta-atlasintel\/\" target=\"_blank\" rel=\"noreferrer noopener\">\u201cPesquisa AtlasIntel aponta que 53% dos eleitores de SP aprovam Tarc\u00edsio de Freitas\u201d<\/a><\/strong><\/p>\n<p>Mesmo em um cen\u00e1rio com Geraldo Alckmin (PSB), o governador mant\u00e9m a lideran\u00e7a. Tarc\u00edsio alcan\u00e7a 48,6%, contra 34,2% do ex-governador. \u00c9rika Hilton (Psol) pontua com 8,3%, D\u2019\u00c1vila com 1,9%, e Paulo Serra, com 0,2%.<\/p>\n<p>A pesquisa tamb\u00e9m mediu a popularidade de Tarc\u00edsio no Estado. O governador \u00e9 aprovado por 52% dos paulistas. Sua reprova\u00e7\u00e3o ficou em 43%, e 4% n\u00e3o souberam responder. Em rela\u00e7\u00e3o ao desempenho, 47,1% o consideram \u00f3timo ou bom, 31,5% o avaliam como ruim ou p\u00e9ssimo, e 21,4% o classificam como regular.<\/p><\/div>\n<p><\/a><\/p>\n<p>Fonte: revistaoeste.com<\/p>\n","protected":false},"excerpt":{"rendered":"<p>Uma pesquisa da AtlasIntel publicada nesta segunda-feira, 8, mostra que a maioria dos eleitores de S\u00e3o Paulo reprova a gest\u00e3o do presidente Luiz In\u00e1cio Lula da Silva. O \u00edndice de desaprova\u00e7\u00e3o alcan\u00e7a 56%, enquanto 42% demonstram apoio \u00e0 atual administra\u00e7\u00e3o petista. Outros 2% preferiram n\u00e3o opinar. + Leia mais not\u00edcias de Pol\u00edtica em Oeste O [&hellip;]<\/p>\n","protected":false},"author":3,"featured_media":3858,"comment_status":"open","ping_status":"open","sticky":false,"template":"","format":"standard","meta":{"advanced_seo_description":"","jetpack_seo_html_title":"","jetpack_seo_noindex":false,"fifu_image_url":"https:\/\/medias.revistaoeste.com\/wp-content\/uploads\/2025\/08\/lula-x-tarcisio-bolsonaro-michelle-parana-pesquisas-eleitores-do-estado-de-sao-paulo.jpg","fifu_image_alt":"","_jetpack_memberships_contains_paid_content":false,"footnotes":"","jetpack_publicize_message":"","jetpack_publicize_feature_enabled":true,"jetpack_social_post_already_shared":true,"jetpack_social_options":{"image_generator_settings":{"template":"highway","default_image_id":0,"font":"","enabled":false},"version":2}},"categories":[106,1],"tags":[],"class_list":{"0":"post-3857","1":"post","2":"type-post","3":"status-publish","4":"format-standard","5":"has-post-thumbnail","7":"category-politica","8":"category-uncategorized"},"jetpack_publicize_connections":[],"jetpack_featured_media_url":"https:\/\/i0.wp.com\/medias.revistaoeste.com\/wp-content\/uploads\/2025\/08\/lula-x-tarcisio-bolsonaro-michelle-parana-pesquisas-eleitores-do-estado-de-sao-paulo.jpg?fit=%2C&ssl=1","jetpack_sharing_enabled":true,"jetpack-related-posts":[],"_links":{"self":[{"href":"https:\/\/friburgonoticias.com.br\/temp\/wp-json\/wp\/v2\/posts\/3857","targetHints":{"allow":["GET"]}}],"collection":[{"href":"https:\/\/friburgonoticias.com.br\/temp\/wp-json\/wp\/v2\/posts"}],"about":[{"href":"https:\/\/friburgonoticias.com.br\/temp\/wp-json\/wp\/v2\/types\/post"}],"author":[{"embeddable":true,"href":"https:\/\/friburgonoticias.com.br\/temp\/wp-json\/wp\/v2\/users\/3"}],"replies":[{"embeddable":true,"href":"https:\/\/friburgonoticias.com.br\/temp\/wp-json\/wp\/v2\/comments?post=3857"}],"version-history":[{"count":0,"href":"https:\/\/friburgonoticias.com.br\/temp\/wp-json\/wp\/v2\/posts\/3857\/revisions"}],"wp:featuredmedia":[{"embeddable":true,"href":"https:\/\/friburgonoticias.com.br\/temp\/wp-json\/wp\/v2\/media\/3858"}],"wp:attachment":[{"href":"https:\/\/friburgonoticias.com.br\/temp\/wp-json\/wp\/v2\/media?parent=3857"}],"wp:term":[{"taxonomy":"category","embeddable":true,"href":"https:\/\/friburgonoticias.com.br\/temp\/wp-json\/wp\/v2\/categories?post=3857"},{"taxonomy":"post_tag","embeddable":true,"href":"https:\/\/friburgonoticias.com.br\/temp\/wp-json\/wp\/v2\/tags?post=3857"}],"curies":[{"name":"wp","href":"https:\/\/api.w.org\/{rel}","templated":true}]}}