{"id":3867,"date":"2025-09-08T16:24:51","date_gmt":"2025-09-08T16:24:51","guid":{"rendered":"https:\/\/friburgonoticias.com.br\/temp\/2025\/09\/08\/no-centro-lideres-de-esquerda-pedem-a-prisao-de-bolsonaro-e-dizem-nao-a-anistia\/"},"modified":"2025-09-08T16:24:51","modified_gmt":"2025-09-08T16:24:51","slug":"no-centro-lideres-de-esquerda-pedem-a-prisao-de-bolsonaro-e-dizem-nao-a-anistia","status":"publish","type":"post","link":"https:\/\/friburgonoticias.com.br\/temp\/2025\/09\/08\/no-centro-lideres-de-esquerda-pedem-a-prisao-de-bolsonaro-e-dizem-nao-a-anistia\/","title":{"rendered":"No Centro, l\u00edderes de esquerda pedem a pris\u00e3o de Bolsonaro e dizem n\u00e3o \u00e0 anistia"},"content":{"rendered":"<p><\/p>\n<div itemprop=\"articleBody\">\nEnquanto <a href=\"https:\/\/temporealrj.com\/ato-em-copacabana-pro-bolsonaro-e-pro-anistia-tem-ataques-ao-stf-e-bandeiras-dos-estados-unidos\/\">bolsonaristas ocupavam a orla de Copacabana<\/a> para pedir anistia para o ex-presidente Jair Bolsonaro e os condenados pelos atos golpistas de 8 de janeiro, movimentos sociais e l\u00edderes pol\u00edticos de esquerda, promoviam, neste domingo (07), do 31\u00ba Grito dos Exclu\u00eddos e das Exclu\u00eddas.<\/p>\n<p>O ato, no Centro, foi marcado por pedidos de pris\u00e3o de Bolsonaro e contra o projeto de lei que prev\u00ea anistia aos respons\u00e1veis pelos atos antidemocr\u00e1ticos. Tamb\u00e9m houve manifesta\u00e7\u00f5es em defesa da democracia, da soberania nacional e dos direitos sociais.<\/p>\n<p>A deputada federal Jandira Feghali (PCdoB) destacou o momento hist\u00f3rico do pa\u00eds. <\/p>\n<p>\u201cPela primeira vez na hist\u00f3ria do Brasil, militares de alta patente come\u00e7am a ser punidos por participa\u00e7\u00e3o em ataques contra a democracia. Esse \u00e9 um marco fundamental para mostrar que ningu\u00e9m est\u00e1 acima da lei\u201d, disse Jandira.<\/p>\n<p>Marina do MST, l\u00edder do PT na Assembleia Legislativa, fez cr\u00edticas ao papel do agroneg\u00f3cio no cen\u00e1rio pol\u00edtico nacional, ressaltando que o setor atua como for\u00e7a de desestabiliza\u00e7\u00e3o democr\u00e1tica e defendendo a reforma agr\u00e1ria como alternativa para combater a fome e garantir soberania alimentar.<\/p>\n<p>\u201c\u00c9 muito importante que o Grito dos Exclu\u00eddos fa\u00e7a a den\u00fancia do agroneg\u00f3cio golpista no Brasil e defenda a bandeira da reforma agr\u00e1ria como forma de produzir alimentos e combater a fome, garantindo comida para todo o povo brasileiro\u201d, afirmou a deputada, que pediu palmas em homenagem ao cineasta Silvio Tendler, cujo vel\u00f3rio foi realizado na manh\u00e3 deste domingo.<\/p>\n<figure class=\"wp-block-image size-large\"><img loading=\"lazy\" decoding=\"async\" width=\"1024\" height=\"768\" src=\"https:\/\/temporealrj.com\/wp-content\/uploads\/2025\/09\/WhatsApp-Image-2025-09-07-at-13.05.34-1024x768.jpeg\" alt=\"WhatsApp Image 2025 09 07 at 13.05.34\" class=\"wp-image-93548\" title=\"No Centro, l\u00edderes de esquerda pedem a pris\u00e3o de Bolsonaro e dizem n\u00e3o \u00e0 anistia 62\" srcset=\"https:\/\/temporealrj.com\/wp-content\/uploads\/2025\/09\/WhatsApp-Image-2025-09-07-at-13.05.34-1024x768.jpeg 1024w, https:\/\/temporealrj.com\/wp-content\/uploads\/2025\/09\/WhatsApp-Image-2025-09-07-at-13.05.34-300x225.jpeg 300w, https:\/\/temporealrj.com\/wp-content\/uploads\/2025\/09\/WhatsApp-Image-2025-09-07-at-13.05.34-768x576.jpeg 768w, https:\/\/temporealrj.com\/wp-content\/uploads\/2025\/09\/WhatsApp-Image-2025-09-07-at-13.05.34-1536x1152.jpeg 1536w, https:\/\/temporealrj.com\/wp-content\/uploads\/2025\/09\/WhatsApp-Image-2025-09-07-at-13.05.34-2048x1536.jpeg 2048w, https:\/\/temporealrj.com\/wp-content\/uploads\/2025\/09\/WhatsApp-Image-2025-09-07-at-13.05.34-860x645.jpeg 860w\" sizes=\"auto, (max-width: 1024px) 100vw, 1024px\"\/><figcaption class=\"wp-element-caption\">A deputada Marina do MST criticou ao papel do agroneg\u00f3cio no cen\u00e1rio pol\u00edtico nacional \u2013 Foto: Divulga\u00e7\u00e3o<\/figcaption><\/figure>\n<h2 class=\"wp-block-heading\">Na semana de julgamento de Bolsonaro, deputado lembrou os mortos e torturados pela ditadura<\/h2>\n<p>O deputado federal Henrique Vieira (PSOL) relembrou, na semana em que Bolsonaro vai ser julgado pelo STF, a mem\u00f3ria da ditadura militar. <\/p>\n<p>\u201cEu lembro agora daqueles e daquelas que lutaram, que tombaram, que foram torturados e torturadas na ditadura militar, que deram seu suor, seus corpos e seu sangue para n\u00f3s resgatarmos a democracia nesse pa\u00eds. Por estas pessoas, por toda a luta hist\u00f3rica, estamos vivendo uma semana muito importante\u201d, disse.<\/p>\n<p>J\u00e1 a deputada federal Benedita da Silva (PT) destacou a unidade da esquerda e ressaltou a necessidade de fortalecer a presen\u00e7a progressista no Congresso Nacional nas elei\u00e7\u00f5es de 2026. <\/p>\n<p>\u201cN\u00f3s estamos demonstrando que \u00e9 importante termos aqui a unidade da esquerda, os movimentos sociais e tamb\u00e9m os democr\u00e1ticos independentes que defendem a soberania do Brasil. Temos que renovar esse Congresso marcado pelo fascismo, machismo, racismo e homofobia\u201d, afirmou.<\/p>\n<p>Tamb\u00e9m estiveram em discuss\u00e3o a preserva\u00e7\u00e3o de empresas p\u00fablicas, a regulamenta\u00e7\u00e3o de setores econ\u00f4micos e a solidariedade ao povo palestino.\n<\/p><\/div>\n<p><\/a><\/p>\n<p>Fonte: temporealrj.com<\/p>\n","protected":false},"excerpt":{"rendered":"<p>Enquanto bolsonaristas ocupavam a orla de Copacabana para pedir anistia para o ex-presidente Jair Bolsonaro e os condenados pelos atos golpistas de 8 de janeiro, movimentos sociais e l\u00edderes pol\u00edticos de esquerda, promoviam, neste domingo (07), do 31\u00ba Grito dos Exclu\u00eddos e das Exclu\u00eddas. O ato, no Centro, foi marcado por pedidos de pris\u00e3o de [&hellip;]<\/p>\n","protected":false},"author":3,"featured_media":3868,"comment_status":"open","ping_status":"open","sticky":false,"template":"","format":"standard","meta":{"advanced_seo_description":"","jetpack_seo_html_title":"","jetpack_seo_noindex":false,"fifu_image_url":"https:\/\/temporealrj.com\/wp-content\/uploads\/2025\/09\/WhatsApp-Image-2025-09-07-at-13.05.33-scaled-e1757265470570.jpeg","fifu_image_alt":"","_jetpack_memberships_contains_paid_content":false,"footnotes":"","jetpack_publicize_message":"","jetpack_publicize_feature_enabled":true,"jetpack_social_post_already_shared":true,"jetpack_social_options":{"image_generator_settings":{"template":"highway","default_image_id":0,"font":"","enabled":false},"version":2}},"categories":[107],"tags":[],"class_list":{"0":"post-3867","1":"post","2":"type-post","3":"status-publish","4":"format-standard","5":"has-post-thumbnail","7":"category-economia"},"jetpack_publicize_connections":[],"jetpack_featured_media_url":"https:\/\/i0.wp.com\/temporealrj.com\/wp-content\/uploads\/2025\/09\/WhatsApp-Image-2025-09-07-at-13.05.33-scaled-e1757265470570.jpeg?fit=%2C&ssl=1","jetpack_sharing_enabled":true,"jetpack-related-posts":[],"_links":{"self":[{"href":"https:\/\/friburgonoticias.com.br\/temp\/wp-json\/wp\/v2\/posts\/3867","targetHints":{"allow":["GET"]}}],"collection":[{"href":"https:\/\/friburgonoticias.com.br\/temp\/wp-json\/wp\/v2\/posts"}],"about":[{"href":"https:\/\/friburgonoticias.com.br\/temp\/wp-json\/wp\/v2\/types\/post"}],"author":[{"embeddable":true,"href":"https:\/\/friburgonoticias.com.br\/temp\/wp-json\/wp\/v2\/users\/3"}],"replies":[{"embeddable":true,"href":"https:\/\/friburgonoticias.com.br\/temp\/wp-json\/wp\/v2\/comments?post=3867"}],"version-history":[{"count":0,"href":"https:\/\/friburgonoticias.com.br\/temp\/wp-json\/wp\/v2\/posts\/3867\/revisions"}],"wp:featuredmedia":[{"embeddable":true,"href":"https:\/\/friburgonoticias.com.br\/temp\/wp-json\/wp\/v2\/media\/3868"}],"wp:attachment":[{"href":"https:\/\/friburgonoticias.com.br\/temp\/wp-json\/wp\/v2\/media?parent=3867"}],"wp:term":[{"taxonomy":"category","embeddable":true,"href":"https:\/\/friburgonoticias.com.br\/temp\/wp-json\/wp\/v2\/categories?post=3867"},{"taxonomy":"post_tag","embeddable":true,"href":"https:\/\/friburgonoticias.com.br\/temp\/wp-json\/wp\/v2\/tags?post=3867"}],"curies":[{"name":"wp","href":"https:\/\/api.w.org\/{rel}","templated":true}]}}