{"id":3877,"date":"2025-09-08T18:46:04","date_gmt":"2025-09-08T18:46:04","guid":{"rendered":"https:\/\/friburgonoticias.com.br\/temp\/2025\/09\/08\/vereadora-secretaria-joyce-trindade-da-a-luz-sua-primeira-filha-em-hospital-publico-no-rio\/"},"modified":"2025-09-08T18:46:04","modified_gmt":"2025-09-08T18:46:04","slug":"vereadora-secretaria-joyce-trindade-da-a-luz-sua-primeira-filha-em-hospital-publico-no-rio","status":"publish","type":"post","link":"https:\/\/friburgonoticias.com.br\/temp\/2025\/09\/08\/vereadora-secretaria-joyce-trindade-da-a-luz-sua-primeira-filha-em-hospital-publico-no-rio\/","title":{"rendered":"Vereadora-secret\u00e1ria Joyce Trindade d\u00e1 \u00e0 luz sua primeira filha em hospital p\u00fablico no Rio"},"content":{"rendered":"<p><\/p>\n<div itemprop=\"articleBody\">\nA vereadora e secret\u00e1ria de Pol\u00edticas para Mulheres da Prefeitura do Rio, Joyce Trindade (PSD), deu \u00e0 luz sua primeira filha, Antonela, na rede p\u00fablica, no <a href=\"https:\/\/www.instagram.com\/maternidademariaamelia?utm_source=ig_web_button_share_sheet&amp;igsh=ZDNlZDc0MzIxNw==\" target=\"_blank\" rel=\"noopener\">Hospital Maternidade Maria Am\u00e9lia Buarque de Hollanda<\/a>, no Centro do Rio. <\/p>\n<p>Tanto a m\u00e3e quanto a beb\u00ea passam bem.<\/p>\n<p>Durante toda a gesta\u00e7\u00e3o, Joyce fez o pr\u00e9-natal em uma Cl\u00ednica da Fam\u00edlia.<\/p>\n<h2 class=\"wp-block-heading\">Joyce: \u2018quero que outras mulheres saibam que podem confiar\u2019<\/h2>\n<p>Nascida e criada em Cosmos, na Zona Oeste, ela se formou em universidade p\u00fablica e construiu toda sua trajet\u00f3ria no servi\u00e7o p\u00fablico. A escolha de viver a maternidade nesse caminho foi, para ela, uma forma de reafirmar a qualidade e a for\u00e7a do Sistema \u00danico de Sa\u00fade (SUS) e de valorizar os servi\u00e7os que cuidam diariamente de milhares de mulheres cariocas.<\/p>\n<p>\u2014 Sou fruto de pol\u00edticas p\u00fablicas. Minha vida foi constru\u00edda dentro do servi\u00e7o p\u00fablico, ent\u00e3o n\u00e3o faria sentido a maternidade ser diferente. Fiz todo meu pr\u00e9-natal na Cl\u00ednica da Fam\u00edlia e tive Antonela no Hospital Maria Am\u00e9lia, com profissionais incr\u00edveis que me acolheram e cuidaram de mim com tanto carinho. Isso \u00e9 motivo de orgulho pra mim, e quero que outras mulheres saibam que podem confiar e acessar esse servi\u00e7o tamb\u00e9m \u2014 afirma Joyce Trindade.<\/p>\n<p>A dire\u00e7\u00e3o do hospital tamb\u00e9m celebrou o nascimento e ressaltou a seguran\u00e7a da vereadora ao escolher servi\u00e7o de sa\u00fade:<\/p>\n<p>\u2014 Recebemos com alegria a escolha da vereadora em vivenciar esse momento t\u00e3o especial conosco, no SUS. Sua confian\u00e7a fortalece a luta por um sistema p\u00fablico mais justo, reafirma o compromisso com a equidade e mostra que \u00e9 poss\u00edvel ter um parto digno, respeitoso e humanizado nas maternidades p\u00fablicas. Seja muito bem-vinda, Antonela! \u2014 disse a diretora t\u00e9cnica do hospital, Ana Murai.\n<\/p><\/div>\n<p><script async src=\"\/\/www.instagram.com\/embed.js\"><\/script><br \/>\n<br \/><\/a><\/p>\n<p>Fonte: temporealrj.com<\/p>\n","protected":false},"excerpt":{"rendered":"<p>A vereadora e secret\u00e1ria de Pol\u00edticas para Mulheres da Prefeitura do Rio, Joyce Trindade (PSD), deu \u00e0 luz sua primeira filha, Antonela, na rede p\u00fablica, no Hospital Maternidade Maria Am\u00e9lia Buarque de Hollanda, no Centro do Rio. Tanto a m\u00e3e quanto a beb\u00ea passam bem. Durante toda a gesta\u00e7\u00e3o, Joyce fez o pr\u00e9-natal em uma [&hellip;]<\/p>\n","protected":false},"author":3,"featured_media":3878,"comment_status":"open","ping_status":"open","sticky":false,"template":"","format":"standard","meta":{"advanced_seo_description":"","jetpack_seo_html_title":"","jetpack_seo_noindex":false,"fifu_image_url":"https:\/\/temporealrj.com\/wp-content\/uploads\/2025\/09\/WhatsApp-Image-2025-09-08-at-15.19.00.jpeg","fifu_image_alt":"","_jetpack_memberships_contains_paid_content":false,"footnotes":"","jetpack_publicize_message":"","jetpack_publicize_feature_enabled":true,"jetpack_social_post_already_shared":true,"jetpack_social_options":{"image_generator_settings":{"template":"highway","default_image_id":0,"font":"","enabled":false},"version":2}},"categories":[107],"tags":[],"class_list":{"0":"post-3877","1":"post","2":"type-post","3":"status-publish","4":"format-standard","5":"has-post-thumbnail","7":"category-economia"},"jetpack_publicize_connections":[],"jetpack_featured_media_url":"https:\/\/i0.wp.com\/temporealrj.com\/wp-content\/uploads\/2025\/09\/WhatsApp-Image-2025-09-08-at-15.19.00.jpeg?fit=%2C&ssl=1","jetpack_sharing_enabled":true,"jetpack-related-posts":[],"_links":{"self":[{"href":"https:\/\/friburgonoticias.com.br\/temp\/wp-json\/wp\/v2\/posts\/3877","targetHints":{"allow":["GET"]}}],"collection":[{"href":"https:\/\/friburgonoticias.com.br\/temp\/wp-json\/wp\/v2\/posts"}],"about":[{"href":"https:\/\/friburgonoticias.com.br\/temp\/wp-json\/wp\/v2\/types\/post"}],"author":[{"embeddable":true,"href":"https:\/\/friburgonoticias.com.br\/temp\/wp-json\/wp\/v2\/users\/3"}],"replies":[{"embeddable":true,"href":"https:\/\/friburgonoticias.com.br\/temp\/wp-json\/wp\/v2\/comments?post=3877"}],"version-history":[{"count":0,"href":"https:\/\/friburgonoticias.com.br\/temp\/wp-json\/wp\/v2\/posts\/3877\/revisions"}],"wp:featuredmedia":[{"embeddable":true,"href":"https:\/\/friburgonoticias.com.br\/temp\/wp-json\/wp\/v2\/media\/3878"}],"wp:attachment":[{"href":"https:\/\/friburgonoticias.com.br\/temp\/wp-json\/wp\/v2\/media?parent=3877"}],"wp:term":[{"taxonomy":"category","embeddable":true,"href":"https:\/\/friburgonoticias.com.br\/temp\/wp-json\/wp\/v2\/categories?post=3877"},{"taxonomy":"post_tag","embeddable":true,"href":"https:\/\/friburgonoticias.com.br\/temp\/wp-json\/wp\/v2\/tags?post=3877"}],"curies":[{"name":"wp","href":"https:\/\/api.w.org\/{rel}","templated":true}]}}