{"id":3881,"date":"2025-09-08T19:09:27","date_gmt":"2025-09-08T19:09:27","guid":{"rendered":"https:\/\/friburgonoticias.com.br\/temp\/2025\/09\/08\/nova-friburgo-implanta-atendimento-veterinario-24h-para-animais-de-rua-e-vitimas-de-maus-tratos\/"},"modified":"2025-09-08T19:09:27","modified_gmt":"2025-09-08T19:09:27","slug":"nova-friburgo-implanta-atendimento-veterinario-24h-para-animais-de-rua-e-vitimas-de-maus-tratos","status":"publish","type":"post","link":"https:\/\/friburgonoticias.com.br\/temp\/2025\/09\/08\/nova-friburgo-implanta-atendimento-veterinario-24h-para-animais-de-rua-e-vitimas-de-maus-tratos\/","title":{"rendered":"Nova Friburgo implanta atendimento veterin\u00e1rio 24h para animais de rua e v\u00edtimas de maus-tratos"},"content":{"rendered":"<p><\/p>\n<div>\n<p style=\"text-align: justify;\" data-start=\"105\" data-end=\"477\">A Prefeitura de Nova Friburgo, por meio da Secretaria de Bem-Estar e Prote\u00e7\u00e3o Animal (Sebea), iniciou na segunda-feira (8\/9) o servi\u00e7o de atendimento m\u00e9dico-veterin\u00e1rio de urg\u00eancia e emerg\u00eancia 24 horas para c\u00e3es e gatos errantes ou v\u00edtimas de maus-tratos. A iniciativa atende a uma demanda antiga da popula\u00e7\u00e3o e refor\u00e7a o compromisso do munic\u00edpio com a causa animal.<\/p>\n<div class=\"xvwqbu xvwqbu-post-inline xvwqbu-float-center xvwqbu-align-center xvwqbu-column-1 xvwqbu-clearfix no-bg-box-model\">\n<div id=\"xvwqbu-40657-36755504\" class=\"xvwqbu-container xvwqbu-type-image\" itemscope=\"\" itemtype=\"https:\/\/schema.org\/WPAdBlock\" data-adid=\"40657\" data-type=\"image\"><a itemprop=\"url\" class=\"xvwqbu-link\" href=\"https:\/\/www.instagram.com\/nossafeiranf?utm_source=ig_web_button_share_sheet&amp;igsh=ZDNlZDc0MzIxNw==\" target=\"_blank\" rel=\"nofollow\"><img loading=\"lazy\" decoding=\"async\" data-lazyloaded=\"1\" width=\"1230\" height=\"300\" class=\"xvwqbu-image\" src=\"https:\/\/www.serranewsrj.com.br\/wp-content\/uploads\/2025\/08\/SerraNews1230x300px-ezgif.com-png-to-webp-converter.webp\" alt=\"Teia de Eventos \u2013 Nossa Feira \u2013 1230 x 300 pxl\"\/><\/a><\/div>\n<\/div>\n<p style=\"text-align: justify;\" data-start=\"479\" data-end=\"744\">A empresa respons\u00e1vel pelo servi\u00e7o \u00e9 a Cl\u00ednica Veterin\u00e1ria Bom Pastor, que possui experi\u00eancia consolidada em Araruama, na Regi\u00e3o dos Lagos, e agora atua em Nova Friburgo, com sede na Avenida Conselheiro Julius Arp, 241, pr\u00f3ximo \u00e0 entrada da Rua S\u00e3o Paulo.<\/p>\n<p style=\"text-align: justify;\" data-start=\"746\" data-end=\"1029\">O atendimento \u00e9 voltado para c\u00e3es e gatos de pequeno, m\u00e9dio e grande porte, de ambos os sexos, resgatados em vias e \u00e1reas p\u00fablicas municipais ou retirados de situa\u00e7\u00f5es de risco pelas autoridades. O servi\u00e7o inclui animais v\u00edtimas de maus-tratos, atropelamentos e outras emerg\u00eancias.<\/p>\n<p style=\"text-align: justify;\" data-start=\"1031\" data-end=\"1330\">A estrutura oferecida contempla cirurgias, exames cl\u00ednicos, laboratoriais e radiol\u00f3gicos, al\u00e9m de testes r\u00e1pidos para detec\u00e7\u00e3o de doen\u00e7as. Tamb\u00e9m est\u00e3o inclu\u00eddos todos os materiais, insumos, medicamentos, interna\u00e7\u00e3o e, quando necess\u00e1rio, alimenta\u00e7\u00e3o durante o per\u00edodo de recupera\u00e7\u00e3o do animal.<\/p>\n<div class=\"xvwqbu xvwqbu-post-inline xvwqbu-float-center xvwqbu-align-center xvwqbu-column-1 xvwqbu-clearfix no-bg-box-model\">\n<div id=\"xvwqbu-49250-679988850\" class=\"xvwqbu-container xvwqbu-type-image\" itemscope=\"\" itemtype=\"https:\/\/schema.org\/WPAdBlock\" data-adid=\"49250\" data-type=\"image\"><a itemprop=\"url\" class=\"xvwqbu-link\" href=\"https:\/\/www.evosolar.com.br\/simuladorsolarrj\" target=\"_blank\" rel=\"nofollow\"><img loading=\"lazy\" decoding=\"async\" data-lazyloaded=\"1\" width=\"2560\" height=\"520\" class=\"xvwqbu-image\" src=\"https:\/\/www.serranewsrj.com.br\/wp-content\/uploads\/2025\/05\/BannerdositedaSerraNews1230x250px-ezgif.com-png-to-webp-converter-1-scaled.webp\" alt=\"Evosolar (Maio) WebP \u2013 1230 x 250 px\"\/><\/a><\/div>\n<\/div>\n<p style=\"text-align: justify;\" data-start=\"1031\" data-end=\"1330\">Segundo o prefeito Johnny Maycon, essa iniciativa torna Nova Friburgo uma das primeiras cidades do Brasil a oferecer esse tipo de servi\u00e7o p\u00fablico. \u201cSeguimos avan\u00e7ando para que Nova Friburgo seja sempre um lugar onde a vida, em todas as suas formas, seja respeitada e cuidada com amor\u201d, afirmou o prefeito.<\/p>\n<p style=\"text-align: justify;\" data-start=\"1332\" data-end=\"1591\">Para o resgate de animais acidentados, o acionamento deve ser feito diretamente com a Sebea. No entanto, tamb\u00e9m \u00e9 poss\u00edvel solicitar apoio ao Corpo de Bombeiros pelo telefone 193, que funciona 24 horas, inclusive aos finais de semana e feriados.<\/p>\n<div class=\"xvwqbu xvwqbu-post-inline xvwqbu-float-center xvwqbu-align-center xvwqbu-column-1 xvwqbu-clearfix no-bg-box-model\">\n<div id=\"xvwqbu-54184-1271113806\" class=\"xvwqbu-container xvwqbu-type-image\" itemscope=\"\" itemtype=\"https:\/\/schema.org\/WPAdBlock\" data-adid=\"54184\" data-type=\"image\"><a itemprop=\"url\" class=\"xvwqbu-link\" href=\"https:\/\/www.frionline.com.br\/\" target=\"_blank\" rel=\"nofollow\"><img loading=\"lazy\" decoding=\"async\" data-lazyloaded=\"1\" width=\"1200\" height=\"244\" class=\"xvwqbu-image\" src=\"https:\/\/www.serranewsrj.com.br\/wp-content\/uploads\/2025\/05\/banner1230x250homepage-ezgif.com-video-to-gif-converter-1.gif\" alt=\"FriOnline 1230\u00d7250 pixels WebP \u2013 Home Page\"\/><\/a><\/div>\n<\/div>\n<h4 style=\"text-align: justify;\" data-start=\"1593\" data-end=\"1626\">Canais de contato da Sebea:<\/h4>\n<ul style=\"text-align: justify;\" data-start=\"1627\" data-end=\"1824\">\n<li data-start=\"1627\" data-end=\"1674\">\n<p data-start=\"1629\" data-end=\"1674\">WhatsApp Ouvidoria PMNF: (22) 2525-9244<\/p>\n<\/li>\n<li data-start=\"1675\" data-end=\"1708\">\n<p data-start=\"1677\" data-end=\"1708\">E-mail: <a class=\"decorated-link cursor-pointer\" rel=\"noopener\" data-start=\"1689\" data-end=\"1706\">sebeanf@gmail.com<\/a><\/p>\n<\/li>\n<li data-start=\"1709\" data-end=\"1774\">\n<p data-start=\"1711\" data-end=\"1774\">Endere\u00e7o: Av. Alberto Braune, 224 \u2013 Centro, Nova Friburgo<\/p>\n<\/li>\n<li data-start=\"1775\" data-end=\"1824\">\n<p data-start=\"1777\" data-end=\"1824\">Telefone para mais informa\u00e7\u00f5es: (22) 2525-9111<\/p>\n<\/li>\n<\/ul>\n<blockquote class=\"wp-embedded-content\" data-secret=\"pu7nWrjxlJ\"><p><a href=\"https:\/\/www.serranewsrj.com.br\/2025\/08\/servidores-da-defesa-civil-de-cordeiro-sao-presos-por-envenenar-animais-de-rua.html\">Servidores da Defesa Civil de Cordeiro s\u00e3o presos por envenenar animais de rua<\/a><\/p>\n<\/blockquote>\n<p><iframe loading=\"lazy\" data-lazyloaded=\"1\" src=\"https:\/\/www.serranewsrj.com.br\/2025\/09\/about:blank\" class=\"wp-embedded-content\" sandbox=\"allow-scripts\" security=\"restricted\" style=\"position: absolute; visibility: hidden;\" title=\"\u201cServidores da Defesa Civil de Cordeiro s\u00e3o presos por envenenar animais de rua\u201d \u2014 Serra News | O portal de not\u00edcias da Regi\u00e3o Serrana do Rio de Janeiro\" data-litespeed-src=\"https:\/\/www.serranewsrj.com.br\/2025\/08\/servidores-da-defesa-civil-de-cordeiro-sao-presos-por-envenenar-animais-de-rua.html\/embed#?secret=u8RsV9eLPS#?secret=pu7nWrjxlJ\" data-secret=\"pu7nWrjxlJ\" width=\"600\" height=\"338\" frameborder=\"0\" marginwidth=\"0\" marginheight=\"0\" scrolling=\"no\"><\/iframe><\/p>\n<\/div>\n<p><script async src=\"\/\/www.instagram.com\/embed.js\"><\/script><br \/>\n<br \/><\/a><\/p>\n<p>Fonte: www.serranewsrj.com.br<\/p>\n","protected":false},"excerpt":{"rendered":"<p>A Prefeitura de Nova Friburgo, por meio da Secretaria de Bem-Estar e Prote\u00e7\u00e3o Animal (Sebea), iniciou na segunda-feira (8\/9) o servi\u00e7o de atendimento m\u00e9dico-veterin\u00e1rio de urg\u00eancia e emerg\u00eancia 24 horas para c\u00e3es e gatos errantes ou v\u00edtimas de maus-tratos. A iniciativa atende a uma demanda antiga da popula\u00e7\u00e3o e refor\u00e7a o compromisso do munic\u00edpio com [&hellip;]<\/p>\n","protected":false},"author":3,"featured_media":3882,"comment_status":"open","ping_status":"open","sticky":false,"template":"","format":"standard","meta":{"advanced_seo_description":"","jetpack_seo_html_title":"","jetpack_seo_noindex":false,"fifu_image_url":"https:\/\/www.serranewsrj.com.br\/wp-content\/uploads\/2025\/09\/animal-friburgo.jpg","fifu_image_alt":"","_jetpack_memberships_contains_paid_content":false,"footnotes":"","jetpack_publicize_message":"","jetpack_publicize_feature_enabled":true,"jetpack_social_post_already_shared":true,"jetpack_social_options":{"image_generator_settings":{"template":"highway","default_image_id":0,"font":"","enabled":false},"version":2}},"categories":[104,1],"tags":[],"class_list":{"0":"post-3881","1":"post","2":"type-post","3":"status-publish","4":"format-standard","5":"has-post-thumbnail","7":"category-cidade","8":"category-uncategorized"},"jetpack_publicize_connections":[],"jetpack_featured_media_url":"https:\/\/i0.wp.com\/www.serranewsrj.com.br\/wp-content\/uploads\/2025\/09\/animal-friburgo.jpg?fit=%2C&ssl=1","jetpack_sharing_enabled":true,"jetpack-related-posts":[],"_links":{"self":[{"href":"https:\/\/friburgonoticias.com.br\/temp\/wp-json\/wp\/v2\/posts\/3881","targetHints":{"allow":["GET"]}}],"collection":[{"href":"https:\/\/friburgonoticias.com.br\/temp\/wp-json\/wp\/v2\/posts"}],"about":[{"href":"https:\/\/friburgonoticias.com.br\/temp\/wp-json\/wp\/v2\/types\/post"}],"author":[{"embeddable":true,"href":"https:\/\/friburgonoticias.com.br\/temp\/wp-json\/wp\/v2\/users\/3"}],"replies":[{"embeddable":true,"href":"https:\/\/friburgonoticias.com.br\/temp\/wp-json\/wp\/v2\/comments?post=3881"}],"version-history":[{"count":0,"href":"https:\/\/friburgonoticias.com.br\/temp\/wp-json\/wp\/v2\/posts\/3881\/revisions"}],"wp:featuredmedia":[{"embeddable":true,"href":"https:\/\/friburgonoticias.com.br\/temp\/wp-json\/wp\/v2\/media\/3882"}],"wp:attachment":[{"href":"https:\/\/friburgonoticias.com.br\/temp\/wp-json\/wp\/v2\/media?parent=3881"}],"wp:term":[{"taxonomy":"category","embeddable":true,"href":"https:\/\/friburgonoticias.com.br\/temp\/wp-json\/wp\/v2\/categories?post=3881"},{"taxonomy":"post_tag","embeddable":true,"href":"https:\/\/friburgonoticias.com.br\/temp\/wp-json\/wp\/v2\/tags?post=3881"}],"curies":[{"name":"wp","href":"https:\/\/api.w.org\/{rel}","templated":true}]}}