{"id":3967,"date":"2025-09-10T20:59:29","date_gmt":"2025-09-10T20:59:29","guid":{"rendered":"https:\/\/friburgonoticias.com.br\/temp\/2025\/09\/10\/hacker-diz-que-carla-zambelli-mandou-invadir-sistema-do-cnj-para-provar-que-era-violavel-noticias\/"},"modified":"2025-09-10T20:59:29","modified_gmt":"2025-09-10T20:59:29","slug":"hacker-diz-que-carla-zambelli-mandou-invadir-sistema-do-cnj-para-provar-que-era-violavel-noticias","status":"publish","type":"post","link":"https:\/\/friburgonoticias.com.br\/temp\/2025\/09\/10\/hacker-diz-que-carla-zambelli-mandou-invadir-sistema-do-cnj-para-provar-que-era-violavel-noticias\/","title":{"rendered":"Hacker diz que Carla Zambelli mandou invadir sistema do CNJ para provar que era viol\u00e1vel &#8211; Not\u00edcias"},"content":{"rendered":"<p><\/p>\n<div>\n<p class=\"g-artigo__data-hora\">\n                      10\/09\/2025 &#8211; 17:30 \u00a0\n                    <\/p>\n<div id=\"image-container-1198927\" class=\"image-container\" style=\"float: none; margin: 45px 0px; width: 100%;\" data-midia=\"1198927\">\n        <em>Bruno Spada\/C\u00e2mara dos Deputados<\/em><\/p>\n<p>        Zambelli, que est\u00e1 presa na It\u00e1lia, participou virtualmente da reuni\u00e3o\n        <\/p><\/div>\n<p>        O hacker Walter Delgatti Neto reafirmou nesta quarta-feira (10) aos integrantes da\u00a0 Comiss\u00e3o de Constitui\u00e7\u00e3o e Justi\u00e7a e de Cidadania (CCJ) da C\u00e2mara dos Deputados que a deputada licenciada Carla Zambelli (PL-SP) ordenou a invas\u00e3o do sistema do Conselho Nacional de Justi\u00e7a (CNJ) e tamb\u00e9m pediu que ele inserisse um mandado de pris\u00e3o do ministro do Supremo Tribunal Federal (STF) Alexandre de Moraes.<br \/>\n        Delgatti, que est\u00e1 preso por esse crime em S\u00e3o Paulo, dep\u00f4s de forma virtual. Ele trocou acusa\u00e7\u00f5es com Zambelli, que est\u00e1 presa na It\u00e1lia e tamb\u00e9m participou virtualmente da reuni\u00e3o. A parlamentar foi condenada a dez anos de pris\u00e3o por esse crime e aguarda o julgamento de processo de extradi\u00e7\u00e3o para o Brasil.<br \/>\n        Zambelli tamb\u00e9m foi condenada pelo STF \u00e0 perda do mandato parlamentar, e o processo est\u00e1 em an\u00e1lise na CCJ (Representa\u00e7\u00e3o 2\/25), antes de seguir para o Plen\u00e1rio da C\u00e2mara.<br \/>\n        <strong>Sistema eleitoral<br \/><\/strong>Em resposta ao relator do caso, deputado Diego Garcia (Republicanos-PR), Walter Delgatti disse que conheceu Carla Zambelli em 2022 e que ela o contratou para comprovar que o sistema do CNJ era viol\u00e1vel e, assim, desacreditar a seguran\u00e7a do sistema de justi\u00e7a e eleitoral no Brasil.<br \/>\n        \u201cEla [Zambelli] me disse assim: \u2018Se voc\u00ea for pego ou processado, pode falar que quem mandou fui eu. Voc\u00ea pode falar, que eu assumo isso\u2019\u201d, declarou Delgatti. \u201cAssim que eu consegui invadir o CNJ, ela pediu que eu fizesse um despacho e uma ordem de pris\u00e3o do ministro Alexandre de Moraes.\u201d<br \/>\n        Delgatti disse ter recebido apoio financeiro da deputada e a promessa de um emprego. Ele afirmou ter se arrependido do ato quando a promessa n\u00e3o foi cumprida.<br \/>\n        Segundo Carla Zambelli, Walter Delgatti \u00e9 mitoman\u00edaco, tem compuls\u00e3o por mentir e alterou sua vers\u00e3o dos fatos diversas vezes. Ela reclamou, por exemplo, de sua condena\u00e7\u00e3o em raz\u00e3o de mandados de soltura que teriam sido inseridos no sistema pelo hacker. A inser\u00e7\u00e3o, segundo Delgatti, teria sido feita por um rob\u00f4.<br \/>\n        \u201cO senhor me fez correspons\u00e1vel. Eu respondo por 16 mandados: um mandado de pris\u00e3o do Alexandre de Moraes e por mais 15 mandados de soltura de criminosos do PCC, do Comando Vermelho, de traficantes de drogas, de assassinos e de estupradores. \u00c9 por isso que fui condenada a dez anos de pris\u00e3o\u201d, reclamou Zambelli.<\/p>\n<div id=\"image-container-1198930\" class=\"image-container\" style=\"float: none; margin: 45px 0px; width: 100%;\" data-midia=\"1198930\">\n        <em>Vinicius Loures\/C\u00e2mara dos Deputados<\/em><\/p>\n<p>        Walter Delgatti: objetivo era desacreditar sistema eleitoral\n        <\/p><\/div>\n<p>        A parlamentar tamb\u00e9m desmentiu a informa\u00e7\u00e3o de que Walter Delgatti teria ficado de 15 a 20 dias em sua casa. \u201cVoc\u00ea diz que ficou 15 dias na minha casa. Voc\u00ea passou algumas horas l\u00e1. Nesse processo, ou a pessoa acredita no Walter ou na Carla\u201d, apontou a parlamentar. Delgatti rebateu dizendo que imagens registradas por c\u00e2meras do local poderiam ser revisadas.<br \/>\n        O hacker negou qualquer mentira, mas admitiu que possa ter feito alguma confus\u00e3o no que diz respeito a datas, especialmente por tamb\u00e9m estar preso.<br \/>\n        <strong>Perito<br \/><\/strong>Em outro depoimento, tamb\u00e9m nesta quarta, o assistente t\u00e9cnico na defesa de Carla Zambelli, Michel Spiero, informou que n\u00e3o existiam documentos de autoria intelectual da parlamentar no caso, nenhuma mensagem com pedido de pris\u00e3o. \u201cDelgatti disse que a deputada passou um texto, que ele corrigiu esse texto e inseriu no dispositivo do CNJ. Nos dispositivos da deputada, n\u00e3o encontramos nenhum texto anterior ao documento oficial que foi inserido\u201d, afirmou.<br \/>\n        Na avalia\u00e7\u00e3o de Spiero, a investiga\u00e7\u00e3o n\u00e3o levou em conta a aus\u00eancia de provas com rela\u00e7\u00e3o ao comando para Walter Delgatti. \u201cForam considerados outros elementos, como o hist\u00f3rico dela no Twitter [atual X].\u201d<br \/>\n        <strong>Processo \u00fanico<br \/><\/strong>O presidente da CCJ, deputado Paulo Azi (Uni\u00e3o-BA), destacou que a comiss\u00e3o est\u00e1 diante de um processo \u00fanico. O colegiado avalia pela primeira vez a perda de um mandato parlamentar \u201cem circunst\u00e2ncias totalmente imprevis\u00edveis\u201d, dada a condena\u00e7\u00e3o <span id=\"4142\" class=\"termoGlossario\" title=\"Express\u00e3o usada para uma decis\u00e3o (senten\u00e7a ou ac\u00f3rd\u00e3o) da qual n\u00e3o se pode mais recorrer, seja porque j\u00e1 passou por todos os recursos poss\u00edveis, seja porque o prazo para recorrer terminou. \" contenteditable=\"false\" data-toggle=\"tooltip\" data-placement=\"top\">transitada em julgado<\/span> e o fato de Carla Zambelli estar detida fora do pa\u00eds.<br \/>\n        O l\u00edder do PL, deputado S\u00f3stenes Cavalcante (RJ), defendeu Carla Zambelli, declarando que &#8220;uma mulher n\u00e3o pode ser cassada por uma pessoa desqualificada que se contradiz em tudo o que fala&#8221;. \u201cVamos lutar pelo seu mandato at\u00e9 o \u00faltimo momento. N\u00e3o vamos nos curvar a ditadores da toga ou a falsos hackers. Hacker que \u00e9 hacker n\u00e3o deixa rastro. Esse dito cujo aqui deixa rastro porque ele quer\u201d, afirmou.<br \/>\n        A deputada Fernanda Melchionna (Psol-RS) criticou o processo e apontou uma &#8220;tentativa de abuso de prerrogativa de Carla Zambelli para buscar a impunidade&#8221;. Melchionna observou que a CCJ n\u00e3o est\u00e1 julgando o processo criminal novamente, mas sim a cassa\u00e7\u00e3o do mandato a partir da condena\u00e7\u00e3o j\u00e1 transitada em julgado. Ela expressou desconforto com o m\u00e9todo da reuni\u00e3o, descrevendo-o como uma &#8220;lava\u00e7\u00e3o de roupa suja&#8221; e uma &#8220;narrativa para justificar a n\u00e3o cassa\u00e7\u00e3o&#8221;.<\/p>\n<p style=\"font-size: 0.8rem; font-weight: 700;\">Reportagem \u2013 No\u00e9li Nobre<br \/>Edi\u00e7\u00e3o \u2013 Ge\u00f3rgia Moraes<\/p>\n<\/p><\/div>\n<p><\/a><\/p>\n<p>Fonte: www.camara.leg.br<\/p>\n","protected":false},"excerpt":{"rendered":"<p>10\/09\/2025 &#8211; 17:30 \u00a0 Bruno Spada\/C\u00e2mara dos Deputados Zambelli, que est\u00e1 presa na It\u00e1lia, participou virtualmente da reuni\u00e3o O hacker Walter Delgatti Neto reafirmou nesta quarta-feira (10) aos integrantes da\u00a0 Comiss\u00e3o de Constitui\u00e7\u00e3o e Justi\u00e7a e de Cidadania (CCJ) da C\u00e2mara dos Deputados que a deputada licenciada Carla Zambelli (PL-SP) ordenou a invas\u00e3o do sistema [&hellip;]<\/p>\n","protected":false},"author":3,"featured_media":3968,"comment_status":"open","ping_status":"open","sticky":false,"template":"","format":"standard","meta":{"advanced_seo_description":"","jetpack_seo_html_title":"","jetpack_seo_noindex":false,"fifu_image_url":"https:\/\/www.camara.leg.br\/midias\/image\/2025\/09\/img20250910131639804-768x473.jpg","fifu_image_alt":"","_jetpack_memberships_contains_paid_content":false,"footnotes":"","jetpack_publicize_message":"","jetpack_publicize_feature_enabled":true,"jetpack_social_post_already_shared":true,"jetpack_social_options":{"image_generator_settings":{"template":"highway","default_image_id":0,"font":"","enabled":false},"version":2}},"categories":[107],"tags":[],"class_list":{"0":"post-3967","1":"post","2":"type-post","3":"status-publish","4":"format-standard","5":"has-post-thumbnail","7":"category-economia"},"jetpack_publicize_connections":[],"jetpack_featured_media_url":"https:\/\/i0.wp.com\/www.camara.leg.br\/midias\/image\/2025\/09\/img20250910131639804-768x473.jpg?fit=%2C&ssl=1","jetpack_sharing_enabled":true,"jetpack-related-posts":[],"_links":{"self":[{"href":"https:\/\/friburgonoticias.com.br\/temp\/wp-json\/wp\/v2\/posts\/3967","targetHints":{"allow":["GET"]}}],"collection":[{"href":"https:\/\/friburgonoticias.com.br\/temp\/wp-json\/wp\/v2\/posts"}],"about":[{"href":"https:\/\/friburgonoticias.com.br\/temp\/wp-json\/wp\/v2\/types\/post"}],"author":[{"embeddable":true,"href":"https:\/\/friburgonoticias.com.br\/temp\/wp-json\/wp\/v2\/users\/3"}],"replies":[{"embeddable":true,"href":"https:\/\/friburgonoticias.com.br\/temp\/wp-json\/wp\/v2\/comments?post=3967"}],"version-history":[{"count":0,"href":"https:\/\/friburgonoticias.com.br\/temp\/wp-json\/wp\/v2\/posts\/3967\/revisions"}],"wp:featuredmedia":[{"embeddable":true,"href":"https:\/\/friburgonoticias.com.br\/temp\/wp-json\/wp\/v2\/media\/3968"}],"wp:attachment":[{"href":"https:\/\/friburgonoticias.com.br\/temp\/wp-json\/wp\/v2\/media?parent=3967"}],"wp:term":[{"taxonomy":"category","embeddable":true,"href":"https:\/\/friburgonoticias.com.br\/temp\/wp-json\/wp\/v2\/categories?post=3967"},{"taxonomy":"post_tag","embeddable":true,"href":"https:\/\/friburgonoticias.com.br\/temp\/wp-json\/wp\/v2\/tags?post=3967"}],"curies":[{"name":"wp","href":"https:\/\/api.w.org\/{rel}","templated":true}]}}