{"id":3987,"date":"2025-09-11T12:41:34","date_gmt":"2025-09-11T12:41:34","guid":{"rendered":"https:\/\/friburgonoticias.com.br\/temp\/2025\/09\/11\/audiencia-publica-na-alerj-vai-debater-remocoes-em-arraial-do-cabo\/"},"modified":"2025-09-11T12:41:34","modified_gmt":"2025-09-11T12:41:34","slug":"audiencia-publica-na-alerj-vai-debater-remocoes-em-arraial-do-cabo","status":"publish","type":"post","link":"https:\/\/friburgonoticias.com.br\/temp\/2025\/09\/11\/audiencia-publica-na-alerj-vai-debater-remocoes-em-arraial-do-cabo\/","title":{"rendered":"Audi\u00eancia p\u00fablica na Alerj vai debater remo\u00e7\u00f5es em Arraial do Cabo"},"content":{"rendered":"<p><\/p>\n<div itemprop=\"articleBody\">\nA <a href=\"https:\/\/www.alerj.rj.gov.br\/Visualizar\/Noticia\/78712\" target=\"_blank\" rel=\"noopener\">Comiss\u00e3o de Legisla\u00e7\u00e3o Participativa da Assembleia Legislativa (Alerj)<\/a> realiza, a partir das 14h desta quinta-feira (11), uma audi\u00eancia p\u00fablica para discutir remo\u00e7\u00f5es em <a href=\"https:\/\/temporealrj.com\/filhote-de-baleia-jubarte-e-resgatado-com-vida-depois-de-encalhar-em-arraial-do-cabo\/\">Arraial do Cabo, na Regi\u00e3o dos Lagos<\/a>. O encontro tem como objetivo debater a press\u00e3o sobre moradores das localidades de Sabi\u00e1 e Cai\u00e7ara, que vivem na regi\u00e3o h\u00e1 cerca de 30 anos, para deixarem suas casas devido \u00e0 constru\u00e7\u00e3o de um resort.<\/p>\n<p>Foram convidados para a audi\u00eancia o secret\u00e1rio estadual de Ambiente e Sustentabilidade, Bernardo Rossi; o secret\u00e1rio estadual de Habita\u00e7\u00e3o, Bruno Dauaire; a Procuradoria Geral do Estado do Rio; os Minist\u00e9rios P\u00fablicos estadual e federal; e a Comiss\u00e3o de Conflitos do Tribunal de Justi\u00e7a do Rio.<\/p>\n<p>Al\u00e9m deles, tamb\u00e9m foram chamados o Instituto de Terras e Cartografia do Estado (Iterj); as secretarias municipais de Ambiente e Saneamento, e de Desenvolvimento de Arraial do Cabo; e a Associa\u00e7\u00e3o de Moradores do Cai\u00e7ara e Sabi\u00e1.<\/p>\n<p>O deputado Marcelo Dino (Uni\u00e3o Brasil), um dos respons\u00e1veis pela iniciativa, destacou a import\u00e2ncia da audi\u00eancia, lembrando que Arraial do Cabo\u00a0tem uma popula\u00e7\u00e3o de mais de 30 mil habitantes formada por pescadores artesanais e moradores locais que ajudam a fomentar o turismo balne\u00e1rio.<\/p>\n<p>\u201cS\u00e3o pessoas humildes que vivem h\u00e1 30 anos nesse local. Muitos s\u00e3o PCDs, autistas ou acamados, e foram intimados a sair. Essas pessoas n\u00e3o podem ser responsabilizadas pela omiss\u00e3o da prefeitura, que permitiu a constru\u00e7\u00e3o em \u00c1rea de Prote\u00e7\u00e3o Ambiental. S\u00e3o cidad\u00e3os que deram tudo de si para ter um canto pr\u00f3prio e agora ter\u00e3o que abandonar seus lares porque ser\u00e1 constru\u00eddo um resort no local\u201d, explicou Dino.<\/p>\n<p>De acordo com o deputado Yuri Moura (PSOL), presidente da Comiss\u00e3o de Legisla\u00e7\u00e3o Participativa, a audi\u00eancia ser\u00e1 um espa\u00e7o para garantir o direito \u00e0 moradia.<\/p>\n<p>\u201cAs fam\u00edlias do Cai\u00e7ara e do Sabi\u00e1 lutam por moradia digna. O lucro n\u00e3o pode valer mais que a vida. Esse sistema privilegia resorts e explora\u00e7\u00e3o mineral, mas ignora quem, com trabalho e suor, construiu seu lar\u201d, defende o parlamentar.\n<\/p><\/div>\n<p><\/a><\/p>\n<p>Fonte: temporealrj.com<\/p>\n","protected":false},"excerpt":{"rendered":"<p>A Comiss\u00e3o de Legisla\u00e7\u00e3o Participativa da Assembleia Legislativa (Alerj) realiza, a partir das 14h desta quinta-feira (11), uma audi\u00eancia p\u00fablica para discutir remo\u00e7\u00f5es em Arraial do Cabo, na Regi\u00e3o dos Lagos. O encontro tem como objetivo debater a press\u00e3o sobre moradores das localidades de Sabi\u00e1 e Cai\u00e7ara, que vivem na regi\u00e3o h\u00e1 cerca de 30 [&hellip;]<\/p>\n","protected":false},"author":3,"featured_media":3988,"comment_status":"open","ping_status":"open","sticky":false,"template":"","format":"standard","meta":{"advanced_seo_description":"","jetpack_seo_html_title":"","jetpack_seo_noindex":false,"fifu_image_url":"https:\/\/temporealrj.com\/wp-content\/uploads\/2025\/09\/Cidade_de_Arraial_do_Cabo-e1757591911680.jpg","fifu_image_alt":"","_jetpack_memberships_contains_paid_content":false,"footnotes":"","jetpack_publicize_message":"","jetpack_publicize_feature_enabled":true,"jetpack_social_post_already_shared":true,"jetpack_social_options":{"image_generator_settings":{"template":"highway","default_image_id":0,"font":"","enabled":false},"version":2}},"categories":[107],"tags":[],"class_list":{"0":"post-3987","1":"post","2":"type-post","3":"status-publish","4":"format-standard","5":"has-post-thumbnail","7":"category-economia"},"jetpack_publicize_connections":[],"jetpack_featured_media_url":"https:\/\/i0.wp.com\/temporealrj.com\/wp-content\/uploads\/2025\/09\/Cidade_de_Arraial_do_Cabo-e1757591911680.jpg?fit=%2C&ssl=1","jetpack_sharing_enabled":true,"jetpack-related-posts":[],"_links":{"self":[{"href":"https:\/\/friburgonoticias.com.br\/temp\/wp-json\/wp\/v2\/posts\/3987","targetHints":{"allow":["GET"]}}],"collection":[{"href":"https:\/\/friburgonoticias.com.br\/temp\/wp-json\/wp\/v2\/posts"}],"about":[{"href":"https:\/\/friburgonoticias.com.br\/temp\/wp-json\/wp\/v2\/types\/post"}],"author":[{"embeddable":true,"href":"https:\/\/friburgonoticias.com.br\/temp\/wp-json\/wp\/v2\/users\/3"}],"replies":[{"embeddable":true,"href":"https:\/\/friburgonoticias.com.br\/temp\/wp-json\/wp\/v2\/comments?post=3987"}],"version-history":[{"count":0,"href":"https:\/\/friburgonoticias.com.br\/temp\/wp-json\/wp\/v2\/posts\/3987\/revisions"}],"wp:featuredmedia":[{"embeddable":true,"href":"https:\/\/friburgonoticias.com.br\/temp\/wp-json\/wp\/v2\/media\/3988"}],"wp:attachment":[{"href":"https:\/\/friburgonoticias.com.br\/temp\/wp-json\/wp\/v2\/media?parent=3987"}],"wp:term":[{"taxonomy":"category","embeddable":true,"href":"https:\/\/friburgonoticias.com.br\/temp\/wp-json\/wp\/v2\/categories?post=3987"},{"taxonomy":"post_tag","embeddable":true,"href":"https:\/\/friburgonoticias.com.br\/temp\/wp-json\/wp\/v2\/tags?post=3987"}],"curies":[{"name":"wp","href":"https:\/\/api.w.org\/{rel}","templated":true}]}}