{"id":3999,"date":"2025-09-11T14:44:49","date_gmt":"2025-09-11T14:44:49","guid":{"rendered":"https:\/\/friburgonoticias.com.br\/temp\/2025\/09\/11\/castro-e-bacellar-assinam-em-momentos-diferentes-o-acordo-que-preve-a-convocacao-dos-concursados-da-seguranca-de-2014\/"},"modified":"2025-09-11T14:44:49","modified_gmt":"2025-09-11T14:44:49","slug":"castro-e-bacellar-assinam-em-momentos-diferentes-o-acordo-que-preve-a-convocacao-dos-concursados-da-seguranca-de-2014","status":"publish","type":"post","link":"https:\/\/friburgonoticias.com.br\/temp\/2025\/09\/11\/castro-e-bacellar-assinam-em-momentos-diferentes-o-acordo-que-preve-a-convocacao-dos-concursados-da-seguranca-de-2014\/","title":{"rendered":"Castro e Bacellar assinam (em momentos diferentes) o acordo que prev\u00ea a convoca\u00e7\u00e3o dos concursados da seguran\u00e7a de 2014"},"content":{"rendered":"<p><\/p>\n<div itemprop=\"articleBody\">\nO presidente da Assembleia Legislativa (Alerj), Rodrigo Bacellar (Uni\u00e3o), e o governador Cl\u00e1udio Castro (PL) far\u00e3o um revezamento, nesta quinta-feira (11), para finalmente assinar o <a href=\"https:\/\/temporealrj.com\/bacellar-anuncia-que-acordo-para-chamar-concursados-sera-assinado-dia-10\/\">acordo que prev\u00ea o chamamento de concursados da \u00e1rea de seguran\u00e7a de 2014<\/a>. A medida \u00e9 fruto de um consenso entre a Alerj, o governo estadual e o Minist\u00e9rio P\u00fablico do Rio (MPRJ).<\/p>\n<p>O governador assinou o documento durante a manh\u00e3. <\/p>\n<p>J\u00e1 o presidente da Alerj vai ao MP, por volta das 12h, quando acabar a sess\u00e3o. O quase encontro foi na sede do MP, em meio \u00e0 tens\u00e3o que ainda reina entre Castro e Bacellar. <\/p>\n<h2 class=\"wp-block-heading\">Castro e Bacellar romperam por causa da demiss\u00e3o de Washington Reis<\/h2>\n<p>Os dois, que eram praticamente amigos de inf\u00e2ncia, romperam quando o presidente da Alerj, na condi\u00e7\u00e3o de governador em exerc\u00edcio, <a href=\"https:\/\/temporealrj.com\/governador-em-exercicio-bacellar-cumpre-a-a-ameaca-e-exonera-washington-reis\/\">exonerou o ent\u00e3o secret\u00e1rio de Transportes, Washington Reis (MDB)<\/a>, sem o conhecimento e a autoriza\u00e7\u00e3o do titular. Castro acusou Bacellar de desrespeito. O presidente da Assembleia argumentou que a falta de atitude do governador o obrigou a demitir o secret\u00e1rio.<\/p>\n<p> Desde ent\u00e3o, Castro, que havia anunciado apoio \u00e0 <a href=\"https:\/\/temporealrj.com\/aliados-aconselham-bacellar-a-fazer-uma-campanha-independente-para-o-governo-do-estado-sem-o-nome-atrelado-a-castro\/\">pr\u00e9-candidatura de Bacellar ao governo em 2026<\/a>, recuou, afirmando que a <a href=\"https:\/\/temporealrj.com\/claudio-castro-agora-diz-que-nao-tem-mais-pre-candidato-a-governador-e-que-so-vai-discutir-as-eleicoes-no-ano-que-vem\/\">defini\u00e7\u00e3o se dar\u00e1 apenas no ano que vem<\/a>.<\/p>\n<p><a href=\"https:\/\/temporealrj.com\/bacellar-adia-para-a-semana-que-vem-a-solucao-prometida-aos-aprovados-nos-concursos-da-seguranca-em-2014\/\">O chamamento dos concursados da \u00e1rea de seguran\u00e7a tamb\u00e9m tem se arrastado h\u00e1 meses na Alerj<\/a>, com sucessivos adiamentos e promessas de deputados. Bacellar, garantiu, antes do recesso de julho, que conseguiria o acordo, que contempla cerca de 800 aprovados do concursoda Pol\u00edcia Militar de 2014.\n<\/div>\n<p><\/a><\/p>\n<p>Fonte: temporealrj.com<\/p>\n","protected":false},"excerpt":{"rendered":"<p>O presidente da Assembleia Legislativa (Alerj), Rodrigo Bacellar (Uni\u00e3o), e o governador Cl\u00e1udio Castro (PL) far\u00e3o um revezamento, nesta quinta-feira (11), para finalmente assinar o acordo que prev\u00ea o chamamento de concursados da \u00e1rea de seguran\u00e7a de 2014. A medida \u00e9 fruto de um consenso entre a Alerj, o governo estadual e o Minist\u00e9rio P\u00fablico [&hellip;]<\/p>\n","protected":false},"author":3,"featured_media":4000,"comment_status":"open","ping_status":"open","sticky":false,"template":"","format":"standard","meta":{"advanced_seo_description":"","jetpack_seo_html_title":"","jetpack_seo_noindex":false,"fifu_image_url":"https:\/\/temporealrj.com\/wp-content\/uploads\/2024\/07\/WhatsApp-Image-2024-07-04-at-20.12.33-e1751403390790.jpeg","fifu_image_alt":"","_jetpack_memberships_contains_paid_content":false,"footnotes":"","jetpack_publicize_message":"","jetpack_publicize_feature_enabled":true,"jetpack_social_post_already_shared":true,"jetpack_social_options":{"image_generator_settings":{"template":"highway","default_image_id":0,"font":"","enabled":false},"version":2}},"categories":[106,1],"tags":[],"class_list":{"0":"post-3999","1":"post","2":"type-post","3":"status-publish","4":"format-standard","5":"has-post-thumbnail","7":"category-politica","8":"category-uncategorized"},"jetpack_publicize_connections":[],"jetpack_featured_media_url":"https:\/\/i0.wp.com\/temporealrj.com\/wp-content\/uploads\/2024\/07\/WhatsApp-Image-2024-07-04-at-20.12.33-e1751403390790.jpeg?fit=%2C&ssl=1","jetpack_sharing_enabled":true,"jetpack-related-posts":[],"_links":{"self":[{"href":"https:\/\/friburgonoticias.com.br\/temp\/wp-json\/wp\/v2\/posts\/3999","targetHints":{"allow":["GET"]}}],"collection":[{"href":"https:\/\/friburgonoticias.com.br\/temp\/wp-json\/wp\/v2\/posts"}],"about":[{"href":"https:\/\/friburgonoticias.com.br\/temp\/wp-json\/wp\/v2\/types\/post"}],"author":[{"embeddable":true,"href":"https:\/\/friburgonoticias.com.br\/temp\/wp-json\/wp\/v2\/users\/3"}],"replies":[{"embeddable":true,"href":"https:\/\/friburgonoticias.com.br\/temp\/wp-json\/wp\/v2\/comments?post=3999"}],"version-history":[{"count":0,"href":"https:\/\/friburgonoticias.com.br\/temp\/wp-json\/wp\/v2\/posts\/3999\/revisions"}],"wp:featuredmedia":[{"embeddable":true,"href":"https:\/\/friburgonoticias.com.br\/temp\/wp-json\/wp\/v2\/media\/4000"}],"wp:attachment":[{"href":"https:\/\/friburgonoticias.com.br\/temp\/wp-json\/wp\/v2\/media?parent=3999"}],"wp:term":[{"taxonomy":"category","embeddable":true,"href":"https:\/\/friburgonoticias.com.br\/temp\/wp-json\/wp\/v2\/categories?post=3999"},{"taxonomy":"post_tag","embeddable":true,"href":"https:\/\/friburgonoticias.com.br\/temp\/wp-json\/wp\/v2\/tags?post=3999"}],"curies":[{"name":"wp","href":"https:\/\/api.w.org\/{rel}","templated":true}]}}