{"id":4067,"date":"2025-09-13T04:52:29","date_gmt":"2025-09-13T04:52:29","guid":{"rendered":"https:\/\/friburgonoticias.com.br\/temp\/2025\/09\/13\/condenacao-de-bolsonaro-supera-penas-de-criminosos-famosos\/"},"modified":"2025-09-13T04:52:29","modified_gmt":"2025-09-13T04:52:29","slug":"condenacao-de-bolsonaro-supera-penas-de-criminosos-famosos","status":"publish","type":"post","link":"https:\/\/friburgonoticias.com.br\/temp\/2025\/09\/13\/condenacao-de-bolsonaro-supera-penas-de-criminosos-famosos\/","title":{"rendered":"Condena\u00e7\u00e3o de Bolsonaro supera penas de criminosos famosos"},"content":{"rendered":"<p><\/p>\n<div id=\"hd80s9wa1h892edh8192\">\n        A condena\u00e7\u00e3o de <a href=\"https:\/\/revistaoeste.com\/politica\/parabens-mauro-cid-ironiza-carlos-bolsonaro\/\" target=\"_blank\" rel=\"noreferrer noopener\"><strong>Jair Bolsonaro (PL)<\/strong><\/a> e de outros integrantes do suposto n\u00facleo da hipot\u00e9tica tentativa de golpe \u00e9 motivo de pol\u00eamica. Conforme o jornal <em>Gazeta do Povo<\/em>, opositores \u00e0 esquerda e especialistas do direito observam n\u00e3o apenas o modo de condu\u00e7\u00e3o do processo. No campo na an\u00e1lise entra tamb\u00e9m o tamanho das penas.\u00a0<\/p>\n<p>Segundo a Primeira Turma do <a href=\"https:\/\/revistaoeste.com\/politica\/trump-prepara-artilharia-pesada-em-reacao-ao-stf-diz-eduardo\/\" target=\"_blank\" rel=\"noreferrer noopener\"><strong>Supremo Tribunal Federal (STF)<\/strong><\/a>, Bolsonaro recebeu a maior puni\u00e7\u00e3o. Ter\u00e1 que cumprir 27 anos e 3 meses de pris\u00e3o, al\u00e9m de multa. Diversas correntes pol\u00edticas e jur\u00eddicas, contudo, t\u00eam d\u00favidas sobre a decis\u00e3o e do mesmo modo sobre a proporcionalidade dela. Questionam, por exemplo, se faz sentido a pena quando em compara\u00e7\u00e3o com a realidade de criminosos de grande notoriedade no pa\u00eds.<\/p>\n<h2 class=\"wp-block-heading\" id=\"h-bolsonaro-deve-mais-do-que-o-goleiro-bruno\"><strong>Bolsonaro \u2018deve\u00a0 mais\u2019 do que o goleiro Bruno<\/strong><\/h2>\n<p>Veja abaixo exemplos de condena\u00e7\u00f5es que produziram uma relevante repercuss\u00e3o nacional e que se destacaram pela crueldade de seus autores.<\/p>\n<ul class=\"wp-block-list\">\n<li><strong>Elias Maluco \u2013 28 anos<\/strong><br \/>A Justi\u00e7a condenou o traficante do Comando Vermelho pelo sequestro e assassinato do jornalista Tim Lopes, em 2002. Maluco mandou torturar, golpear com fac\u00e3o e queimar o corpo do jornalismo em meio a pneus, na pr\u00e1tica conhecida como \u201cmicro-ondas\u201d.<\/li>\n<li>M<strong>arcos Pimenta Neves \u2013 19 anos e 2 meses<\/strong><br \/>Ju\u00edzes condenaram o jornalista por homic\u00eddio triplamente qualificado em rela\u00e7\u00e3o ao assassinato da ex-companheira Sandra Gomide, em 2006. O crime chocou o pa\u00eds pelo n\u00edvel de viol\u00eancia: Pimenta disparou duas vezes contra Sandra, sendo o segundo tiro \u00e0 queima-roupa na cabe\u00e7a.<\/li>\n<li><strong>Elize Matsunaga \u2013 16 anos e 3 meses<\/strong><br \/>Em 2012, a mulher matou o ent\u00e3o marido e desmembrou o corpo para ocultar o crime. Inicialmente sob condena\u00e7\u00e3o de 18 anos e 9 meses, o Superior Tribunal de Justi\u00e7a\u00a0 reduziu a pena em 2019.<\/li>\n<li><strong>Celsinho da Vila Vint\u00e9m \u2013 18 anos<\/strong><br \/>Narcotraficante e fundador da fac\u00e7\u00e3o Amigos dos Amigos, com hist\u00f3rico de condena\u00e7\u00f5es por tr\u00e1fico e associa\u00e7\u00e3o ao tr\u00e1fico desde 2008, acumulando anos de pris\u00e3o por reincid\u00eancia em crimes graves.<\/li>\n<li><strong>Mizael Bispo de Souza \u2013 22 anos e 8 meses<\/strong><br \/>Assassino da ex-companheira M\u00e9rcia Nakashima, a pol\u00edcia o prendeu depois de planejar e executar o homic\u00eddio em 2010. A crueldade do crime gerou grande como\u00e7\u00e3o. A pena foi posteriormente aumentada pelo Tribunal de Justi\u00e7a de S\u00e3o Paulo.<\/li>\n<li><strong>Goleiro Bruno \u2013 20 anos e 9 meses<\/strong><br \/>Recebeu condena\u00e7\u00e3o pelo assassinato de Eliza Samudio e pelo desaparecimento de seu corpo. Inicialmente sentenciado a 22 anos e 3 meses, teve a pena reduzida em 2017 devido \u00e0 prescri\u00e7\u00e3o do crime de oculta\u00e7\u00e3o de cad\u00e1ver.<\/li>\n<\/ul>\n<p>Para especialistas, a decis\u00e3o do STF apenas apresenta sustenta\u00e7\u00f5es fr\u00e1geis do ponto de vista processual e incoerente na dosimetria, que demonstra desproporcionalidade sobre crit\u00e9rios relacionados \u00e0 viol\u00eancia f\u00edsica direta, muitas vezes com mortes.<\/p>\n<p>+ <strong>Leia mais not\u00edcias de <\/strong><a href=\"https:\/\/revistaoeste.com\/politica\/\" target=\"_blank\" rel=\"noreferrer noopener\"><strong>Pol\u00edtica<\/strong><\/a><strong> na Oeste<\/strong><\/p><\/div>\n<p><\/a><\/p>\n<p>Fonte: revistaoeste.com<\/p>\n","protected":false},"excerpt":{"rendered":"<p>A condena\u00e7\u00e3o de Jair Bolsonaro (PL) e de outros integrantes do suposto n\u00facleo da hipot\u00e9tica tentativa de golpe \u00e9 motivo de pol\u00eamica. Conforme o jornal Gazeta do Povo, opositores \u00e0 esquerda e especialistas do direito observam n\u00e3o apenas o modo de condu\u00e7\u00e3o do processo. No campo na an\u00e1lise entra tamb\u00e9m o tamanho das penas.\u00a0 Segundo [&hellip;]<\/p>\n","protected":false},"author":3,"featured_media":4068,"comment_status":"open","ping_status":"open","sticky":false,"template":"","format":"standard","meta":{"advanced_seo_description":"","jetpack_seo_html_title":"","jetpack_seo_noindex":false,"fifu_image_url":"https:\/\/medias.revistaoeste.com\/wp-content\/uploads\/2025\/09\/Bolsonaro-25.jpeg","fifu_image_alt":"","_jetpack_memberships_contains_paid_content":false,"footnotes":"","jetpack_publicize_message":"","jetpack_publicize_feature_enabled":true,"jetpack_social_post_already_shared":true,"jetpack_social_options":{"image_generator_settings":{"template":"highway","default_image_id":0,"font":"","enabled":false},"version":2}},"categories":[106,1],"tags":[],"class_list":{"0":"post-4067","1":"post","2":"type-post","3":"status-publish","4":"format-standard","5":"has-post-thumbnail","7":"category-politica","8":"category-uncategorized"},"jetpack_publicize_connections":[],"jetpack_featured_media_url":"https:\/\/i0.wp.com\/medias.revistaoeste.com\/wp-content\/uploads\/2025\/09\/Bolsonaro-25.jpeg?fit=%2C&ssl=1","jetpack_sharing_enabled":true,"jetpack-related-posts":[],"_links":{"self":[{"href":"https:\/\/friburgonoticias.com.br\/temp\/wp-json\/wp\/v2\/posts\/4067","targetHints":{"allow":["GET"]}}],"collection":[{"href":"https:\/\/friburgonoticias.com.br\/temp\/wp-json\/wp\/v2\/posts"}],"about":[{"href":"https:\/\/friburgonoticias.com.br\/temp\/wp-json\/wp\/v2\/types\/post"}],"author":[{"embeddable":true,"href":"https:\/\/friburgonoticias.com.br\/temp\/wp-json\/wp\/v2\/users\/3"}],"replies":[{"embeddable":true,"href":"https:\/\/friburgonoticias.com.br\/temp\/wp-json\/wp\/v2\/comments?post=4067"}],"version-history":[{"count":0,"href":"https:\/\/friburgonoticias.com.br\/temp\/wp-json\/wp\/v2\/posts\/4067\/revisions"}],"wp:featuredmedia":[{"embeddable":true,"href":"https:\/\/friburgonoticias.com.br\/temp\/wp-json\/wp\/v2\/media\/4068"}],"wp:attachment":[{"href":"https:\/\/friburgonoticias.com.br\/temp\/wp-json\/wp\/v2\/media?parent=4067"}],"wp:term":[{"taxonomy":"category","embeddable":true,"href":"https:\/\/friburgonoticias.com.br\/temp\/wp-json\/wp\/v2\/categories?post=4067"},{"taxonomy":"post_tag","embeddable":true,"href":"https:\/\/friburgonoticias.com.br\/temp\/wp-json\/wp\/v2\/tags?post=4067"}],"curies":[{"name":"wp","href":"https:\/\/api.w.org\/{rel}","templated":true}]}}