{"id":4069,"date":"2025-09-13T11:43:51","date_gmt":"2025-09-13T11:43:51","guid":{"rendered":"https:\/\/friburgonoticias.com.br\/temp\/2025\/09\/13\/janja-visita-cooperativa-do-mst-no-rio-grande-do-sul\/"},"modified":"2025-09-13T11:43:51","modified_gmt":"2025-09-13T11:43:51","slug":"janja-visita-cooperativa-do-mst-no-rio-grande-do-sul","status":"publish","type":"post","link":"https:\/\/friburgonoticias.com.br\/temp\/2025\/09\/13\/janja-visita-cooperativa-do-mst-no-rio-grande-do-sul\/","title":{"rendered":"Janja visita cooperativa do MST no Rio Grande do Sul"},"content":{"rendered":"<p><\/p>\n<div id=\"hd80s9wa1h892edh8192\">\n        A primeira-dama <a href=\"https:\/\/revistaoeste.com\/politica\/7-de-setembro-janja-samba-com-margareth-e-faz-iselfie-i-com-ministras-videos\/\" target=\"_blank\" rel=\"noreferrer noopener\"><strong>Janja da Silva<\/strong><\/a> esteve nesta sexta-feira, 12, em uma cooperativa de assentados do <a href=\"https:\/\/revistaoeste.com\/politica\/depois-de-reportagem-de-boeste-b-deputado-denuncia-invasao-do-mst-no-rs\/\" target=\"_blank\" rel=\"noreferrer noopener\"><strong>Movimento dos Trabalhadores Rurais sem Terra (MST)<\/strong><\/a>. A visita ocorreu na regi\u00e3o de Porto Alegre (RS). O movimento \u00e9 alvo recorrente de cr\u00edticas por organizar invas\u00f5es de propriedades privadas em diferentes estados.<\/p>\n<p>Em publica\u00e7\u00e3o nas redes sociais, Janja afirmou que a experi\u00eancia da cooperativa simboliza a \u201cresili\u00eancia\u201d. Ela se referia a fam\u00edlias que retomaram suas atividades depois das graves enchentes no Rio Grande do Sul em 2024. A programa\u00e7\u00e3o incluiu uma roda de conversa com mulheres ligadas ao MST.\u00a0<\/p>\n<h2 class=\"wp-block-heading\" id=\"h-janja-visitas-frequentes-a-invasores-de-terra\"><strong>Janja: visitas frequentes a invasores de terra<\/strong><\/h2>\n<p>Conforme o movimento, a produ\u00e7\u00e3o local abastece feiras regionais. Assim, se insere em oito iniciativas do Programa de Aquisi\u00e7\u00e3o de Alimentos (PAA), do governo federal. Essa pol\u00edtica p\u00fablica tem o objetivo de financiar projetos coordenados pelo grupo.<\/p>\n<p>Depois da ida ao assentamento, a primeira-dama seguiu para a Defensoria P\u00fablica do Estado, onde participou da oficina <em>\u201cVozes dos Biomas \u2013 Pampa\u201d<\/em>. Janja retornou a Bras\u00edlia no fim da tarde. Esta n\u00e3o \u00e9 a primeira vez que a mulher de Lula da Silva se re\u00fane com integrantes do MST.\u00a0<\/p>\n<blockquote class=\"instagram-media\" data-instgrm-captioned=\"\" data-instgrm-permalink=\"https:\/\/www.instagram.com\/p\/DOg3_8Mj7Mo\/?utm_source=ig_embed&amp;utm_campaign=loading\" data-instgrm-version=\"14\" style=\" background:#FFF; border:0; border-radius:3px; box-shadow:0 0 1px 0 rgba(0,0,0,0.5),0 1px 10px 0 rgba(0,0,0,0.15); margin: 1px; max-width:540px; min-width:326px; padding:0; width:99.375%; width:-webkit-calc(100% - 2px); width:calc(100% - 2px);\"\/>\n<p>Em mar\u00e7o de 2023, a petista participou da inaugura\u00e7\u00e3o de uma cozinha comunit\u00e1ria do movimento em Recife (PE). No local, ela destacou principalmente a import\u00e2ncia do trabalho das mulheres em iniciativas de seguran\u00e7a alimentar. No mesmo ano, em agosto, esteve em Araraquara (SP) para conhecer um projeto de agroecologia desenvolvido em assentamentos do MST.<\/p>\n<p>Mais recentemente, em abril de 2024, Janja visitou o acampamento que simboliza, em Bras\u00edlia, o chamado <em>Abril Vermelho<\/em>. Trata-se de um ato em mem\u00f3ria \u00e0s mortes em Eldorado dos Caraj\u00e1s, ocorridas em 1996 no Par\u00e1.\u00a0<\/p>\n<figure class=\"wp-block-embed is-type-video is-provider-youtube wp-block-embed-youtube wp-embed-aspect-16-9 wp-has-aspect-ratio\">\n<div class=\"wp-block-embed__wrapper\">\n<div class=\"perfmatters-lazy-youtube\" data-src=\"https:\/\/www.youtube.com\/embed\/cp1v8A2rYgg\" data-id=\"cp1v8A2rYgg\" data-query=\"feature=oembed\" onclick=\"perfmattersLazyLoadYouTube(this);\">\n<div><img loading=\"lazy\" decoding=\"async\" alt=\"YouTube video\" width=\"480\" height=\"360\" data-pin-nopin=\"true\" nopin=\"nopin\" class=\"perfmatters-lazy\" src=\"https:\/\/i.ytimg.com\/vi\/cp1v8A2rYgg\/hqdefault.jpg\"\/><img loading=\"lazy\" decoding=\"async\" src=\"https:\/\/i.ytimg.com\/vi\/cp1v8A2rYgg\/hqdefault.jpg\" alt=\"YouTube video\" width=\"480\" height=\"360\" data-pin-nopin=\"true\" nopin=\"nopin\"\/><\/div>\n<\/div>\n<p><noscript><iframe loading=\"lazy\" title=\"Ao lado de Margareth Menezes, Janja samba no 7 de Setembro e deixa Lula desconcertado\" width=\"1170\" height=\"658\" src=\"https:\/\/www.youtube.com\/embed\/cp1v8A2rYgg?feature=oembed\" frameborder=\"0\" allow=\"accelerometer; autoplay; clipboard-write; encrypted-media; gyroscope; picture-in-picture; web-share\" referrerpolicy=\"strict-origin-when-cross-origin\" allowfullscreen><\/iframe><\/noscript>\n<\/div>\n<\/figure>\n<p>Com a sequ\u00eancia dessas agendas, Janja refor\u00e7a sua liga\u00e7\u00e3o com pautas defendidas pelo MST, movimento que permanece no centro do debate pol\u00edtico nacional por sua atua\u00e7\u00e3o em invas\u00f5es de terras e sua influ\u00eancia em programas governamentais.<\/p>\n<p>+ <strong>Leia mais not\u00edcias de <\/strong><a href=\"https:\/\/revistaoeste.com\/politica\/\" target=\"_blank\" rel=\"noreferrer noopener\"><strong>Pol\u00edtica<\/strong><\/a><strong> na Oeste<\/strong><\/p><\/div>\n<p><script async src=\"\/\/www.instagram.com\/embed.js\"><\/script><br \/>\n<br \/><\/a><\/p>\n<p>Fonte: revistaoeste.com<\/p>\n","protected":false},"excerpt":{"rendered":"<p>A primeira-dama Janja da Silva esteve nesta sexta-feira, 12, em uma cooperativa de assentados do Movimento dos Trabalhadores Rurais sem Terra (MST). A visita ocorreu na regi\u00e3o de Porto Alegre (RS). O movimento \u00e9 alvo recorrente de cr\u00edticas por organizar invas\u00f5es de propriedades privadas em diferentes estados. Em publica\u00e7\u00e3o nas redes sociais, Janja afirmou que [&hellip;]<\/p>\n","protected":false},"author":3,"featured_media":4070,"comment_status":"open","ping_status":"open","sticky":false,"template":"","format":"standard","meta":{"advanced_seo_description":"","jetpack_seo_html_title":"","jetpack_seo_noindex":false,"fifu_image_url":"https:\/\/medias.revistaoeste.com\/wp-content\/uploads\/2025\/09\/Janja-MST.jpeg","fifu_image_alt":"","_jetpack_memberships_contains_paid_content":false,"footnotes":"","jetpack_publicize_message":"","jetpack_publicize_feature_enabled":true,"jetpack_social_post_already_shared":true,"jetpack_social_options":{"image_generator_settings":{"template":"highway","default_image_id":0,"font":"","enabled":false},"version":2}},"categories":[106,1],"tags":[],"class_list":{"0":"post-4069","1":"post","2":"type-post","3":"status-publish","4":"format-standard","5":"has-post-thumbnail","7":"category-politica","8":"category-uncategorized"},"jetpack_publicize_connections":[],"jetpack_featured_media_url":"https:\/\/i0.wp.com\/medias.revistaoeste.com\/wp-content\/uploads\/2025\/09\/Janja-MST.jpeg?fit=%2C&ssl=1","jetpack_sharing_enabled":true,"jetpack-related-posts":[],"_links":{"self":[{"href":"https:\/\/friburgonoticias.com.br\/temp\/wp-json\/wp\/v2\/posts\/4069","targetHints":{"allow":["GET"]}}],"collection":[{"href":"https:\/\/friburgonoticias.com.br\/temp\/wp-json\/wp\/v2\/posts"}],"about":[{"href":"https:\/\/friburgonoticias.com.br\/temp\/wp-json\/wp\/v2\/types\/post"}],"author":[{"embeddable":true,"href":"https:\/\/friburgonoticias.com.br\/temp\/wp-json\/wp\/v2\/users\/3"}],"replies":[{"embeddable":true,"href":"https:\/\/friburgonoticias.com.br\/temp\/wp-json\/wp\/v2\/comments?post=4069"}],"version-history":[{"count":0,"href":"https:\/\/friburgonoticias.com.br\/temp\/wp-json\/wp\/v2\/posts\/4069\/revisions"}],"wp:featuredmedia":[{"embeddable":true,"href":"https:\/\/friburgonoticias.com.br\/temp\/wp-json\/wp\/v2\/media\/4070"}],"wp:attachment":[{"href":"https:\/\/friburgonoticias.com.br\/temp\/wp-json\/wp\/v2\/media?parent=4069"}],"wp:term":[{"taxonomy":"category","embeddable":true,"href":"https:\/\/friburgonoticias.com.br\/temp\/wp-json\/wp\/v2\/categories?post=4069"},{"taxonomy":"post_tag","embeddable":true,"href":"https:\/\/friburgonoticias.com.br\/temp\/wp-json\/wp\/v2\/tags?post=4069"}],"curies":[{"name":"wp","href":"https:\/\/api.w.org\/{rel}","templated":true}]}}