{"id":4071,"date":"2025-09-13T12:39:26","date_gmt":"2025-09-13T12:39:26","guid":{"rendered":"https:\/\/friburgonoticias.com.br\/temp\/2025\/09\/13\/condenacao-de-bolsonaro-teve-voto-decisivo-de-uma-mulher\/"},"modified":"2025-09-13T12:39:26","modified_gmt":"2025-09-13T12:39:26","slug":"condenacao-de-bolsonaro-teve-voto-decisivo-de-uma-mulher","status":"publish","type":"post","link":"https:\/\/friburgonoticias.com.br\/temp\/2025\/09\/13\/condenacao-de-bolsonaro-teve-voto-decisivo-de-uma-mulher\/","title":{"rendered":"Condena\u00e7\u00e3o de Bolsonaro teve voto decisivo de uma mulher"},"content":{"rendered":"<p><img decoding=\"async\" src=\"https:\/\/apublica.org\/wp-content\/uploads\/2025\/09\/Capa_Condenacao-de-Bolsonaro-com-voto-decisivo-de-uma-mulher-e-marco-historico-para-o-pais.jpg\" \/><\/p>\n<div id=\"entry-content-wrap\">\n<blockquote class=\"wp-block-quote is-layout-flow wp-block-quote-is-layout-flow\"><p>\n<em>Quer receber os textos desta coluna em primeira m\u00e3o no seu e-mail? Assine a Newsletter da <strong>P\u00fablica<\/strong>, enviada sempre \u00e0s sextas-feiras, 8h. Para receber as pr\u00f3ximas edi\u00e7\u00f5es, <\/em><a href=\"https:\/\/mailchi.mp\/apublica\/news\" target=\"_blank\" rel=\"noreferrer noopener\"><em>inscreva-se aqui<\/em><\/a><a href=\"http:\/\/apublica.org\/newsletter\"><em>.<\/em><\/a>\n<\/p><\/blockquote>\n<p>Depois do voto c\u00ednico e prolixo do ministro Luiz Fux, que superou os advogados de Jair Bolsonaro e dos militares golpistas na defesa dos r\u00e9us \u2013 s\u00f3 condenando aqueles j\u00e1 descartados pela caserna, o delator, Mauro Cid, e o <a href=\"https:\/\/g1.globo.com\/politica\/noticia\/2024\/11\/26\/braga-netto-estimulou-ataques-e-pressoes-a-chefes-do-exercito-e-da-aeronautica-por-nao-aderirem-a-acoes-golpistas-diz-pf.ghtml\">assediador<\/a> de colegas militares, o general Braga Netto \u2013, foi uma alegria ouvir a ministra C\u00e1rmen L\u00facia, a \u00fanica mulher da turma, falar com clareza, objetividade e profundidade de argumentos como conv\u00e9m a uma ju\u00edza.<\/p>\n<p>E o g\u00eanero, aqui, importa, sim, como ela lembrou em tom de brincadeira ao conceder \u201ctodos\u201d os apartes ao colega Fl\u00e1vio Dino. \u201cTodos, ministro, desde que sejam r\u00e1pidos porque tamb\u00e9m <strong>n\u00f3s mulheres ficamos 2 mil anos caladas, n\u00f3s queremos ter o direito de falar<\/strong>\u201d.<\/p>\n<p>Certeira, ela n\u00e3o citou o nome de Fux ao colocar os pingos nos i\u2019s em rela\u00e7\u00e3o \u00e0 caracteriza\u00e7\u00e3o da organiza\u00e7\u00e3o criminosa, com Jair Bolsonaro na lideran\u00e7a, e ao encadeamento dos fatos que comp\u00f5em a trama \u2013 da tentativa de descr\u00e9dito das urnas, da Justi\u00e7a Eleitoral e das agress\u00f5es ao STF ao planejamento de assassinato do presidente eleito, seu vice e do ministro Moraes, culminando com os atos terroristas de 8 de janeiro de 2023.<\/p>\n<p>\u00c9 essa a coluna vertebral da acusa\u00e7\u00e3o da PGR e por isso mesmo o foco da investida do ministro Fux, j\u00e1 conhecido pelo apoio prestado (e encoberto) \u00e0 for\u00e7a-tarefa empenhada em incriminar Lula, revelado pela Vaza Jato.<\/p>\n<p>Demonstrando a validade da \u201cprova cabal\u201d produzida pela PGR de tentativa de aboli\u00e7\u00e3o violenta do Estado de direito e de tentativa golpe de Estado por essa organiza\u00e7\u00e3o criminosa, amparada por documentos e depoimentos de testemunhas, <strong>a ministra adotou tom coloquial para expor o rid\u00edculo da tese, enevoada pelo juridiqu\u00eas de Fux<\/strong>, de que n\u00e3o haveria provas da atua\u00e7\u00e3o dos r\u00e9us nesses crimes, em especial da lideran\u00e7a de Jair Bolsonaro sobre a organiza\u00e7\u00e3o.<\/p>\n<p>\u201cO que mais se alega para tentar desfazer o que foi acusado \u00e9 que n\u00e3o h\u00e1 formalmente assinatura [de Bolsonaro]. At\u00e9 onde a gente tem, com algum conhecimento da hist\u00f3ria, realmente passar um recibo no cart\u00f3rio do que est\u00e1 sendo feito n\u00e3o \u00e9 bem o que acontece nesses casos. Diferente do alegado, ali\u00e1s, ele n\u00e3o foi tragado para o cen\u00e1rio das insurg\u00eancias, ele \u00e9 o causador, ele \u00e9 o l\u00edder da organiza\u00e7\u00e3o criminosa que promovia todas as formas de articula\u00e7\u00e3o alinhada para que se chegasse ao objetivo de manuten\u00e7\u00e3o ou tomada do poder\u201d.<\/p>\n<p>Essa, ali\u00e1s, tem sido uma preocupa\u00e7\u00e3o da ministra durante todo o julgamento do n\u00facleo central dos golpistas: <strong>falar com o p\u00fablico, desfazendo d\u00favidas que podem comprometer tamb\u00e9m o futuro da nossa democracia<\/strong>, como fez em questionamento ao advogado de Alexandre Ramagem, refor\u00e7ando que nosso processo eleitoral \u00e9 amplamente audit\u00e1vel ao contr\u00e1rio do sistema anterior, de voto impresso, vendido pelo advogado como sin\u00f4nimo de voto audit\u00e1vel.<\/p>\n<p>N\u00e3o por outro motivo, logo em suas primeiras palavras nesta quinta-feira, ao reafirmar o car\u00e1ter t\u00e9cnico e a absoluta normalidade do julgamento, a ministra destacou: \u201cO que h\u00e1 de in\u00e9dito nesta a\u00e7\u00e3o penal \u00e9 que nela pulsa o Brasil que me d\u00f3i. A presente a\u00e7\u00e3o penal \u00e9 quase o encontro do Brasil com o seu passado, com o seu presente e com o seu futuro. <strong>N\u00e3o se tem imunidade absoluta contra o v\u00edrus do autoritarismo, que se insinua insidioso, destilando o seu veneno a contaminar a liberdade e os direitos humanos<\/strong>\u201d.<\/p>\n<p>\u00c9 certo que a condena\u00e7\u00e3o de Jair Bolsonaro a 27 anos e 3 meses de pris\u00e3o n\u00e3o contempla todos os crimes graves cometidos pelo ex-presidente. Basta lembrar das mortes evit\u00e1veis causadas por mentiras e pol\u00edticas intencionalmente equivocadas durante a pandemia, como fez o colega Rafael Oliveira em <a href=\"https:\/\/apublica.org\/2025\/09\/pandemia-de-covid-19-o-julgamento-que-bolsonaro-nao-enfrentou\/\" target=\"_blank\" rel=\"noreferrer noopener\">mat\u00e9ria<\/a> inesquec\u00edvel publicada na semana passada. Da mesma forma, devem ficar sem julgamento as ofensas p\u00fablicas e nocivas contra jornalistas, mulheres (a mais <a href=\"https:\/\/veja.abril.com.br\/coluna\/matheus-leitao\/a-nova-fala-misogina-de-bolsonaro-e-a-resposta-de-lula\/#google_vignette\" target=\"_blank\" rel=\"noreferrer noopener\">recente<\/a>, ali\u00e1s, h\u00e1 poucos meses), quilombolas e pessoas LGTB+, as agress\u00f5es contra ind\u00edgenas e o desmonte das pol\u00edticas ambientais e clim\u00e1ticas, entre outros delitos.<\/p>\n<p>Ainda assim, nesse caso <strong>a Justi\u00e7a foi feita e ser\u00e1 consolidada com a pris\u00e3o de Bolsonaro e dos demais r\u00e9us<\/strong>, ainda que consigam condi\u00e7\u00f5es especiais.<\/p>\n<p>Como brasileira, como jornalista e como mulher, agrade\u00e7o \u00e0 ministra C\u00e1rmen L\u00facia pelo voto l\u00edmpido e decisivo para a condena\u00e7\u00e3o de Jair Bolsonaro e dos demais r\u00e9us neste processo em que \u201cse houve dor, tamb\u00e9m houve esperan\u00e7a\u201d. \u00c9 esse o sentimento que prevalece agora e que, espero, ilumine as institui\u00e7\u00f5es e a sociedade para defender nossa democracia e soberania, negando ao Congresso o direito de rasgar a Constitui\u00e7\u00e3o e a Donald Trump o de amea\u00e7ar nosso pa\u00eds.<\/p>\n<p>Nunca valeu tanto a pena comemorar uma sexta-feira, que, ali\u00e1s, come\u00e7ou na quinta \u00e0 tarde (confesso, brindei). Um bom fim de semana para todos e vamos \u00e0 nova batalha que certamente vai se desenrolar a partir de agora com os abutres da democracia mais vorazes do que nunca.\n                                                <\/p><\/div>\n<p><\/a><\/p>\n<p>Fonte: apublica.org<\/p>\n","protected":false},"excerpt":{"rendered":"<p>Quer receber os textos desta coluna em primeira m\u00e3o no seu e-mail? Assine a Newsletter da P\u00fablica, enviada sempre \u00e0s sextas-feiras, 8h. Para receber as pr\u00f3ximas edi\u00e7\u00f5es, inscreva-se aqui. Depois do voto c\u00ednico e prolixo do ministro Luiz Fux, que superou os advogados de Jair Bolsonaro e dos militares golpistas na defesa dos r\u00e9us \u2013 [&hellip;]<\/p>\n","protected":false},"author":3,"featured_media":4072,"comment_status":"open","ping_status":"open","sticky":false,"template":"","format":"standard","meta":{"advanced_seo_description":"","jetpack_seo_html_title":"","jetpack_seo_noindex":false,"fifu_image_url":"https:\/\/i0.wp.com\/apublica.org\/wp-content\/uploads\/2025\/09\/Publica_template-Coluna_Marina-TWITTER_V2-MAIOR-COLUNA.psd-8.jpg?fit=800%2C418&ssl=1","fifu_image_alt":"","_jetpack_memberships_contains_paid_content":false,"footnotes":"","jetpack_publicize_message":"","jetpack_publicize_feature_enabled":true,"jetpack_social_post_already_shared":true,"jetpack_social_options":{"image_generator_settings":{"template":"highway","default_image_id":0,"font":"","enabled":false},"version":2}},"categories":[107],"tags":[],"class_list":{"0":"post-4071","1":"post","2":"type-post","3":"status-publish","4":"format-standard","5":"has-post-thumbnail","7":"category-economia"},"jetpack_publicize_connections":[],"jetpack_featured_media_url":"https:\/\/i0.wp.com\/apublica.org\/wp-content\/uploads\/2025\/09\/Publica_template-Coluna_Marina-TWITTER_V2-MAIOR-COLUNA.psd-8.jpg?fit=800%2C418&ssl=1","jetpack_sharing_enabled":true,"jetpack-related-posts":[],"_links":{"self":[{"href":"https:\/\/friburgonoticias.com.br\/temp\/wp-json\/wp\/v2\/posts\/4071","targetHints":{"allow":["GET"]}}],"collection":[{"href":"https:\/\/friburgonoticias.com.br\/temp\/wp-json\/wp\/v2\/posts"}],"about":[{"href":"https:\/\/friburgonoticias.com.br\/temp\/wp-json\/wp\/v2\/types\/post"}],"author":[{"embeddable":true,"href":"https:\/\/friburgonoticias.com.br\/temp\/wp-json\/wp\/v2\/users\/3"}],"replies":[{"embeddable":true,"href":"https:\/\/friburgonoticias.com.br\/temp\/wp-json\/wp\/v2\/comments?post=4071"}],"version-history":[{"count":0,"href":"https:\/\/friburgonoticias.com.br\/temp\/wp-json\/wp\/v2\/posts\/4071\/revisions"}],"wp:featuredmedia":[{"embeddable":true,"href":"https:\/\/friburgonoticias.com.br\/temp\/wp-json\/wp\/v2\/media\/4072"}],"wp:attachment":[{"href":"https:\/\/friburgonoticias.com.br\/temp\/wp-json\/wp\/v2\/media?parent=4071"}],"wp:term":[{"taxonomy":"category","embeddable":true,"href":"https:\/\/friburgonoticias.com.br\/temp\/wp-json\/wp\/v2\/categories?post=4071"},{"taxonomy":"post_tag","embeddable":true,"href":"https:\/\/friburgonoticias.com.br\/temp\/wp-json\/wp\/v2\/tags?post=4071"}],"curies":[{"name":"wp","href":"https:\/\/api.w.org\/{rel}","templated":true}]}}