{"id":4091,"date":"2025-09-14T16:12:45","date_gmt":"2025-09-14T16:12:45","guid":{"rendered":"https:\/\/friburgonoticias.com.br\/temp\/2025\/09\/14\/gleisi-admite-possivel-reducao-de-penas-mas-rejeita-anistia\/"},"modified":"2025-09-14T16:12:45","modified_gmt":"2025-09-14T16:12:45","slug":"gleisi-admite-possivel-reducao-de-penas-mas-rejeita-anistia","status":"publish","type":"post","link":"https:\/\/friburgonoticias.com.br\/temp\/2025\/09\/14\/gleisi-admite-possivel-reducao-de-penas-mas-rejeita-anistia\/","title":{"rendered":"Gleisi admite poss\u00edvel redu\u00e7\u00e3o de penas, mas rejeita anistia"},"content":{"rendered":"<p><\/p>\n<div id=\"hd80s9wa1h892edh8192\">\n        A ministra das Rela\u00e7\u00f5es Institucionais, Gleisi Hoffmann, comentou a redu\u00e7\u00e3o de penas dos condenados pelo 8 de janeiro, durante evento estadual do Partido dos Trabalhadores (PT), no Paran\u00e1, no s\u00e1bado 13.<\/p>\n<p><strong>+ Leia mais not\u00edcias de\u00a0<a href=\"https:\/\/revistaoeste.com\/politica\" target=\"_blank\" rel=\"noreferrer noopener\">Pol\u00edtica<\/a>\u00a0em Oeste<\/strong><\/p>\n<p>Em v\u00eddeo, Gleisi afirmou que a discuss\u00e3o sobre redu\u00e7\u00e3o de pena \u00e9 leg\u00edtima, seja no Congresso ou no Supremo Tribunal Federal (STF). Segundo o <strong><a href=\"https:\/\/www.folha.uol.com.br\/\" target=\"_blank\" rel=\"noreferrer noopener\">jornal <em>Folha de S.Paulo<\/em><\/a><\/strong>, que informou ter dito acesso \u00e0s imagens, mas n\u00e3o divulgou o material, a petista destacou que tal debate n\u00e3o deve ser confundido com anistia ou perd\u00e3o.<\/p>\n<p>Conforme a ministra, \u201cse querem discutir redu\u00e7\u00e3o de pena, \u00e9 outra coisa\u201d. \u201cCabe a dosimetria ao Supremo Tribunal Federal ou at\u00e9 o Congresso avaliar e ter um projeto\u201d, disse Gleisi, informou a <em>Folha<\/em>. \u201cMas a\u00ed, \u00e9 redu\u00e7\u00e3o de pena, n\u00e3o tem a ver com anistia, n\u00e3o tem a ver com perd\u00e3o.\u201d<\/p>\n<p><strong>Leia mais: <a href=\"https:\/\/revistaoeste.com\/revista\/edicao-287\/fux-e-lux\/\" target=\"_blank\" rel=\"noreferrer noopener\">\u201cFux \u00e9 lux\u201d<\/a>, artigo de Adalberto Piotto publicado na Edi\u00e7\u00e3o 287 da Revista Oeste<\/strong><\/p>\n<p>Essa foi a segunda manifesta\u00e7\u00e3o da ministra nesse sentido. Anteriormente, ela havia recuado para evitar mal-entendidos com o STF.<\/p>\n<h2 class=\"wp-block-heading\" id=\"temor-de-anistia-e-impacto-politico\">Gleisi teme anistia e seu impacto pol\u00edtico<a href=\"https:\/\/wainews-homolog.streamlit.app\/~\/+\/#temor-de-anistia-e-impacto-politico\"\/><\/h2>\n<figure class=\"wp-block-image aligncenter size-full\"><picture><source data-srcset=\"https:\/\/medias.revistaoeste.com\/wp-content\/uploads\/2025\/09\/anistia-ja-avenida-paulista-7-de-setembro-de-2025.jpg.webp 781w, https:\/\/medias.revistaoeste.com\/wp-content\/uploads\/2025\/09\/anistia-ja-avenida-paulista-7-de-setembro-de-2025-300x168.jpg.webp 300w, https:\/\/medias.revistaoeste.com\/wp-content\/uploads\/2025\/09\/anistia-ja-avenida-paulista-7-de-setembro-de-2025-400x225.jpg.webp 400w, https:\/\/medias.revistaoeste.com\/wp-content\/uploads\/2025\/09\/anistia-ja-avenida-paulista-7-de-setembro-de-2025-216x121.jpg.webp 216w, https:\/\/medias.revistaoeste.com\/wp-content\/uploads\/2025\/09\/anistia-ja-avenida-paulista-7-de-setembro-de-2025-150x84.jpg.webp 150w\" data-sizes=\"(max-width: 781px) 100vw, 781px\" type=\"image\/webp\"><img loading=\"lazy\" decoding=\"async\" width=\"781\" height=\"438\" alt=\"protestos - anistia j\u00e1 - avenida paulista - 7 de setembro de 2025 - atos - imprensa\" class=\"wp-image-2130355 perfmatters-lazy\" data-eio=\"p\" src=\"https:\/\/medias.revistaoeste.com\/wp-content\/uploads\/2025\/09\/anistia-ja-avenida-paulista-7-de-setembro-de-2025.jpg\" srcset=\"https:\/\/medias.revistaoeste.com\/wp-content\/uploads\/2025\/09\/anistia-ja-avenida-paulista-7-de-setembro-de-2025.jpg 781w, https:\/\/medias.revistaoeste.com\/wp-content\/uploads\/2025\/09\/anistia-ja-avenida-paulista-7-de-setembro-de-2025-300x168.jpg 300w, https:\/\/medias.revistaoeste.com\/wp-content\/uploads\/2025\/09\/anistia-ja-avenida-paulista-7-de-setembro-de-2025-400x225.jpg 400w, https:\/\/medias.revistaoeste.com\/wp-content\/uploads\/2025\/09\/anistia-ja-avenida-paulista-7-de-setembro-de-2025-216x121.jpg 216w, https:\/\/medias.revistaoeste.com\/wp-content\/uploads\/2025\/09\/anistia-ja-avenida-paulista-7-de-setembro-de-2025-150x84.jpg 150w\" data-sizes=\"(max-width: 781px) 100vw, 781px\"\/><img loading=\"lazy\" decoding=\"async\" width=\"781\" height=\"438\" src=\"https:\/\/medias.revistaoeste.com\/wp-content\/uploads\/2025\/09\/anistia-ja-avenida-paulista-7-de-setembro-de-2025.jpg\" alt=\"protestos - anistia j\u00e1 - avenida paulista - 7 de setembro de 2025 - atos - imprensa\" class=\"wp-image-2130355\" srcset=\"https:\/\/medias.revistaoeste.com\/wp-content\/uploads\/2025\/09\/anistia-ja-avenida-paulista-7-de-setembro-de-2025.jpg 781w, https:\/\/medias.revistaoeste.com\/wp-content\/uploads\/2025\/09\/anistia-ja-avenida-paulista-7-de-setembro-de-2025-300x168.jpg 300w, https:\/\/medias.revistaoeste.com\/wp-content\/uploads\/2025\/09\/anistia-ja-avenida-paulista-7-de-setembro-de-2025-400x225.jpg 400w, https:\/\/medias.revistaoeste.com\/wp-content\/uploads\/2025\/09\/anistia-ja-avenida-paulista-7-de-setembro-de-2025-216x121.jpg 216w, https:\/\/medias.revistaoeste.com\/wp-content\/uploads\/2025\/09\/anistia-ja-avenida-paulista-7-de-setembro-de-2025-150x84.jpg 150w\" sizes=\"auto, (max-width: 781px) 100vw, 781px\" data-eio=\"p\"\/><\/source><\/picture><figcaption class=\"wp-element-caption\">Manifestante exibe placa em defesa da anistia aos envolvidos nos atos de 8 de janeiro de 2023 \u2014 Avenida Paulista, S\u00e3o Paulo (SP), 7\/9\/2025 | Foto: Anderson Scardoelli\/Revista <b>Oeste<\/b><\/figcaption><\/figure>\n<p>O tema da anistia tem mobilizado o governo, que busca frear a tramita\u00e7\u00e3o desse tipo de proposta na C\u00e2mara. O PT teme que a aprova\u00e7\u00e3o de um projeto de anistia favore\u00e7a n\u00e3o s\u00f3 os envolvidos nos atos do 8 de janeiro, mas tamb\u00e9m Jair Bolsonaro. O ex-presidente foi condenado, na quinta-feira 11, a 27 anos e 3 meses de pris\u00e3o por tentativa de golpe, depois de perder as elei\u00e7\u00f5es para Luiz In\u00e1cio Lula da Silva.<\/p>\n<figure class=\"wp-block-embed is-type-video is-provider-youtube wp-block-embed-youtube wp-embed-aspect-16-9 wp-has-aspect-ratio\">\n<div class=\"wp-block-embed__wrapper\">\n<div class=\"perfmatters-lazy-youtube\" data-src=\"https:\/\/www.youtube.com\/embed\/nYq5ygP1LEE\" data-id=\"nYq5ygP1LEE\" data-query=\"feature=oembed\" onclick=\"perfmattersLazyLoadYouTube(this);\">\n<div><img loading=\"lazy\" decoding=\"async\" alt=\"YouTube video\" width=\"480\" height=\"360\" data-pin-nopin=\"true\" nopin=\"nopin\" class=\"perfmatters-lazy\" src=\"https:\/\/i.ytimg.com\/vi\/nYq5ygP1LEE\/hqdefault.jpg\"\/><img loading=\"lazy\" decoding=\"async\" src=\"https:\/\/i.ytimg.com\/vi\/nYq5ygP1LEE\/hqdefault.jpg\" alt=\"YouTube video\" width=\"480\" height=\"360\" data-pin-nopin=\"true\" nopin=\"nopin\"\/><\/div>\n<\/div>\n<p><noscript><iframe loading=\"lazy\" title=\"Voto de Fux em oposi\u00e7\u00e3o a Moraes repercute na imprensa internacional: &#039;M\u00fasica para os ouvidos&#039;\" width=\"1170\" height=\"658\" src=\"https:\/\/www.youtube.com\/embed\/nYq5ygP1LEE?feature=oembed\" frameborder=\"0\" allow=\"accelerometer; autoplay; clipboard-write; encrypted-media; gyroscope; picture-in-picture; web-share\" referrerpolicy=\"strict-origin-when-cross-origin\" allowfullscreen><\/iframe><\/noscript>\n<\/div>\n<\/figure>\n<p>Apesar da sinaliza\u00e7\u00e3o, Gleisi refor\u00e7ou sua oposi\u00e7\u00e3o \u00e0 anistia. \u201cN\u00e3o podemos de maneira nenhuma olhar ou piscar para a quest\u00e3o da anistia\u201d, disse. \u201cVamos ser firmes, vamos ter que enfrentar o Congresso nesta pauta.\u201d Ela ainda disse que o perd\u00e3o a Bolsonaro e aos demais r\u00e9us seria \u201cum presentinho para Donald Trump\u201d.<\/p>\n<p>Nos \u00faltimos dias, partidos de centro e o governador de S\u00e3o Paulo, Tarc\u00edsio de Freitas, intensificaram as articula\u00e7\u00f5es em torno da anistia, motivados pelo julgamento de Bolsonaro no STF. Gleisi apontou Tarc\u00edsio como articulador do movimento em prol do ex-presidente. Pol\u00edticos desse grupo veem Tarc\u00edsio como principal nome para enfrentar Lula em futuras elei\u00e7\u00f5es e pressionam Bolsonaro a apoi\u00e1-lo como sucessor.<\/p>\n<p><strong>Leia tamb\u00e9m: <a href=\"https:\/\/revistaoeste.com\/revista\/edicao-287\/um-voto-supremo\/\" target=\"_blank\" rel=\"noreferrer noopener\">\u201cUm voto supremo\u201d<\/a>, reportagem de Silvio Navarro e Cristyan Costa publicada na Edi\u00e7\u00e3o 287 da Revista Oeste<\/strong><\/p>\n<p>Por fim, a ministra direcionou cr\u00edticas ao ministro Luiz Fux, que votou pela absolvi\u00e7\u00e3o do ex-presidente. \u201cFoi um desservi\u00e7o aquele voto, uma vergonha nacional\u201d, afirmou. \u201cDeu condi\u00e7\u00f5es a eles de fazer uma narrativa e ficar, depois, questionando o processo, mas os outros votos foram primorosos.\u201d<\/p><\/div>\n<p><\/a><\/p>\n<p>Fonte: revistaoeste.com<\/p>\n","protected":false},"excerpt":{"rendered":"<p>A ministra das Rela\u00e7\u00f5es Institucionais, Gleisi Hoffmann, comentou a redu\u00e7\u00e3o de penas dos condenados pelo 8 de janeiro, durante evento estadual do Partido dos Trabalhadores (PT), no Paran\u00e1, no s\u00e1bado 13. + Leia mais not\u00edcias de\u00a0Pol\u00edtica\u00a0em Oeste Em v\u00eddeo, Gleisi afirmou que a discuss\u00e3o sobre redu\u00e7\u00e3o de pena \u00e9 leg\u00edtima, seja no Congresso ou no [&hellip;]<\/p>\n","protected":false},"author":3,"featured_media":4092,"comment_status":"open","ping_status":"open","sticky":false,"template":"","format":"standard","meta":{"advanced_seo_description":"","jetpack_seo_html_title":"","jetpack_seo_noindex":false,"fifu_image_url":"https:\/\/medias.revistaoeste.com\/wp-content\/uploads\/2025\/03\/gleisi-1.jpg","fifu_image_alt":"","_jetpack_memberships_contains_paid_content":false,"footnotes":"","jetpack_publicize_message":"","jetpack_publicize_feature_enabled":true,"jetpack_social_post_already_shared":true,"jetpack_social_options":{"image_generator_settings":{"template":"highway","default_image_id":0,"font":"","enabled":false},"version":2}},"categories":[106,1],"tags":[],"class_list":{"0":"post-4091","1":"post","2":"type-post","3":"status-publish","4":"format-standard","5":"has-post-thumbnail","7":"category-politica","8":"category-uncategorized"},"jetpack_publicize_connections":[],"jetpack_featured_media_url":"https:\/\/i0.wp.com\/medias.revistaoeste.com\/wp-content\/uploads\/2025\/03\/gleisi-1.jpg?fit=%2C&ssl=1","jetpack_sharing_enabled":true,"jetpack-related-posts":[],"_links":{"self":[{"href":"https:\/\/friburgonoticias.com.br\/temp\/wp-json\/wp\/v2\/posts\/4091","targetHints":{"allow":["GET"]}}],"collection":[{"href":"https:\/\/friburgonoticias.com.br\/temp\/wp-json\/wp\/v2\/posts"}],"about":[{"href":"https:\/\/friburgonoticias.com.br\/temp\/wp-json\/wp\/v2\/types\/post"}],"author":[{"embeddable":true,"href":"https:\/\/friburgonoticias.com.br\/temp\/wp-json\/wp\/v2\/users\/3"}],"replies":[{"embeddable":true,"href":"https:\/\/friburgonoticias.com.br\/temp\/wp-json\/wp\/v2\/comments?post=4091"}],"version-history":[{"count":0,"href":"https:\/\/friburgonoticias.com.br\/temp\/wp-json\/wp\/v2\/posts\/4091\/revisions"}],"wp:featuredmedia":[{"embeddable":true,"href":"https:\/\/friburgonoticias.com.br\/temp\/wp-json\/wp\/v2\/media\/4092"}],"wp:attachment":[{"href":"https:\/\/friburgonoticias.com.br\/temp\/wp-json\/wp\/v2\/media?parent=4091"}],"wp:term":[{"taxonomy":"category","embeddable":true,"href":"https:\/\/friburgonoticias.com.br\/temp\/wp-json\/wp\/v2\/categories?post=4091"},{"taxonomy":"post_tag","embeddable":true,"href":"https:\/\/friburgonoticias.com.br\/temp\/wp-json\/wp\/v2\/tags?post=4091"}],"curies":[{"name":"wp","href":"https:\/\/api.w.org\/{rel}","templated":true}]}}