{"id":4111,"date":"2025-09-15T14:45:13","date_gmt":"2025-09-15T14:45:13","guid":{"rendered":"https:\/\/friburgonoticias.com.br\/temp\/2025\/09\/15\/conselho-de-etica-sorteia-nomes-para-a-escolha-de-relatores-de-tres-processos-movidos-pelo-pl-noticias\/"},"modified":"2025-09-15T14:45:13","modified_gmt":"2025-09-15T14:45:13","slug":"conselho-de-etica-sorteia-nomes-para-a-escolha-de-relatores-de-tres-processos-movidos-pelo-pl-noticias","status":"publish","type":"post","link":"https:\/\/friburgonoticias.com.br\/temp\/2025\/09\/15\/conselho-de-etica-sorteia-nomes-para-a-escolha-de-relatores-de-tres-processos-movidos-pelo-pl-noticias\/","title":{"rendered":"Conselho de \u00c9tica sorteia nomes para a escolha de relatores de tr\u00eas processos movidos pelo PL &#8211; Not\u00edcias"},"content":{"rendered":"<p><\/p>\n<div>\n<div>\n<p class=\"g-artigo__data-hora\">\n                      15\/09\/2025 &#8211; 11:37 \u00a0\n                    <\/p>\n<div id=\"image-container-1190467\" class=\"image-container\" style=\"float: none; margin: 45px 0px; width: 100%;\" data-midia=\"1190467\">\n        <em>Bruno Spada \/ C\u00e2mara dos Deputados<\/em><\/p>\n<p>        Fabio Schiochet preside reuni\u00e3o do Conselho de \u00c9tica\n        <\/p><\/div>\n<p>        O <span id=\"4203\" class=\"termoGlossario\" title=\"\u00d3rg\u00e3o encarregado de zelar pela observ\u00e2ncia da \u00e9tica e do decoro parlamentar na C\u00e2mara. Compete-lhe instaurar e instruir os processos disciplinares referentes a den\u00fancias de atos incompat\u00edveis com o decoro parlamentar, recomendando ou n\u00e3o puni\u00e7\u00f5es cab\u00edveis aos deputados, que v\u00e3o desde a censura oral at\u00e9 a perda de mandato. Caso recomende puni\u00e7\u00f5es severas, o parecer do conselho dever\u00e1 ser votado pelo Plen\u00e1rio em dois dias, em vota\u00e7\u00e3o secreta. O conselho atua mediante provoca\u00e7\u00e3o da Mesa Diretora, nos casos de instaura\u00e7\u00e3o de processo disciplinar.\" contenteditable=\"false\" data-toggle=\"tooltip\" data-placement=\"top\">Conselho de \u00c9tica e Decoro Parlamentar<\/span> da C\u00e2mara dos Deputados re\u00fane-se nesta ter\u00e7a-feira (16), \u00e0s 15 horas, no plen\u00e1rio 11, para sortear os nomes que poder\u00e3o relatar tr\u00eas representa\u00e7\u00f5es disciplinares em andamento.<\/p>\n<p>        O sorteio ser\u00e1 feito para substituir o deputado J\u00falio Arcoverde (PP-PI), que retirou seu nome das listas anteriores.<br \/>\n        As representa\u00e7\u00f5es s\u00e3o as seguintes:<\/p>\n<ul>\n<li>\u00a0<a href=\"https:\/\/www.camara.leg.br\/proposicoesWeb\/prop_mostrarintegra?codteor=2975342&amp;filename=REP%204\/2025\">Representa\u00e7\u00e3o 4\/25<\/a>, em que o PL acusa o deputado Andr\u00e9 Janones (Avante-MG) de ofensa \u00e0 C\u00e2mara e abuso das prerrogativas parlamentares ao circular pela Casa vestindo camiseta com a frase contendo palavra de baixo cal\u00e3o.<\/li>\n<li><a href=\"https:\/\/www.camara.leg.br\/proposicoesWeb\/prop_mostrarintegra?codteor=2975439&amp;filename=REP%2014\/2025\">Representa\u00e7\u00e3o 14\/25<\/a>, em que o PL acusa Andr\u00e9 Janones de ter postado, em suas redes sociais, ofensas graves contra o deputado Gustavo Gayer.<\/li>\n<li><a href=\"https:\/\/www.camara.leg.br\/proposicoesWeb\/prop_mostrarintegra?codteor=2975438&amp;filename=REP%2013\/2025\">Representa\u00e7\u00e3o 13\/25<\/a>, em que o PL acusa o deputado Guilherme Boulos (Psol-SP) de ter ofendido parlamentares da legenda durante reuni\u00e3o do Conselho de \u00c9tica em abril deste ano.<\/li>\n<\/ul>\n<p data-start=\"1103\" data-end=\"1272\"><strong>Crit\u00e9rios de escolha<\/strong><br \/>De acordo com o regimento da C\u00e2mara, o relator sorteado n\u00e3o pode ser do mesmo estado, partido ou federa\u00e7\u00e3o do parlamentar representado, nem da legenda autora da representa\u00e7\u00e3o.<\/p>\n<p>        Das listas tr\u00edplices de cada processo, um nome ser\u00e1 escolhido relator pelo presidente do Conselho de \u00c9tica,\u00a0deputado Fabio Schiochet (Uni\u00e3o-SC).<\/p>\n<p style=\"font-size: 0.8rem; font-weight: 700;\">Da Reda\u00e7\u00e3o &#8211; ND<\/p>\n<\/p><\/div>\n<\/p><\/div>\n<p><\/a><\/p>\n<p>Fonte: www.camara.leg.br<\/p>\n","protected":false},"excerpt":{"rendered":"<p>15\/09\/2025 &#8211; 11:37 \u00a0 Bruno Spada \/ C\u00e2mara dos Deputados Fabio Schiochet preside reuni\u00e3o do Conselho de \u00c9tica O Conselho de \u00c9tica e Decoro Parlamentar da C\u00e2mara dos Deputados re\u00fane-se nesta ter\u00e7a-feira (16), \u00e0s 15 horas, no plen\u00e1rio 11, para sortear os nomes que poder\u00e3o relatar tr\u00eas representa\u00e7\u00f5es disciplinares em andamento. O sorteio ser\u00e1 feito [&hellip;]<\/p>\n","protected":false},"author":3,"featured_media":4112,"comment_status":"open","ping_status":"open","sticky":false,"template":"","format":"standard","meta":{"advanced_seo_description":"","jetpack_seo_html_title":"","jetpack_seo_noindex":false,"fifu_image_url":"https:\/\/www.camara.leg.br\/midias\/image\/2025\/08\/img20250819154408117-768x473.jpg","fifu_image_alt":"","_jetpack_memberships_contains_paid_content":false,"footnotes":"","jetpack_publicize_message":"","jetpack_publicize_feature_enabled":true,"jetpack_social_post_already_shared":true,"jetpack_social_options":{"image_generator_settings":{"template":"highway","default_image_id":0,"font":"","enabled":false},"version":2}},"categories":[107],"tags":[],"class_list":{"0":"post-4111","1":"post","2":"type-post","3":"status-publish","4":"format-standard","5":"has-post-thumbnail","7":"category-economia"},"jetpack_publicize_connections":[],"jetpack_featured_media_url":"https:\/\/i0.wp.com\/www.camara.leg.br\/midias\/image\/2025\/08\/img20250819154408117-768x473.jpg?fit=%2C&ssl=1","jetpack_sharing_enabled":true,"jetpack-related-posts":[],"_links":{"self":[{"href":"https:\/\/friburgonoticias.com.br\/temp\/wp-json\/wp\/v2\/posts\/4111","targetHints":{"allow":["GET"]}}],"collection":[{"href":"https:\/\/friburgonoticias.com.br\/temp\/wp-json\/wp\/v2\/posts"}],"about":[{"href":"https:\/\/friburgonoticias.com.br\/temp\/wp-json\/wp\/v2\/types\/post"}],"author":[{"embeddable":true,"href":"https:\/\/friburgonoticias.com.br\/temp\/wp-json\/wp\/v2\/users\/3"}],"replies":[{"embeddable":true,"href":"https:\/\/friburgonoticias.com.br\/temp\/wp-json\/wp\/v2\/comments?post=4111"}],"version-history":[{"count":0,"href":"https:\/\/friburgonoticias.com.br\/temp\/wp-json\/wp\/v2\/posts\/4111\/revisions"}],"wp:featuredmedia":[{"embeddable":true,"href":"https:\/\/friburgonoticias.com.br\/temp\/wp-json\/wp\/v2\/media\/4112"}],"wp:attachment":[{"href":"https:\/\/friburgonoticias.com.br\/temp\/wp-json\/wp\/v2\/media?parent=4111"}],"wp:term":[{"taxonomy":"category","embeddable":true,"href":"https:\/\/friburgonoticias.com.br\/temp\/wp-json\/wp\/v2\/categories?post=4111"},{"taxonomy":"post_tag","embeddable":true,"href":"https:\/\/friburgonoticias.com.br\/temp\/wp-json\/wp\/v2\/tags?post=4111"}],"curies":[{"name":"wp","href":"https:\/\/api.w.org\/{rel}","templated":true}]}}