{"id":4113,"date":"2025-09-15T14:47:39","date_gmt":"2025-09-15T14:47:39","guid":{"rendered":"https:\/\/friburgonoticias.com.br\/temp\/2025\/09\/15\/comissao-aprova-legenda-descritiva-em-filmes-brasileiros-exibidos-no-cinema-noticias\/"},"modified":"2025-09-15T14:47:39","modified_gmt":"2025-09-15T14:47:39","slug":"comissao-aprova-legenda-descritiva-em-filmes-brasileiros-exibidos-no-cinema-noticias","status":"publish","type":"post","link":"https:\/\/friburgonoticias.com.br\/temp\/2025\/09\/15\/comissao-aprova-legenda-descritiva-em-filmes-brasileiros-exibidos-no-cinema-noticias\/","title":{"rendered":"Comiss\u00e3o aprova legenda descritiva em filmes brasileiros exibidos no cinema &#8211; Not\u00edcias"},"content":{"rendered":"<p><\/p>\n<div>\n<p class=\"g-artigo__data-hora\">\n                      15\/09\/2025 &#8211; 11:25 \u00a0\n                    <\/p>\n<div id=\"image-container-1200020\" class=\"image-container\" style=\"float: none; margin: 45px 0px; width: 100%;\" data-midia=\"1200020\">\n        <em>Renato Ara\u00fajo\/C\u00e2mara dos Deputados<\/em><\/p>\n<p>        Erika Kokay: legenda descritiva \u00e9 medida de acessibilidade\n        <\/p><\/div>\n<p>        A Comiss\u00e3o de Cultura da C\u00e2mara dos Deputados aprovou o <a class=\"linkProposicao\" href=\"https:\/\/www.camara.leg.br\/noticias\/1153685-projeto-obriga-o-uso-de-legenda-descritiva-em-ao-menos-50-das-sessoes-de-filmes-brasileiros\">Projeto de Lei\u00a0 834\/25<\/a>, do deputado Lindbergh Farias (PT-RJ), que determina que ao menos 50% das sess\u00f5es de filmes brasileiros exibidas em salas de cinema tenham legenda descritiva em l\u00edngua portuguesa. Com esse recurso, \u00e9 poss\u00edvel descrever n\u00e3o apenas os di\u00e1logos, mas tamb\u00e9m outros sons importantes no filme, como efeitos sonoros, m\u00fasicas e ru\u00eddos ambientais.<br \/>\n        O texto abrange todas as obras cinematogr\u00e1ficas de l\u00edngua portuguesa (idioma original ou dublado).<br \/>\n        Os parlamentares acolheram o <a href=\"https:\/\/www.camara.leg.br\/proposicoesWeb\/prop_mostrarintegra?codteor=2992218&amp;filename=Parecer-CCULT-2025-09-03\">parecer da relatora<\/a>, deputada Erika Kokay (PT-DF), pela aprova\u00e7\u00e3o da proposta. &#8220;A medida \u00e9 essencial para garantir a acessibilidade efetiva \u00e0s pessoas com algum comprometimento na audi\u00e7\u00e3o ou que, por outra causa, precisem do suporte textual, promovendo a inclus\u00e3o social e o direito \u00e0 diversidade cultural&#8221;, disse.<br \/>\n        <strong>Defici\u00eancia auditiva<\/strong><br \/>De acordo com dados do Instituto Brasileiro de Geografia e Estat\u00edstica (IBGE),<br \/>5% da popula\u00e7\u00e3o brasileira (cerca de 10 milh\u00f5es de pessoas) t\u00eam algum grau de defici\u00eancia auditiva.<br \/>\n        Lindbergh Farias destacou que muitas pessoas com esse tipo de defici\u00eancia reclamaram da falta de legenda descritiva nas sess\u00f5es do filme nacional \u201cAinda estou aqui\u201d, ganhador do primeiro Oscar do Brasil.<br \/>\n        Segundo o deputado, \u00e9 comum os espectadores surdos usarem um aplicativo no celular que gera a legenda. &#8220;Ou seja, a pessoa surda precisa ficar acompanhando duas telas simultaneamente \u2013 a do cinema, para ver as imagens, e a do celular, para ver a legenda. Apesar de ser uma iniciativa que busca a inclus\u00e3o, isso na pr\u00e1tica n\u00e3o \u00e9 inclusivo&#8221;, defendeu ao autor do projeto aprovado.<br \/>\n        Farias acrescentou que as legendas em filmes falados em portugu\u00eas tamb\u00e9m beneficiam idosos e outras pessoas com dificuldades de compreens\u00e3o auditiva em ambientes ruidosos. \u00c9 o caso de cidad\u00e3os com transtorno do espectro autista (TEA) e com transtorno de d\u00e9ficit de aten\u00e7\u00e3o e hiperatividade (TDAH), que t\u00eam mais facilidade em processar informa\u00e7\u00f5es e manter sua aten\u00e7\u00e3o focada com texto do que com \u00e1udio.<br \/>\n        <strong>Pr\u00f3ximos passos<br \/><\/strong>A proposta segue para an\u00e1lise, em <span id=\"4322\" class=\"termoGlossario\" title=\"Rito de tramita\u00e7\u00e3o pelo qual o projeto \u00e9 votado apenas pelas comiss\u00f5es designadas para analis\u00e1-lo, dispensada a delibera\u00e7\u00e3o do Plen\u00e1rio. O projeto perde o car\u00e1ter conclusivo se houver decis\u00e3o divergente entre as comiss\u00f5es ou se, independentemente de ser aprovado ou rejeitado, houver recurso assinado por 52 deputados para a aprecia\u00e7\u00e3o da mat\u00e9ria no Plen\u00e1rio.\" contenteditable=\"false\" data-toggle=\"tooltip\" data-placement=\"top\">car\u00e1ter conclusivo<\/span>, das comiss\u00f5es de Defesa dos Direitos das Pessoas com Defici\u00eancia; e de Constitui\u00e7\u00e3o e Justi\u00e7a e de Cidadania. Para virar lei, precisa ser aprovada pela C\u00e2mara dos Deputados e pelo Senado Federal.<\/p>\n<p style=\"font-size: 0.8rem; font-weight: 700;\">Reportagem \u2013 Francisco Brand\u00e3o<br \/>Edi\u00e7\u00e3o \u2013 Marcelo Oliveira<\/p>\n<\/p><\/div>\n<p><\/a><\/p>\n<p>Fonte: www.camara.leg.br<\/p>\n","protected":false},"excerpt":{"rendered":"<p>15\/09\/2025 &#8211; 11:25 \u00a0 Renato Ara\u00fajo\/C\u00e2mara dos Deputados Erika Kokay: legenda descritiva \u00e9 medida de acessibilidade A Comiss\u00e3o de Cultura da C\u00e2mara dos Deputados aprovou o Projeto de Lei\u00a0 834\/25, do deputado Lindbergh Farias (PT-RJ), que determina que ao menos 50% das sess\u00f5es de filmes brasileiros exibidas em salas de cinema tenham legenda descritiva em [&hellip;]<\/p>\n","protected":false},"author":3,"featured_media":4114,"comment_status":"open","ping_status":"open","sticky":false,"template":"","format":"standard","meta":{"advanced_seo_description":"","jetpack_seo_html_title":"","jetpack_seo_noindex":false,"fifu_image_url":"https:\/\/www.camara.leg.br\/midias\/image\/2025\/09\/img20250805115505110-768x473.jpg","fifu_image_alt":"","_jetpack_memberships_contains_paid_content":false,"footnotes":"","jetpack_publicize_message":"","jetpack_publicize_feature_enabled":true,"jetpack_social_post_already_shared":true,"jetpack_social_options":{"image_generator_settings":{"template":"highway","default_image_id":0,"font":"","enabled":false},"version":2}},"categories":[106,1],"tags":[],"class_list":{"0":"post-4113","1":"post","2":"type-post","3":"status-publish","4":"format-standard","5":"has-post-thumbnail","7":"category-politica","8":"category-uncategorized"},"jetpack_publicize_connections":[],"jetpack_featured_media_url":"https:\/\/i0.wp.com\/www.camara.leg.br\/midias\/image\/2025\/09\/img20250805115505110-768x473.jpg?fit=%2C&ssl=1","jetpack_sharing_enabled":true,"jetpack-related-posts":[],"_links":{"self":[{"href":"https:\/\/friburgonoticias.com.br\/temp\/wp-json\/wp\/v2\/posts\/4113","targetHints":{"allow":["GET"]}}],"collection":[{"href":"https:\/\/friburgonoticias.com.br\/temp\/wp-json\/wp\/v2\/posts"}],"about":[{"href":"https:\/\/friburgonoticias.com.br\/temp\/wp-json\/wp\/v2\/types\/post"}],"author":[{"embeddable":true,"href":"https:\/\/friburgonoticias.com.br\/temp\/wp-json\/wp\/v2\/users\/3"}],"replies":[{"embeddable":true,"href":"https:\/\/friburgonoticias.com.br\/temp\/wp-json\/wp\/v2\/comments?post=4113"}],"version-history":[{"count":0,"href":"https:\/\/friburgonoticias.com.br\/temp\/wp-json\/wp\/v2\/posts\/4113\/revisions"}],"wp:featuredmedia":[{"embeddable":true,"href":"https:\/\/friburgonoticias.com.br\/temp\/wp-json\/wp\/v2\/media\/4114"}],"wp:attachment":[{"href":"https:\/\/friburgonoticias.com.br\/temp\/wp-json\/wp\/v2\/media?parent=4113"}],"wp:term":[{"taxonomy":"category","embeddable":true,"href":"https:\/\/friburgonoticias.com.br\/temp\/wp-json\/wp\/v2\/categories?post=4113"},{"taxonomy":"post_tag","embeddable":true,"href":"https:\/\/friburgonoticias.com.br\/temp\/wp-json\/wp\/v2\/tags?post=4113"}],"curies":[{"name":"wp","href":"https:\/\/api.w.org\/{rel}","templated":true}]}}