{"id":4148,"date":"2025-09-16T13:22:41","date_gmt":"2025-09-16T13:22:41","guid":{"rendered":"https:\/\/friburgonoticias.com.br\/temp\/2025\/09\/16\/comissao-aprova-tipificacao-do-estelionato-sentimental-e-punicao-especifica-para-o-crime-noticias\/"},"modified":"2025-09-16T13:22:41","modified_gmt":"2025-09-16T13:22:41","slug":"comissao-aprova-tipificacao-do-estelionato-sentimental-e-punicao-especifica-para-o-crime-noticias","status":"publish","type":"post","link":"https:\/\/friburgonoticias.com.br\/temp\/2025\/09\/16\/comissao-aprova-tipificacao-do-estelionato-sentimental-e-punicao-especifica-para-o-crime-noticias\/","title":{"rendered":"Comiss\u00e3o aprova tipifica\u00e7\u00e3o do estelionato sentimental e puni\u00e7\u00e3o espec\u00edfica para o crime &#8211; Not\u00edcias"},"content":{"rendered":"<p><\/p>\n<div>\n<div>\n<p class=\"g-artigo__data-hora\">\n                      16\/09\/2025 &#8211; 10:03 \u00a0\n                    <\/p>\n<div id=\"image-container-1200307\" class=\"image-container\" style=\"float: none; margin: 45px 0px; width: 100%;\" data-midia=\"1200307\">\n        <em>Kayo Magalh\u00e3es\/C\u00e2mara dos Deputados<\/em><\/p>\n<p>        Erika Kokay: crime causa danos psicol\u00f3gicos severos \u00e0s v\u00edtimas\n        <\/p><\/div>\n<p>        A Comiss\u00e3o de Defesa dos Direitos da Mulher da C\u00e2mara dos Deputados aprovou projeto que tipifica o estelionato sentimental como crime de alto potencial ofensivo, tornando-o um delito separado e aumentando sua pena. A proposta define esse tipo de estelionato como a simula\u00e7\u00e3o de um relacionamento amoroso para obter vantagem econ\u00f4mica ou material da v\u00edtima.<br \/>\n        A pena prevista \u00e9 de <span id=\"4303\" class=\"termoGlossario\" title=\"A reclus\u00e3o \u00e9 a mais severa entre as penas privativas de liberdade. Destina-se a crimes dolosos (com inten\u00e7\u00e3o).\" contenteditable=\"false\" data-toggle=\"tooltip\" data-placement=\"top\">reclus\u00e3o<\/span> de tr\u00eas a oito anos e multa. A san\u00e7\u00e3o ser\u00e1 aumentada em 1\/3 se o estelionat\u00e1rio fizer uso de perfis falsos em redes sociais ou aplicativos de relacionamentos para a pr\u00e1tica do crime. Se cometido contra pessoa idosa, a pena para o crime ser\u00e1 de reclus\u00e3o de quatro a dez anos.<br \/>\n        Foi aprovado o <span id=\"4098\" class=\"termoGlossario\" title=\"Nome que se d\u00e1 ao texto que altera substancialmente o conte\u00fado original da proposta. O substitutivo \u00e9 apresentado pelo relator e tem prefer\u00eancia na vota\u00e7\u00e3o sobre o projeto original.\" contenteditable=\"false\" data-toggle=\"tooltip\" data-placement=\"top\">substitutivo<\/span> da relatora, deputada Erika Kokay (PT-DF), ao <a class=\"linkProposicao\" href=\"https:\/\/www.camara.leg.br\/noticias\/1133882-projeto-tipifica-estelionato-sentimental-e-preve-punicao-especifica\">Projeto de Lei 69\/25<\/a>, da deputada Socorro Neri (PP-AC) e <a href=\"https:\/\/www.camara.leg.br\/proposicoesWeb\/prop_autores?idProposicao=2482276\">outras dez parlamentares<\/a>. O texto de Erika Kokay apenas faz ajustes de t\u00e9cnica legislativa.<\/p>\n<p>        \u201cNa medida em que a fraude ou a simula\u00e7\u00e3o podem ser consideradas tipos de viol\u00eancia contra a mulher, que causam danos psicol\u00f3gicos e materiais profundos na v\u00edtima, entendemos ser correto que a <a href=\"https:\/\/www2.camara.leg.br\/legin\/fed\/lei\/2006\/lei-11340-7-agosto-2006-545133-norma-pl.html\">Lei Maria da Penha<\/a> passe a incluir o estelionato sentimental como uma das formas de viol\u00eancia contra a mulher\u201d, disse a relatora, ao defender a aprova\u00e7\u00e3o da proposta.<br \/>\n        Al\u00e9m da Lei Maria da Penha, o projeto altera o <a class=\"linkLegislacao\" href=\"https:\/\/www2.camara.gov.br\/legin\/fed\/declei\/1940-1949\/decreto-lei-2848-7-dezembro-1940-412868-norma-pe.html\">C\u00f3digo Penal,<\/a> para incluir o crime separadamente do estelionato comum, e o\u00a0<a class=\"linkLegislacao\" href=\"https:\/\/www2.camara.gov.br\/legin\/fed\/lei\/2003\/lei-10741-1-outubro-2003-497511-norma-pl.html\">Estatuto da Pessoa Idosa<\/a>.<br \/>\n        Socorro Neri afirmou que o estelionato sentimental \u00e9 \u201cuma praga\u201d e representa um dos delitos emocionalmente mais devastadores da atualidade.<br \/>\n        <strong>Pr\u00f3ximos passos<\/strong><br \/>O projeto ser\u00e1 analisado ainda pelas comiss\u00f5es de Defesa dos Direitos da Pessoa Idosa; e de Constitui\u00e7\u00e3o e Justi\u00e7a e de Cidadania, antes de ser votado pelo Plen\u00e1rio da C\u00e2mara.<br \/>\n        Para virar lei, precisa ser aprovado pela C\u00e2mara e pelo Senado.<\/p>\n<p>        \u00a0<br \/>\n        \u00a0<br \/>\n        <iframe class=\"infografico-container\" style=\"width: 100%; height: 100%;\" src=\"https:\/\/www.camara.leg.br\/internet\/agencia\/infograficos-html5\/violencia-contra-a-mulher-2024\/index.html\" frameborder=\"0\" data-mce-fragment=\"1\"><\/iframe><br \/>\n        \u00a0<br \/>\n        \u00a0<\/p>\n<p style=\"font-size: 0.8rem; font-weight: 700;\">Reportagem \u2013 No\u00e9li Nobre<br \/>Edi\u00e7\u00e3o \u2013 Marcelo Oliveira<\/p>\n<\/p><\/div>\n<\/p><\/div>\n<p><\/a><\/p>\n<p>Fonte: www.camara.leg.br<\/p>\n","protected":false},"excerpt":{"rendered":"<p>16\/09\/2025 &#8211; 10:03 \u00a0 Kayo Magalh\u00e3es\/C\u00e2mara dos Deputados Erika Kokay: crime causa danos psicol\u00f3gicos severos \u00e0s v\u00edtimas A Comiss\u00e3o de Defesa dos Direitos da Mulher da C\u00e2mara dos Deputados aprovou projeto que tipifica o estelionato sentimental como crime de alto potencial ofensivo, tornando-o um delito separado e aumentando sua pena. A proposta define esse tipo [&hellip;]<\/p>\n","protected":false},"author":3,"featured_media":4149,"comment_status":"open","ping_status":"open","sticky":false,"template":"","format":"standard","meta":{"advanced_seo_description":"","jetpack_seo_html_title":"","jetpack_seo_noindex":false,"fifu_image_url":"https:\/\/www.camara.leg.br\/midias\/image\/2025\/09\/img20250828151650140-768x473.jpg","fifu_image_alt":"","_jetpack_memberships_contains_paid_content":false,"footnotes":"","jetpack_publicize_message":"","jetpack_publicize_feature_enabled":true,"jetpack_social_post_already_shared":true,"jetpack_social_options":{"image_generator_settings":{"template":"highway","default_image_id":0,"font":"","enabled":false},"version":2}},"categories":[106,1],"tags":[],"class_list":{"0":"post-4148","1":"post","2":"type-post","3":"status-publish","4":"format-standard","5":"has-post-thumbnail","7":"category-politica","8":"category-uncategorized"},"jetpack_publicize_connections":[],"jetpack_featured_media_url":"https:\/\/i0.wp.com\/www.camara.leg.br\/midias\/image\/2025\/09\/img20250828151650140-768x473.jpg?fit=%2C&ssl=1","jetpack_sharing_enabled":true,"jetpack-related-posts":[],"_links":{"self":[{"href":"https:\/\/friburgonoticias.com.br\/temp\/wp-json\/wp\/v2\/posts\/4148","targetHints":{"allow":["GET"]}}],"collection":[{"href":"https:\/\/friburgonoticias.com.br\/temp\/wp-json\/wp\/v2\/posts"}],"about":[{"href":"https:\/\/friburgonoticias.com.br\/temp\/wp-json\/wp\/v2\/types\/post"}],"author":[{"embeddable":true,"href":"https:\/\/friburgonoticias.com.br\/temp\/wp-json\/wp\/v2\/users\/3"}],"replies":[{"embeddable":true,"href":"https:\/\/friburgonoticias.com.br\/temp\/wp-json\/wp\/v2\/comments?post=4148"}],"version-history":[{"count":0,"href":"https:\/\/friburgonoticias.com.br\/temp\/wp-json\/wp\/v2\/posts\/4148\/revisions"}],"wp:featuredmedia":[{"embeddable":true,"href":"https:\/\/friburgonoticias.com.br\/temp\/wp-json\/wp\/v2\/media\/4149"}],"wp:attachment":[{"href":"https:\/\/friburgonoticias.com.br\/temp\/wp-json\/wp\/v2\/media?parent=4148"}],"wp:term":[{"taxonomy":"category","embeddable":true,"href":"https:\/\/friburgonoticias.com.br\/temp\/wp-json\/wp\/v2\/categories?post=4148"},{"taxonomy":"post_tag","embeddable":true,"href":"https:\/\/friburgonoticias.com.br\/temp\/wp-json\/wp\/v2\/tags?post=4148"}],"curies":[{"name":"wp","href":"https:\/\/api.w.org\/{rel}","templated":true}]}}