{"id":4150,"date":"2025-09-16T15:04:55","date_gmt":"2025-09-16T15:04:55","guid":{"rendered":"https:\/\/friburgonoticias.com.br\/temp\/2025\/09\/16\/treta-da-regulamentacao-do-airbnb-ganha-novo-capitulo-na-camara-do-rio\/"},"modified":"2025-09-16T15:04:55","modified_gmt":"2025-09-16T15:04:55","slug":"treta-da-regulamentacao-do-airbnb-ganha-novo-capitulo-na-camara-do-rio","status":"publish","type":"post","link":"https:\/\/friburgonoticias.com.br\/temp\/2025\/09\/16\/treta-da-regulamentacao-do-airbnb-ganha-novo-capitulo-na-camara-do-rio\/","title":{"rendered":"Treta da regulamenta\u00e7\u00e3o do Airbnb ganha novo cap\u00edtulo na C\u00e2mara do\u00a0Rio"},"content":{"rendered":"<p><\/p>\n<div itemprop=\"articleBody\">\nA <a href=\"https:\/\/www.camara.rio\/\" target=\"_blank\" rel=\"noopener\">C\u00e2mara Municipal do Rio <\/a>tem, nesta ter\u00e7a-feira (16), mais um cap\u00edtulo na <a href=\"https:\/\/temporealrj.com\/regulamentacao-do-airbnb-denuncias-de-desordem-em-predios-de-copacabana-acendem-debate-na-camara\/\">treta da regulamenta\u00e7\u00e3o das plataformas como o Airbnb<\/a>. A audi\u00eancia p\u00fablica foi convocada pelo presidente da Comiss\u00e3o do Servidor P\u00fablico, J\u00fanior da Lucinha (PSD) e Pedro Duarte (Novo).<\/p>\n<p>As galerias foram ocupadas por apoiadores das plataformas contra o projeto. Na tribuna, se revezaram representantes da rede hoteleira defendendo a regulamenta\u00e7\u00e3o e associa\u00e7\u00f5es de propriet\u00e1rios de im\u00f3veis utilizados nas hospedagens, contr\u00e1rios ao projeto.<\/p>\n<p>O clima j\u00e1 come\u00e7ou tenso com o discurso de Salvino Oliveira (PSD), autor do projeto de regulamenta\u00e7\u00e3o das plataformas. Ele defendeu a cria\u00e7\u00e3o de regras para o segmento.<\/p>\n<p>\u201cS\u00e3o empresas que movimentam bilh\u00f5es por ano. \u00c9 claro que s\u00e3o importantes, mas precisam seguir regras, como qualquer atividade econ\u00f4mica. Se for assim, vamos liberar tudo. Vamos liberar o camel\u00f4\u201d, disparou, sob vaias dos apoiadores.<\/p>\n<p>A audi\u00eancia de hoje j\u00e1 come\u00e7ou pol\u00eamica, por ter sido convocada por dois membros da comiss\u00e3o especial criada para tratar do tema, presidida por Salvino, sem combinar a jogada com os demais colegas, que n\u00e3o escondem a insatisfa\u00e7\u00e3o com a trai\u00e7\u00e3o.<\/p>\n<p>Presidindo a sess\u00e3o, J\u00fanior da Lucinha afirmou que \u201co projeto \u00e9 praticamente para acabar com a loca\u00e7\u00e3o por temporada. Tem que ser uma regulamenta\u00e7\u00e3o justa. N\u00e3o estamos nos furtando a discutir.\u201d<\/p>\n<p>Assumindo o papel de moderador dos \u00e2nimos, o l\u00edder do governo, M\u00e1rcio Ribeiro (PSD), defendeu a cria\u00e7\u00e3o de regras e o di\u00e1logo.<\/p>\n<p>\u201cSou super favor\u00e1vel \u00e0 loca\u00e7\u00e3o por temporada. Mas, ao mesmo tempo, me preocupa muito as loca\u00e7\u00f5es seguirem com os padr\u00f5es que elas est\u00e3o hoje. E a\u00ed vemos a import\u00e2ncia do projeto do vereador Salvino. Temos que abordar temas que s\u00e3o importantes. A rede hoteleira tem obriga\u00e7\u00e3o de passar informa\u00e7\u00e3o ao poder p\u00fablico. N\u00e3o \u00e9 criar burocracia, mas criar um entendimento\u201d,\u00a0afirmou.<\/p>\n<h2 class=\"wp-block-heading\"><strong>Debate sobre a regulamenta\u00e7\u00e3o do Airbnb<\/strong><\/h2>\n<p>Esta n\u00e3o \u00e9 a primeira vez que a proposta \u00e9 debatida no Pal\u00e1cio Pedro Ernesto. Desde o in\u00edcio do ano, a comiss\u00e3o se re\u00fane para analisar o projeto de regulamenta\u00e7\u00e3o do Airbnb,<a href=\"https:\/\/temporealrj.com\/regulamentacao-do-airbnb-projeto-parecido-ja-foi-arquivado-pela-camara-em-2019\/\"> apresentado por Salvino em 17 de fevereiro<\/a> com o objetivo de aumentar a seguran\u00e7a nos condom\u00ednios e regularizar o setor.<\/p>\n<p>A proposta prev\u00ea medidas como cadastro obrigat\u00f3rio de h\u00f3spedes, pagamento de ISS pelas plataformas e licenciamento dos propriet\u00e1rios junto \u00e0 prefeitura. O texto,<a href=\"https:\/\/temporealrj.com\/rede-hoteleira-e-proprietarios-travam-nova-disputa-sobre-regulamentacao-do-airbnb\/\"> j\u00e1 debatido em outras audi\u00eancias p\u00fablicas<\/a>, foi alterado ap\u00f3s cr\u00edticas de representantes contr\u00e1rios \u00e0 regulamenta\u00e7\u00e3o.\n<\/div>\n<p><\/a><\/p>\n<p>Fonte: temporealrj.com<\/p>\n","protected":false},"excerpt":{"rendered":"<p>A C\u00e2mara Municipal do Rio tem, nesta ter\u00e7a-feira (16), mais um cap\u00edtulo na treta da regulamenta\u00e7\u00e3o das plataformas como o Airbnb. A audi\u00eancia p\u00fablica foi convocada pelo presidente da Comiss\u00e3o do Servidor P\u00fablico, J\u00fanior da Lucinha (PSD) e Pedro Duarte (Novo). As galerias foram ocupadas por apoiadores das plataformas contra o projeto. Na tribuna, se [&hellip;]<\/p>\n","protected":false},"author":3,"featured_media":4151,"comment_status":"open","ping_status":"open","sticky":false,"template":"","format":"standard","meta":{"advanced_seo_description":"","jetpack_seo_html_title":"","jetpack_seo_noindex":false,"fifu_image_url":"https:\/\/temporealrj.com\/wp-content\/uploads\/2025\/09\/Imagem-do-WhatsApp-de-2025-09-16-as-11.29.36_cd4cdcb7-e1758033181528.jpg","fifu_image_alt":"","_jetpack_memberships_contains_paid_content":false,"footnotes":"","jetpack_publicize_message":"","jetpack_publicize_feature_enabled":true,"jetpack_social_post_already_shared":true,"jetpack_social_options":{"image_generator_settings":{"template":"highway","default_image_id":0,"font":"","enabled":false},"version":2}},"categories":[107],"tags":[],"class_list":{"0":"post-4150","1":"post","2":"type-post","3":"status-publish","4":"format-standard","5":"has-post-thumbnail","7":"category-economia"},"jetpack_publicize_connections":[],"jetpack_featured_media_url":"https:\/\/i0.wp.com\/temporealrj.com\/wp-content\/uploads\/2025\/09\/Imagem-do-WhatsApp-de-2025-09-16-as-11.29.36_cd4cdcb7-e1758033181528.jpg?fit=%2C&ssl=1","jetpack_sharing_enabled":true,"jetpack-related-posts":[],"_links":{"self":[{"href":"https:\/\/friburgonoticias.com.br\/temp\/wp-json\/wp\/v2\/posts\/4150","targetHints":{"allow":["GET"]}}],"collection":[{"href":"https:\/\/friburgonoticias.com.br\/temp\/wp-json\/wp\/v2\/posts"}],"about":[{"href":"https:\/\/friburgonoticias.com.br\/temp\/wp-json\/wp\/v2\/types\/post"}],"author":[{"embeddable":true,"href":"https:\/\/friburgonoticias.com.br\/temp\/wp-json\/wp\/v2\/users\/3"}],"replies":[{"embeddable":true,"href":"https:\/\/friburgonoticias.com.br\/temp\/wp-json\/wp\/v2\/comments?post=4150"}],"version-history":[{"count":0,"href":"https:\/\/friburgonoticias.com.br\/temp\/wp-json\/wp\/v2\/posts\/4150\/revisions"}],"wp:featuredmedia":[{"embeddable":true,"href":"https:\/\/friburgonoticias.com.br\/temp\/wp-json\/wp\/v2\/media\/4151"}],"wp:attachment":[{"href":"https:\/\/friburgonoticias.com.br\/temp\/wp-json\/wp\/v2\/media?parent=4150"}],"wp:term":[{"taxonomy":"category","embeddable":true,"href":"https:\/\/friburgonoticias.com.br\/temp\/wp-json\/wp\/v2\/categories?post=4150"},{"taxonomy":"post_tag","embeddable":true,"href":"https:\/\/friburgonoticias.com.br\/temp\/wp-json\/wp\/v2\/tags?post=4150"}],"curies":[{"name":"wp","href":"https:\/\/api.w.org\/{rel}","templated":true}]}}